{"id":8133,"date":"2025-08-29T08:38:39","date_gmt":"2025-08-29T06:38:39","guid":{"rendered":"https:\/\/ks-cs.ch\/?p=8133"},"modified":"2025-09-01T16:24:17","modified_gmt":"2025-09-01T14:24:17","slug":"48-nuovi-specialisti-in-comunicazione-ottengono-lattestato-professionale-federale","status":"publish","type":"post","link":"https:\/\/ks-cs.ch\/it\/48-nuovi-specialisti-in-comunicazione-ottengono-lattestato-professionale-federale\/","title":{"rendered":"48 nuovi specialisti in comunicazione ottengono l&#8217;attestato professionale federale"},"content":{"rendered":"<figure id=\"attachment_8124\" aria-describedby=\"caption-attachment-8124\" style=\"width: 840px\" class=\"wp-caption aligncenter\"><img decoding=\"async\" class=\"wp-image-8124 size-large\" src=\"https:\/\/ks-cs.ch\/wp-content\/uploads\/2025\/08\/KS_CS_Diplomfeier_2025-1024x683.jpg\" alt=\"\" width=\"840\" height=\"560\" srcset=\"https:\/\/ks-cs.ch\/wp-content\/uploads\/2025\/08\/KS_CS_Diplomfeier_2025-1024x683.jpg 1024w, https:\/\/ks-cs.ch\/wp-content\/uploads\/2025\/08\/KS_CS_Diplomfeier_2025-300x200.jpg 300w, https:\/\/ks-cs.ch\/wp-content\/uploads\/2025\/08\/KS_CS_Diplomfeier_2025-768x512.jpg 768w, https:\/\/ks-cs.ch\/wp-content\/uploads\/2025\/08\/KS_CS_Diplomfeier_2025-1536x1024.jpg 1536w, https:\/\/ks-cs.ch\/wp-content\/uploads\/2025\/08\/KS_CS_Diplomfeier_2025-2048x1365.jpg 2048w, https:\/\/ks-cs.ch\/wp-content\/uploads\/2025\/08\/KS_CS_Diplomfeier_2025-350x233.jpg 350w, https:\/\/ks-cs.ch\/wp-content\/uploads\/2025\/08\/KS_CS_Diplomfeier_2025-scaled.jpg 2560w\" sizes=\"(max-width: 840px) 100vw, 840px\" \/><figcaption id=\"caption-attachment-8124\" class=\"wp-caption-text\">I migliori dell&#8217;esame professionale di quest&#8217;anno (da sinistra a destra): Pablo Rial D\u00edaz ed Jean Fabien Eckert (entrambi con voto 5,3) e Ana\u00efs Reine Yvonne Beatrice Marceau (voto 5,5).<\/figcaption><\/figure>\n<p>La cerimonia di consegna dei diplomi non \u00e8 stata solo la conclusione festosa di una formazione istruttiva e di un intenso periodo di studio, ma anche un forte segnale orientato al futuro per la qualit\u00e0 della formazione professionale superiore in Svizzera. Con un tasso di successo dell&#8217;80%, l&#8217;esame professionale di quest&#8217;anno \u00e8 nettamente superiore alla media svizzera degli esami professionali federali. Molti dei diplomati hanno sottolineato come il certificato professionale abbia aperto loro nuove prospettive di carriera.<\/p>\n<p style=\"padding-left: 40px;\"><em>\u00abQuesto diploma ha reso la mia visione della comunicazione pi\u00f9 strategica e mi ha rafforzato non solo professionalmente, ma anche personalmente\u00bb.<\/em><br \/>\n\u2013 Stefania Maggiori, diplomata nel 2025<\/p>\n<p><strong>La formazione orientata alla pratica convince i datori di lavoro<\/strong><br \/>\nIl certificato professionale crea prospettive professionali e apre le porte a nuovi settori industriali. Ma offre anche un&#8217;alternativa alla carriera accademica, in particolare per i professionisti che desiderano continuare la loro formazione parallelamente alla loro attivit\u00e0 professionale. I certificati professionali federali sono un segnale importante per le agenzie e i committenti: gli esami sono sinonimo di competenza consolidata, conoscenze metodologiche e capacit\u00e0 di realizzare progetti di comunicazione in modo efficace e responsabile.<\/p>\n<p style=\"padding-left: 40px;\"><em>\u00abHo consapevolmente deciso di non seguire un CAS e di optare invece per il certificato professionale federale, perch\u00e9 \u00e8 orientato alla pratica, parallelo all&#8217;attivit\u00e0 lavorativa, sostenuto dallo Stato e, soprattutto, immediatamente applicabile.\u00bb<\/em><br \/>\n\u2013 Ana\u00efs Marceau, diplomata nel 2025.<\/p>\n<p>Il vantaggio della formazione orientata alla pratica consente ai professionisti di continuare a lavorare, approfondire le loro conoscenze e applicarle direttamente, ottenendo in cambio un diploma riconosciuto a livello federale.<\/p>\n<p><strong>KS\/CS Comunicazione Svizzera si impegna anche a livello politico in qualit\u00e0 di ente esaminatore<\/strong><br \/>\nIn qualit\u00e0 di organizzazione nazionale di esame, KS\/CS Comunicazione Svizzera si impegna anche a rafforzare la formazione professionale a livello politico. Ad esempio, con l&#8217;introduzione dei titoli inglesi \u00abProfessional Bachelor\u00bb e \u00abProfessional Master\u00bb per i diplomi di formazione professionale superiore. Una <a href=\"https:\/\/ks-cs.ch\/it\/?p=5264\">mozione sull&#8217;equivalenza dei titoli<\/a> \u00e8 all&#8217;ordine del giorno della prossima sessione autunnale delle Camere federali.<\/p>\n<p style=\"padding-left: 40px;\"><em>\u00abUn&#8217;idea forte. Molti non possono permettersi di studiare o non possono prendersi una pausa dal lavoro. Il titolo \u00abProfessional Bachelor\u00bb conferisce alla pratica il valore che merita\u00bb<\/em>, sottolinea il laureato Pablo Rial Diaz.<\/p>\n<p><strong>Prossimo obiettivo di carriera: responsabile della comunicazione con esame professionale superiore<\/strong><br \/>\nIl certificato professionale non \u00e8 un punto di arrivo, ma un trampolino di lancio. I laureati possono raggiungere il livello successivo con l&#8217;esame professionale superiore, arrivando a ricoprire posizioni dirigenziali e di gestione. Il settore ha bisogno di personale qualificato in grado di soddisfare le crescenti esigenze in materia di comunicazione, digitalizzazione e responsabilit\u00e0. Il certificato professionale federale costituisce proprio la base per questo.<\/p>\n<p style=\"padding-left: 40px;\"><em>\u00abLa qualit\u00e0 della formazione e dell&#8217;esame \u00e8 stata molto alta, in particolare l&#8217;organizzazione dell&#8217;esame merita grandi elogi. Il livello richiesto era pi\u00f9 che giustificato, ma comunque sostenibile.\u00bb<\/em>, ha sottolineato Patricia Podoleanu.<\/p>\n<p><strong>Gli sponsor della cerimonia dimostrano il loro apprezzamento<\/strong><br \/>\nLa cerimonia di consegna dei diplomi di quest&#8217;anno \u00e8 stata sostenuta, oltre che da docenti, esperti d&#8217;esame e istituzioni, anche da partner di lunga data. Faber-Castell ha regalato ai diplomati eleganti strumenti di scrittura. I tre migliori diplomati potranno godersi un weekend esclusivo all&#8217;Hotel Belvedere di Locarno. L&#8217;Associazione svizzera dei committenti pubblicitari e l&#8217;azienda Shareforce sostengono con forza la formazione professionale, contribuendo cos\u00ec al rafforzamento dell&#8217;intero settore.<\/p>\n<p><strong>Richieste dei media: <\/strong><\/p>\n<p>Vera Baldo-Tschan<br \/>\nResponsabile Affari pubblici e comunicazione<br \/>\n<a href=\"mailto:baldo-tschan@ks-cs.ch\">baldo-tschan@ks-cs.ch<\/a><br \/>\n+41 79 586 66 36<\/p>\n","protected":false},"excerpt":{"rendered":"<p>Bienne, 28 agosto 2025. Tanti volti raggianti e un traguardo comune: 48 nuovi specialisti in comunicazione hanno ricevuto il loro attestato professionale federale nella Farelhaus di Bienne. Il settore pubblicitario pu\u00f2 rallegrarsi per l&#8217;aumento di esperti qualificati in tutte e tre le regioni linguistiche. <\/p>\n","protected":false},"author":5,"featured_media":0,"comment_status":"closed","ping_status":"open","sticky":false,"template":"","format":"standard","meta":{"content-type":"","footnotes":""},"categories":[29],"tags":[],"class_list":["post-8133","post","type-post","status-publish","format-standard","hentry","category-comunicato-stampa"],"yoast_head":"<!-- This site is optimized with the Yoast SEO plugin v27.4 - https:\/\/yoast.com\/product\/yoast-seo-wordpress\/ -->\n<title>48 nuovi specialisti in comunicazione ottengono l&#039;attestato professionale federale - KS\/CS Comunicazione Svizzera<\/title>\n<meta name=\"description\" content=\"48 nuovi specialisti in comunicazione hanno ricevuto il loro attestato professionale federale nella Farelhaus di Bienne. Il settore pubblicitario pu\u00f2 rallegrarsi per l&#039;aumento di esperti qualificati in tutte e tre le regioni linguistiche.\" \/>\n<meta name=\"robots\" content=\"index, follow, max-snippet:-1, max-image-preview:large, max-video-preview:-1\" \/>\n<link rel=\"canonical\" href=\"https:\/\/ks-cs.ch\/it\/48-nuovi-specialisti-in-comunicazione-ottengono-lattestato-professionale-federale\/\" \/>\n<meta property=\"og:locale\" content=\"it_IT\" \/>\n<meta property=\"og:type\" content=\"article\" \/>\n<meta property=\"og:title\" content=\"48 nuovi specialisti in comunicazione ottengono l&#039;attestato professionale federale - KS\/CS Comunicazione Svizzera\" \/>\n<meta property=\"og:description\" content=\"48 nuovi specialisti in comunicazione hanno ricevuto il loro attestato professionale federale nella Farelhaus di Bienne. Il settore pubblicitario pu\u00f2 rallegrarsi per l&#039;aumento di esperti qualificati in tutte e tre le regioni linguistiche.\" \/>\n<meta property=\"og:url\" content=\"https:\/\/ks-cs.ch\/it\/48-nuovi-specialisti-in-comunicazione-ottengono-lattestato-professionale-federale\/\" \/>\n<meta property=\"og:site_name\" content=\"KS\/CS Comunicazione Svizzera\" \/>\n<meta property=\"article:published_time\" content=\"2025-08-29T06:38:39+00:00\" \/>\n<meta property=\"article:modified_time\" content=\"2025-09-01T14:24:17+00:00\" \/>\n<meta property=\"og:image\" content=\"https:\/\/ks-cs.ch\/wp-content\/uploads\/2025\/08\/KS_CS_Diplomfeier_2025-scaled.jpg\" \/>\n\t<meta property=\"og:image:width\" content=\"2560\" \/>\n\t<meta property=\"og:image:height\" content=\"1707\" \/>\n\t<meta property=\"og:image:type\" content=\"image\/jpeg\" \/>\n<meta name=\"author\" content=\"Hendrik Fischer\" \/>\n<meta name=\"twitter:card\" content=\"summary_large_image\" \/>\n<meta name=\"twitter:label1\" content=\"Scritto da\" \/>\n\t<meta name=\"twitter:data1\" content=\"Hendrik Fischer\" \/>\n\t<meta name=\"twitter:label2\" content=\"Tempo di lettura stimato\" \/>\n\t<meta name=\"twitter:data2\" content=\"4 minuti\" \/>\n<script type=\"application\/ld+json\" class=\"yoast-schema-graph\">{\"@context\":\"https:\\\/\\\/schema.org\",\"@graph\":[{\"@type\":\"Article\",\"@id\":\"https:\\\/\\\/ks-cs.ch\\\/it\\\/48-nuovi-specialisti-in-comunicazione-ottengono-lattestato-professionale-federale\\\/#article\",\"isPartOf\":{\"@id\":\"https:\\\/\\\/ks-cs.ch\\\/it\\\/48-nuovi-specialisti-in-comunicazione-ottengono-lattestato-professionale-federale\\\/\"},\"author\":{\"name\":\"Hendrik Fischer\",\"@id\":\"https:\\\/\\\/ks-cs.ch\\\/it\\\/#\\\/schema\\\/person\\\/757c9eea7858086d44d1a415e371e005\"},\"headline\":\"48 nuovi specialisti in comunicazione ottengono l&#8217;attestato professionale federale\",\"datePublished\":\"2025-08-29T06:38:39+00:00\",\"dateModified\":\"2025-09-01T14:24:17+00:00\",\"mainEntityOfPage\":{\"@id\":\"https:\\\/\\\/ks-cs.ch\\\/it\\\/48-nuovi-specialisti-in-comunicazione-ottengono-lattestato-professionale-federale\\\/\"},\"wordCount\":587,\"publisher\":{\"@id\":\"https:\\\/\\\/ks-cs.ch\\\/it\\\/#organization\"},\"image\":{\"@id\":\"https:\\\/\\\/ks-cs.ch\\\/it\\\/48-nuovi-specialisti-in-comunicazione-ottengono-lattestato-professionale-federale\\\/#primaryimage\"},\"thumbnailUrl\":\"https:\\\/\\\/ks-cs.ch\\\/wp-content\\\/uploads\\\/2025\\\/08\\\/KS_CS_Diplomfeier_2025-1024x683.jpg\",\"articleSection\":[\"Comunicato stampa\"],\"inLanguage\":\"it-IT\"},{\"@type\":\"WebPage\",\"@id\":\"https:\\\/\\\/ks-cs.ch\\\/it\\\/48-nuovi-specialisti-in-comunicazione-ottengono-lattestato-professionale-federale\\\/\",\"url\":\"https:\\\/\\\/ks-cs.ch\\\/it\\\/48-nuovi-specialisti-in-comunicazione-ottengono-lattestato-professionale-federale\\\/\",\"name\":\"48 nuovi specialisti in comunicazione ottengono l'attestato professionale federale - KS\\\/CS Comunicazione Svizzera\",\"isPartOf\":{\"@id\":\"https:\\\/\\\/ks-cs.ch\\\/it\\\/#website\"},\"primaryImageOfPage\":{\"@id\":\"https:\\\/\\\/ks-cs.ch\\\/it\\\/48-nuovi-specialisti-in-comunicazione-ottengono-lattestato-professionale-federale\\\/#primaryimage\"},\"image\":{\"@id\":\"https:\\\/\\\/ks-cs.ch\\\/it\\\/48-nuovi-specialisti-in-comunicazione-ottengono-lattestato-professionale-federale\\\/#primaryimage\"},\"thumbnailUrl\":\"https:\\\/\\\/ks-cs.ch\\\/wp-content\\\/uploads\\\/2025\\\/08\\\/KS_CS_Diplomfeier_2025-1024x683.jpg\",\"datePublished\":\"2025-08-29T06:38:39+00:00\",\"dateModified\":\"2025-09-01T14:24:17+00:00\",\"description\":\"48 nuovi specialisti in comunicazione hanno ricevuto il loro attestato professionale federale nella Farelhaus di Bienne. Il settore pubblicitario pu\u00f2 rallegrarsi per l'aumento di esperti qualificati in tutte e tre le regioni linguistiche.\",\"breadcrumb\":{\"@id\":\"https:\\\/\\\/ks-cs.ch\\\/it\\\/48-nuovi-specialisti-in-comunicazione-ottengono-lattestato-professionale-federale\\\/#breadcrumb\"},\"inLanguage\":\"it-IT\",\"potentialAction\":[{\"@type\":\"ReadAction\",\"target\":[\"https:\\\/\\\/ks-cs.ch\\\/it\\\/48-nuovi-specialisti-in-comunicazione-ottengono-lattestato-professionale-federale\\\/\"]}]},{\"@type\":\"ImageObject\",\"inLanguage\":\"it-IT\",\"@id\":\"https:\\\/\\\/ks-cs.ch\\\/it\\\/48-nuovi-specialisti-in-comunicazione-ottengono-lattestato-professionale-federale\\\/#primaryimage\",\"url\":\"https:\\\/\\\/ks-cs.ch\\\/wp-content\\\/uploads\\\/2025\\\/08\\\/KS_CS_Diplomfeier_2025-1024x683.jpg\",\"contentUrl\":\"https:\\\/\\\/ks-cs.ch\\\/wp-content\\\/uploads\\\/2025\\\/08\\\/KS_CS_Diplomfeier_2025-1024x683.jpg\"},{\"@type\":\"BreadcrumbList\",\"@id\":\"https:\\\/\\\/ks-cs.ch\\\/it\\\/48-nuovi-specialisti-in-comunicazione-ottengono-lattestato-professionale-federale\\\/#breadcrumb\",\"itemListElement\":[{\"@type\":\"ListItem\",\"position\":1,\"name\":\"Home\",\"item\":\"https:\\\/\\\/ks-cs.ch\\\/it\\\/\"},{\"@type\":\"ListItem\",\"position\":2,\"name\":\"48 nuovi specialisti in comunicazione ottengono l&#8217;attestato professionale federale\"}]},{\"@type\":\"WebSite\",\"@id\":\"https:\\\/\\\/ks-cs.ch\\\/it\\\/#website\",\"url\":\"https:\\\/\\\/ks-cs.ch\\\/it\\\/\",\"name\":\"KS\\\/CS Kommunikation Schweiz\",\"description\":\"Associazione di comunicazione commerciale\",\"publisher\":{\"@id\":\"https:\\\/\\\/ks-cs.ch\\\/it\\\/#organization\"},\"potentialAction\":[{\"@type\":\"SearchAction\",\"target\":{\"@type\":\"EntryPoint\",\"urlTemplate\":\"https:\\\/\\\/ks-cs.ch\\\/it\\\/?s={search_term_string}\"},\"query-input\":{\"@type\":\"PropertyValueSpecification\",\"valueRequired\":true,\"valueName\":\"search_term_string\"}}],\"inLanguage\":\"it-IT\"},{\"@type\":\"Organization\",\"@id\":\"https:\\\/\\\/ks-cs.ch\\\/it\\\/#organization\",\"name\":\"KS\\\/CS Kommunikation Schweiz\",\"url\":\"https:\\\/\\\/ks-cs.ch\\\/it\\\/\",\"logo\":{\"@type\":\"ImageObject\",\"inLanguage\":\"it-IT\",\"@id\":\"https:\\\/\\\/ks-cs.ch\\\/it\\\/#\\\/schema\\\/logo\\\/image\\\/\",\"url\":\"https:\\\/\\\/ks-cs.ch\\\/wp-content\\\/uploads\\\/2022\\\/12\\\/Logo-Social-Media-1.jpg\",\"contentUrl\":\"https:\\\/\\\/ks-cs.ch\\\/wp-content\\\/uploads\\\/2022\\\/12\\\/Logo-Social-Media-1.jpg\",\"width\":709,\"height\":608,\"caption\":\"KS\\\/CS Kommunikation Schweiz\"},\"image\":{\"@id\":\"https:\\\/\\\/ks-cs.ch\\\/it\\\/#\\\/schema\\\/logo\\\/image\\\/\"},\"sameAs\":[\"https:\\\/\\\/www.linkedin.com\\\/company\\\/kommunikation-schweiz-communication-suisse-comunicazione-svizzera-communication-switzerland\\\/\"]},{\"@type\":\"Person\",\"@id\":\"https:\\\/\\\/ks-cs.ch\\\/it\\\/#\\\/schema\\\/person\\\/757c9eea7858086d44d1a415e371e005\",\"name\":\"Hendrik Fischer\",\"image\":{\"@type\":\"ImageObject\",\"inLanguage\":\"it-IT\",\"@id\":\"https:\\\/\\\/secure.gravatar.com\\\/avatar\\\/53cc83626804a21e731fe1b5f49d38c46710f65192dda8fbe5b5fe16ad0804b8?s=96&d=mm&r=g\",\"url\":\"https:\\\/\\\/secure.gravatar.com\\\/avatar\\\/53cc83626804a21e731fe1b5f49d38c46710f65192dda8fbe5b5fe16ad0804b8?s=96&d=mm&r=g\",\"contentUrl\":\"https:\\\/\\\/secure.gravatar.com\\\/avatar\\\/53cc83626804a21e731fe1b5f49d38c46710f65192dda8fbe5b5fe16ad0804b8?s=96&d=mm&r=g\",\"caption\":\"Hendrik Fischer\"}}]}<\/script>\n<!-- \/ Yoast SEO plugin. -->","yoast_head_json":{"title":"48 nuovi specialisti in comunicazione ottengono l'attestato professionale federale - KS\/CS Comunicazione Svizzera","description":"48 nuovi specialisti in comunicazione hanno ricevuto il loro attestato professionale federale nella Farelhaus di Bienne. Il settore pubblicitario pu\u00f2 rallegrarsi per l'aumento di esperti qualificati in tutte e tre le regioni linguistiche.","robots":{"index":"index","follow":"follow","max-snippet":"max-snippet:-1","max-image-preview":"max-image-preview:large","max-video-preview":"max-video-preview:-1"},"canonical":"https:\/\/ks-cs.ch\/it\/48-nuovi-specialisti-in-comunicazione-ottengono-lattestato-professionale-federale\/","og_locale":"it_IT","og_type":"article","og_title":"48 nuovi specialisti in comunicazione ottengono l'attestato professionale federale - KS\/CS Comunicazione Svizzera","og_description":"48 nuovi specialisti in comunicazione hanno ricevuto il loro attestato professionale federale nella Farelhaus di Bienne. Il settore pubblicitario pu\u00f2 rallegrarsi per l'aumento di esperti qualificati in tutte e tre le regioni linguistiche.","og_url":"https:\/\/ks-cs.ch\/it\/48-nuovi-specialisti-in-comunicazione-ottengono-lattestato-professionale-federale\/","og_site_name":"KS\/CS Comunicazione Svizzera","article_published_time":"2025-08-29T06:38:39+00:00","article_modified_time":"2025-09-01T14:24:17+00:00","og_image":[{"width":2560,"height":1707,"url":"https:\/\/ks-cs.ch\/wp-content\/uploads\/2025\/08\/KS_CS_Diplomfeier_2025-scaled.jpg","type":"image\/jpeg"}],"author":"Hendrik Fischer","twitter_card":"summary_large_image","twitter_misc":{"Scritto da":"Hendrik Fischer","Tempo di lettura stimato":"4 minuti"},"schema":{"@context":"https:\/\/schema.org","@graph":[{"@type":"Article","@id":"https:\/\/ks-cs.ch\/it\/48-nuovi-specialisti-in-comunicazione-ottengono-lattestato-professionale-federale\/#article","isPartOf":{"@id":"https:\/\/ks-cs.ch\/it\/48-nuovi-specialisti-in-comunicazione-ottengono-lattestato-professionale-federale\/"},"author":{"name":"Hendrik Fischer","@id":"https:\/\/ks-cs.ch\/it\/#\/schema\/person\/757c9eea7858086d44d1a415e371e005"},"headline":"48 nuovi specialisti in comunicazione ottengono l&#8217;attestato professionale federale","datePublished":"2025-08-29T06:38:39+00:00","dateModified":"2025-09-01T14:24:17+00:00","mainEntityOfPage":{"@id":"https:\/\/ks-cs.ch\/it\/48-nuovi-specialisti-in-comunicazione-ottengono-lattestato-professionale-federale\/"},"wordCount":587,"publisher":{"@id":"https:\/\/ks-cs.ch\/it\/#organization"},"image":{"@id":"https:\/\/ks-cs.ch\/it\/48-nuovi-specialisti-in-comunicazione-ottengono-lattestato-professionale-federale\/#primaryimage"},"thumbnailUrl":"https:\/\/ks-cs.ch\/wp-content\/uploads\/2025\/08\/KS_CS_Diplomfeier_2025-1024x683.jpg","articleSection":["Comunicato stampa"],"inLanguage":"it-IT"},{"@type":"WebPage","@id":"https:\/\/ks-cs.ch\/it\/48-nuovi-specialisti-in-comunicazione-ottengono-lattestato-professionale-federale\/","url":"https:\/\/ks-cs.ch\/it\/48-nuovi-specialisti-in-comunicazione-ottengono-lattestato-professionale-federale\/","name":"48 nuovi specialisti in comunicazione ottengono l'attestato professionale federale - KS\/CS Comunicazione Svizzera","isPartOf":{"@id":"https:\/\/ks-cs.ch\/it\/#website"},"primaryImageOfPage":{"@id":"https:\/\/ks-cs.ch\/it\/48-nuovi-specialisti-in-comunicazione-ottengono-lattestato-professionale-federale\/#primaryimage"},"image":{"@id":"https:\/\/ks-cs.ch\/it\/48-nuovi-specialisti-in-comunicazione-ottengono-lattestato-professionale-federale\/#primaryimage"},"thumbnailUrl":"https:\/\/ks-cs.ch\/wp-content\/uploads\/2025\/08\/KS_CS_Diplomfeier_2025-1024x683.jpg","datePublished":"2025-08-29T06:38:39+00:00","dateModified":"2025-09-01T14:24:17+00:00","description":"48 nuovi specialisti in comunicazione hanno ricevuto il loro attestato professionale federale nella Farelhaus di Bienne. Il settore pubblicitario pu\u00f2 rallegrarsi per l'aumento di esperti qualificati in tutte e tre le regioni linguistiche.","breadcrumb":{"@id":"https:\/\/ks-cs.ch\/it\/48-nuovi-specialisti-in-comunicazione-ottengono-lattestato-professionale-federale\/#breadcrumb"},"inLanguage":"it-IT","potentialAction":[{"@type":"ReadAction","target":["https:\/\/ks-cs.ch\/it\/48-nuovi-specialisti-in-comunicazione-ottengono-lattestato-professionale-federale\/"]}]},{"@type":"ImageObject","inLanguage":"it-IT","@id":"https:\/\/ks-cs.ch\/it\/48-nuovi-specialisti-in-comunicazione-ottengono-lattestato-professionale-federale\/#primaryimage","url":"https:\/\/ks-cs.ch\/wp-content\/uploads\/2025\/08\/KS_CS_Diplomfeier_2025-1024x683.jpg","contentUrl":"https:\/\/ks-cs.ch\/wp-content\/uploads\/2025\/08\/KS_CS_Diplomfeier_2025-1024x683.jpg"},{"@type":"BreadcrumbList","@id":"https:\/\/ks-cs.ch\/it\/48-nuovi-specialisti-in-comunicazione-ottengono-lattestato-professionale-federale\/#breadcrumb","itemListElement":[{"@type":"ListItem","position":1,"name":"Home","item":"https:\/\/ks-cs.ch\/it\/"},{"@type":"ListItem","position":2,"name":"48 nuovi specialisti in comunicazione ottengono l&#8217;attestato professionale federale"}]},{"@type":"WebSite","@id":"https:\/\/ks-cs.ch\/it\/#website","url":"https:\/\/ks-cs.ch\/it\/","name":"KS\/CS Kommunikation Schweiz","description":"Associazione di comunicazione commerciale","publisher":{"@id":"https:\/\/ks-cs.ch\/it\/#organization"},"potentialAction":[{"@type":"SearchAction","target":{"@type":"EntryPoint","urlTemplate":"https:\/\/ks-cs.ch\/it\/?s={search_term_string}"},"query-input":{"@type":"PropertyValueSpecification","valueRequired":true,"valueName":"search_term_string"}}],"inLanguage":"it-IT"},{"@type":"Organization","@id":"https:\/\/ks-cs.ch\/it\/#organization","name":"KS\/CS Kommunikation Schweiz","url":"https:\/\/ks-cs.ch\/it\/","logo":{"@type":"ImageObject","inLanguage":"it-IT","@id":"https:\/\/ks-cs.ch\/it\/#\/schema\/logo\/image\/","url":"https:\/\/ks-cs.ch\/wp-content\/uploads\/2022\/12\/Logo-Social-Media-1.jpg","contentUrl":"https:\/\/ks-cs.ch\/wp-content\/uploads\/2022\/12\/Logo-Social-Media-1.jpg","width":709,"height":608,"caption":"KS\/CS Kommunikation Schweiz"},"image":{"@id":"https:\/\/ks-cs.ch\/it\/#\/schema\/logo\/image\/"},"sameAs":["https:\/\/www.linkedin.com\/company\/kommunikation-schweiz-communication-suisse-comunicazione-svizzera-communication-switzerland\/"]},{"@type":"Person","@id":"https:\/\/ks-cs.ch\/it\/#\/schema\/person\/757c9eea7858086d44d1a415e371e005","name":"Hendrik Fischer","image":{"@type":"ImageObject","inLanguage":"it-IT","@id":"https:\/\/secure.gravatar.com\/avatar\/53cc83626804a21e731fe1b5f49d38c46710f65192dda8fbe5b5fe16ad0804b8?s=96&d=mm&r=g","url":"https:\/\/secure.gravatar.com\/avatar\/53cc83626804a21e731fe1b5f49d38c46710f65192dda8fbe5b5fe16ad0804b8?s=96&d=mm&r=g","contentUrl":"https:\/\/secure.gravatar.com\/avatar\/53cc83626804a21e731fe1b5f49d38c46710f65192dda8fbe5b5fe16ad0804b8?s=96&d=mm&r=g","caption":"Hendrik Fischer"}}]}},"publishpress_future_action":{"enabled":false,"date":"2026-05-04 16:14:52","action":"change-status","newStatus":"draft","terms":[],"taxonomy":"category","extraData":[]},"publishpress_future_workflow_manual_trigger":{"enabledWorkflows":[]},"_links":{"self":[{"href":"https:\/\/ks-cs.ch\/it\/wp-json\/wp\/v2\/posts\/8133","targetHints":{"allow":["GET"]}}],"collection":[{"href":"https:\/\/ks-cs.ch\/it\/wp-json\/wp\/v2\/posts"}],"about":[{"href":"https:\/\/ks-cs.ch\/it\/wp-json\/wp\/v2\/types\/post"}],"author":[{"embeddable":true,"href":"https:\/\/ks-cs.ch\/it\/wp-json\/wp\/v2\/users\/5"}],"replies":[{"embeddable":true,"href":"https:\/\/ks-cs.ch\/it\/wp-json\/wp\/v2\/comments?post=8133"}],"version-history":[{"count":3,"href":"https:\/\/ks-cs.ch\/it\/wp-json\/wp\/v2\/posts\/8133\/revisions"}],"predecessor-version":[{"id":8146,"href":"https:\/\/ks-cs.ch\/it\/wp-json\/wp\/v2\/posts\/8133\/revisions\/8146"}],"wp:attachment":[{"href":"https:\/\/ks-cs.ch\/it\/wp-json\/wp\/v2\/media?parent=8133"}],"wp:term":[{"taxonomy":"category","embeddable":true,"href":"https:\/\/ks-cs.ch\/it\/wp-json\/wp\/v2\/categories?post=8133"},{"taxonomy":"post_tag","embeddable":true,"href":"https:\/\/ks-cs.ch\/it\/wp-json\/wp\/v2\/tags?post=8133"}],"curies":[{"name":"wp","href":"https:\/\/api.w.org\/{rel}","templated":true}]}}