{"id":6395,"date":"2024-10-02T15:05:29","date_gmt":"2024-10-02T13:05:29","guid":{"rendered":"https:\/\/ks-cs.ch\/?p=6395"},"modified":"2024-10-02T15:25:34","modified_gmt":"2024-10-02T13:25:34","slug":"il-nostro-impegno-per-un-settore-pubblicitario-piu-forte","status":"publish","type":"post","link":"https:\/\/ks-cs.ch\/it\/il-nostro-impegno-per-un-settore-pubblicitario-piu-forte\/","title":{"rendered":"Il nostro impegno per un settore pubblicitario pi\u00f9 forte!"},"content":{"rendered":"<h4><strong>Sessione federale autunnale: decisioni rilevanti per la pubblicit\u00e0<\/strong><\/h4>\n<p>Durante la sessione autunnale del Parlamento svizzero, sono stati messi all&#8217;ordine del giorno cinque temi di diretta rilevanza per il settore pubblicitario. Dalla pubblicit\u00e0 sui social media all&#8217;intelligenza artificiale e al sostegno indiretto alla stampa, stiamo affrontando 71 questioni sulle quali difendiamo gli interessi dell&#8217;industria pubblicitaria svizzera a Berna. Il settore ha bisogno di buone condizioni quadro e di una legislazione che garantisca una pubblicit\u00e0 libera ed equa.<\/p>\n<p>Un\u00a0<a href=\"https:\/\/www.parlament.ch\/it\/ratsbetrieb\/suche-curia-vista\/geschaeft?AffairId=20233620&amp;_hsmi=95501228&amp;utm_content=95501228&amp;utm_source=hs_email&amp;utm_medium=email&amp;_hsenc=p2ANqtz-_Bl_hc0DVrX73YTcBqMLwsAjOIPraEUACgvCssd1AfzB4FB1O2bH6fe_nMexCCkyHGuAN8\" target=\"_blank\" rel=\"noopener\" data-hs-link-id=\"0\">postulato<\/a>\u00a0chiedeva al Consiglio federale di redigere un rapporto sugli effetti delle immagini corporee ritoccate nei media tradizionali e sociali sullo sviluppo psicofisico dei giovani. Il Consiglio federale avrebbe dovuto indicare le possibilit\u00e0 di combattere la diffusione di immagini corporee ritoccate e le basi legali che potrebbero essere create per l&#8217;obbligo di segnalare le immagini corporee ritoccate.\u00a0<strong>Il 19 settembre, il Consiglio nazionale ha chiaramente respinto la proposta.<\/strong>\u00a0KS\/CS si \u00e8 opposta alla mozione sostenendo che altre disposizioni di legge sarebbero state difficili da attuare e avrebbero portato all&#8217;incertezza giuridica e a un&#8217;eccessiva regolamentazione, in particolare per quanto riguarda la pubblicit\u00e0. \u00c8 molto pi\u00f9 importante sensibilizzare l&#8217;opinione pubblica.<\/p>\n<p>Per quanto riguarda l&#8217;<strong>attuazione dell&#8217;iniziativa popolare \u201cS\u00ec alla protezione dei bambini e dei giovani dalla pubblicit\u00e0 del tabacco\u00a0<\/strong>\u201d, la maggioranza del\u00a0<a href=\"https:\/\/d2-gws04.eu1.hubspotlinksstarter.com\/Ctc\/5F+113\/d2-gws04\/VVyZQJ17MY_2W94G41G5n_sl3W2K0rfL5lnt5FN99fzb23m2ndW95jsWP6lZ3mnW1n3cQk3sMNRzVs415-8LxdmBW4htYgJ8sp2-QVpC6kt9cl_JrW91d1167rbrf4VRjMST5fKWK6N4JJ_lWnK0fGW4nb5WD48qQMPW7qf6VL591K6sW2PP6JL765yhqW8HPdmb62f_mrVwTYnY6xTF3zVrh39H5_PYvqW6TxGbR8rNYjgW8G6r3_3LbCp2W75R6PD6RWnV3W1Gk_GN4vkCj2N7lp7xL-vpk5W8J5v2M7bT7TcW2CgqHg26Z4bxW6z1hvS6fQnHrW3ygc0d12c61gN7PDdr38s1Q1N1H_-hMFRygNW3tzJMt8gXBZGW4k_7YS8ZVMFbVHq1Gb3Bb06HW69Szj75TYCgGW866sKn8jB-LNW1T3g1r3grpMCf6C0z-j04?utm_source=hs_email&amp;utm_medium=email&amp;_hsenc=p2ANqtz-_Bl_hc0DVrX73YTcBqMLwsAjOIPraEUACgvCssd1AfzB4FB1O2bH6fe_nMexCCkyHGuAN8\" target=\"_blank\" rel=\"noopener\" data-hs-link-id=\"0\">Consiglio degli Stati<\/a>\u00a0si attiene alle sue decisioni precedenti. Ad esempio, non vuole includere nella legge il divieto di vendita tramite personale mobile, n\u00e9 vuole rafforzare il divieto di sponsorizzazione. A differenza del Consiglio nazionale, per\u00f2, il Consiglio degli Stati non vuole pi\u00f9 autorizzare la pubblicit\u00e0 all&#8217;interno di riviste e giornali, anche se questi ultimi sono venduti principalmente per abbonamento e hanno un numero di lettori adulti pari almeno al 95%. KS\/CS ritiene che questo divieto, sostenuto dal Consiglio degli Stati, sia eccessivo. Tuttavia, KS\/CS accoglie con favore il fatto che il Consiglio degli Stati abbia corretto il progetto del Consiglio federale su punti che sarebbero andati oltre l&#8217;iniziativa popolare. Continuiamo a monitorare il dossier, che \u00e8 il prossimo all&#8217;ordine del giorno della riunione del CSSS-N del 17 ottobre.<\/p>\n<p>L&#8217;adozione dell&#8217;iniziativa parlamentare 22.423 da parte del Consiglio nazionale dovrebbe consentire di adattare la legge postale per\u00a0<strong>estendere<\/strong>\u00a0temporaneamente\u00a0<strong>gli<\/strong>\u00a0<strong>aiuti indiretti alla stampa<\/strong>. Ci\u00f2 dovrebbe aiutare i giornali piccoli e regionali a stabilizzare la loro situazione finanziaria e a continuare a offrire un giornalismo di qualit\u00e0. KS\/CS sostiene la proroga delle sovvenzioni indirette alla stampa per garantire la diversit\u00e0 e la qualit\u00e0 del panorama mediatico in Svizzera. Una stampa forte \u00e8 essenziale per un pubblico informato e una democrazia funzionante.<\/p>\n<p>Il Consiglio nazionale ha respinto una mozione che chiedeva basi legali per <strong>regolamentare l&#8217;influencer advertising<\/strong>. KS\/CS ha sostenuto con successo che le leggi esistenti e la Commissione svizzera per il commercio equo (SLC) regolano gi\u00e0 a sufficienza- Ulteriori regolamenti creerebbero solo una burocrazia inutile e danneggerebbero il settore del marketing.<\/p>\n<h4><strong>Si comincia a fare sul serio: la prossima revisione della legge sui prodotti alimentari prende slancio<\/strong><\/h4>\n<p>Nelle ultime settimane, i piani della Consigliera federale Elisabeth Baume-Schneider per regolamentare la pubblicit\u00e0 dei prodotti alimentari hanno fatto parlare di s\u00e9. L&#8217;Ufficio federale del la sicurezza alimentare e di veterianria (FOSV) intende limitare severamente la pubblicit\u00e0 per alimenti ad alto contenuto di zuccheri, grassi o sale destinati ai bambini. Abbiamo seguito questi sviluppi per mesi e\u00a0<a href=\"https:\/\/ks-cs.ch\/politik-news-radikales-werbeverbot-ist-definitiv-im-anmarsch\/?utm_source=hs_email&amp;utm_medium=email&amp;_hsenc=p2ANqtz-_Bl_hc0DVrX73YTcBqMLwsAjOIPraEUACgvCssd1AfzB4FB1O2bH6fe_nMexCCkyHGuAN8\" target=\"_blank\" rel=\"noopener\" data-hs-link-id=\"0\">qui<\/a>\u00a0vi riportiamo le informazioni pi\u00f9 importanti sulla situazione attuale, le basi scientifiche e le possibili conseguenze di un divieto di pubblicit\u00e0. Non appena il Consiglio federale invier\u00e0 la proposta di legge per la consultazione, la esamineremo da vicino.<\/p>\n<h4><strong>Pubblicit\u00e0 esterna: decisioni a Lancy e Zollikofen<\/strong><\/h4>\n<p>Il 28 agosto, il Gran Consiglio comunale di Zollikofen ha respinto una mozione per vietare le insegne luminose con monitor e schermi multimediali nel territorio comunale. KS\/CS aveva precedentemente inviato una lettera in questo senso ai politici. Inoltre, la votazione sul divieto di pubblicit\u00e0 commerciale esterna nel comune di Lancy \u00e8 all&#8217;ordine del giorno e la popolazione voter\u00e0 su questo tema il 24 novembre 2024.<\/p>\n<h4><strong>Cerimonia di laurea di successo<\/strong><\/h4>\n<p>Il 29 agosto, i diplomati dell&#8217;esame federale di specialista in comunicazione hanno compiuto un passo decisivo nella loro carriera: hanno ricevuto i loro meritati diplomi. Ci congratuliamo vivamente con tutti i diplomati per il loro successo e auguriamo loro il meglio per il loro futuro professionale.<\/p>\n","protected":false},"excerpt":{"rendered":"<p>Per quanto riguarda la questione in che modo i risultati dell&#8217;IA possono essere utilizzati nella pubblicit\u00e0, dobbiamo rispettare le leggi attuali. Resta da vedere e osservare come si svilupperanno la legislazione e la giurisprudenza in Svizzera in questo settore. Nel frattempo, possiamo darvi alcuni consigli pratici su cosa fare attenzione quando si utilizza l&#8217;IA nella pubblicit\u00e0.<\/p>\n","protected":false},"author":5,"featured_media":0,"comment_status":"closed","ping_status":"open","sticky":false,"template":"","format":"standard","meta":{"content-type":"","footnotes":""},"categories":[11],"tags":[],"class_list":["post-6395","post","type-post","status-publish","format-standard","hentry","category-notizia"],"yoast_head":"<!-- This site is optimized with the Yoast SEO plugin v27.5 - https:\/\/yoast.com\/product\/yoast-seo-wordpress\/ -->\n<title>Il nostro impegno per un settore pubblicitario pi\u00f9 forte! - KS\/CS Comunicazione Svizzera<\/title>\n<meta name=\"description\" content=\"Il contributo trimestrale riassume il lavoro politico di KS\/CS. L&#039;associazione ha lavorato intensamente su diverse questioni politiche.\" \/>\n<meta name=\"robots\" content=\"index, follow, max-snippet:-1, max-image-preview:large, max-video-preview:-1\" \/>\n<link rel=\"canonical\" href=\"https:\/\/ks-cs.ch\/it\/il-nostro-impegno-per-un-settore-pubblicitario-piu-forte\/\" \/>\n<meta property=\"og:locale\" content=\"it_IT\" \/>\n<meta property=\"og:type\" content=\"article\" \/>\n<meta property=\"og:title\" content=\"Il nostro impegno per un settore pubblicitario pi\u00f9 forte! - KS\/CS Comunicazione Svizzera\" \/>\n<meta property=\"og:description\" content=\"Il contributo trimestrale riassume il lavoro politico di KS\/CS. L&#039;associazione ha lavorato intensamente su diverse questioni politiche.\" \/>\n<meta property=\"og:url\" content=\"https:\/\/ks-cs.ch\/it\/il-nostro-impegno-per-un-settore-pubblicitario-piu-forte\/\" \/>\n<meta property=\"og:site_name\" content=\"KS\/CS Comunicazione Svizzera\" \/>\n<meta property=\"article:published_time\" content=\"2024-10-02T13:05:29+00:00\" \/>\n<meta property=\"article:modified_time\" content=\"2024-10-02T13:25:34+00:00\" \/>\n<meta property=\"og:image\" content=\"https:\/\/ks-cs.ch\/wp-content\/uploads\/2022\/11\/Logo.jpeg\" \/>\n\t<meta property=\"og:image:width\" content=\"1200\" \/>\n\t<meta property=\"og:image:height\" content=\"920\" \/>\n\t<meta property=\"og:image:type\" content=\"image\/jpeg\" \/>\n<meta name=\"author\" content=\"Hendrik Fischer\" \/>\n<meta name=\"twitter:card\" content=\"summary_large_image\" \/>\n<meta name=\"twitter:label1\" content=\"Scritto da\" \/>\n\t<meta name=\"twitter:data1\" content=\"Hendrik Fischer\" \/>\n\t<meta name=\"twitter:label2\" content=\"Tempo di lettura stimato\" \/>\n\t<meta name=\"twitter:data2\" content=\"4 minuti\" \/>\n<script type=\"application\/ld+json\" class=\"yoast-schema-graph\">{\"@context\":\"https:\\\/\\\/schema.org\",\"@graph\":[{\"@type\":\"Article\",\"@id\":\"https:\\\/\\\/ks-cs.ch\\\/it\\\/il-nostro-impegno-per-un-settore-pubblicitario-piu-forte\\\/#article\",\"isPartOf\":{\"@id\":\"https:\\\/\\\/ks-cs.ch\\\/it\\\/il-nostro-impegno-per-un-settore-pubblicitario-piu-forte\\\/\"},\"author\":{\"name\":\"Hendrik Fischer\",\"@id\":\"https:\\\/\\\/ks-cs.ch\\\/it\\\/#\\\/schema\\\/person\\\/757c9eea7858086d44d1a415e371e005\"},\"headline\":\"Il nostro impegno per un settore pubblicitario pi\u00f9 forte!\",\"datePublished\":\"2024-10-02T13:05:29+00:00\",\"dateModified\":\"2024-10-02T13:25:34+00:00\",\"mainEntityOfPage\":{\"@id\":\"https:\\\/\\\/ks-cs.ch\\\/it\\\/il-nostro-impegno-per-un-settore-pubblicitario-piu-forte\\\/\"},\"wordCount\":702,\"publisher\":{\"@id\":\"https:\\\/\\\/ks-cs.ch\\\/it\\\/#organization\"},\"articleSection\":[\"Notizia\"],\"inLanguage\":\"it-IT\"},{\"@type\":\"WebPage\",\"@id\":\"https:\\\/\\\/ks-cs.ch\\\/it\\\/il-nostro-impegno-per-un-settore-pubblicitario-piu-forte\\\/\",\"url\":\"https:\\\/\\\/ks-cs.ch\\\/it\\\/il-nostro-impegno-per-un-settore-pubblicitario-piu-forte\\\/\",\"name\":\"Il nostro impegno per un settore pubblicitario pi\u00f9 forte! - KS\\\/CS Comunicazione Svizzera\",\"isPartOf\":{\"@id\":\"https:\\\/\\\/ks-cs.ch\\\/it\\\/#website\"},\"datePublished\":\"2024-10-02T13:05:29+00:00\",\"dateModified\":\"2024-10-02T13:25:34+00:00\",\"description\":\"Il contributo trimestrale riassume il lavoro politico di KS\\\/CS. L'associazione ha lavorato intensamente su diverse questioni politiche.\",\"breadcrumb\":{\"@id\":\"https:\\\/\\\/ks-cs.ch\\\/it\\\/il-nostro-impegno-per-un-settore-pubblicitario-piu-forte\\\/#breadcrumb\"},\"inLanguage\":\"it-IT\",\"potentialAction\":[{\"@type\":\"ReadAction\",\"target\":[\"https:\\\/\\\/ks-cs.ch\\\/it\\\/il-nostro-impegno-per-un-settore-pubblicitario-piu-forte\\\/\"]}]},{\"@type\":\"BreadcrumbList\",\"@id\":\"https:\\\/\\\/ks-cs.ch\\\/it\\\/il-nostro-impegno-per-un-settore-pubblicitario-piu-forte\\\/#breadcrumb\",\"itemListElement\":[{\"@type\":\"ListItem\",\"position\":1,\"name\":\"Home\",\"item\":\"https:\\\/\\\/ks-cs.ch\\\/it\\\/\"},{\"@type\":\"ListItem\",\"position\":2,\"name\":\"Il nostro impegno per un settore pubblicitario pi\u00f9 forte!\"}]},{\"@type\":\"WebSite\",\"@id\":\"https:\\\/\\\/ks-cs.ch\\\/it\\\/#website\",\"url\":\"https:\\\/\\\/ks-cs.ch\\\/it\\\/\",\"name\":\"KS\\\/CS Kommunikation Schweiz\",\"description\":\"Associazione di comunicazione commerciale\",\"publisher\":{\"@id\":\"https:\\\/\\\/ks-cs.ch\\\/it\\\/#organization\"},\"potentialAction\":[{\"@type\":\"SearchAction\",\"target\":{\"@type\":\"EntryPoint\",\"urlTemplate\":\"https:\\\/\\\/ks-cs.ch\\\/it\\\/?s={search_term_string}\"},\"query-input\":{\"@type\":\"PropertyValueSpecification\",\"valueRequired\":true,\"valueName\":\"search_term_string\"}}],\"inLanguage\":\"it-IT\"},{\"@type\":\"Organization\",\"@id\":\"https:\\\/\\\/ks-cs.ch\\\/it\\\/#organization\",\"name\":\"KS\\\/CS Kommunikation Schweiz\",\"url\":\"https:\\\/\\\/ks-cs.ch\\\/it\\\/\",\"logo\":{\"@type\":\"ImageObject\",\"inLanguage\":\"it-IT\",\"@id\":\"https:\\\/\\\/ks-cs.ch\\\/it\\\/#\\\/schema\\\/logo\\\/image\\\/\",\"url\":\"https:\\\/\\\/ks-cs.ch\\\/wp-content\\\/uploads\\\/2022\\\/12\\\/Logo-Social-Media-1.jpg\",\"contentUrl\":\"https:\\\/\\\/ks-cs.ch\\\/wp-content\\\/uploads\\\/2022\\\/12\\\/Logo-Social-Media-1.jpg\",\"width\":709,\"height\":608,\"caption\":\"KS\\\/CS Kommunikation Schweiz\"},\"image\":{\"@id\":\"https:\\\/\\\/ks-cs.ch\\\/it\\\/#\\\/schema\\\/logo\\\/image\\\/\"},\"sameAs\":[\"https:\\\/\\\/www.linkedin.com\\\/company\\\/kommunikation-schweiz-communication-suisse-comunicazione-svizzera-communication-switzerland\\\/\"]},{\"@type\":\"Person\",\"@id\":\"https:\\\/\\\/ks-cs.ch\\\/it\\\/#\\\/schema\\\/person\\\/757c9eea7858086d44d1a415e371e005\",\"name\":\"Hendrik Fischer\",\"image\":{\"@type\":\"ImageObject\",\"inLanguage\":\"it-IT\",\"@id\":\"https:\\\/\\\/secure.gravatar.com\\\/avatar\\\/53cc83626804a21e731fe1b5f49d38c46710f65192dda8fbe5b5fe16ad0804b8?s=96&d=mm&r=g\",\"url\":\"https:\\\/\\\/secure.gravatar.com\\\/avatar\\\/53cc83626804a21e731fe1b5f49d38c46710f65192dda8fbe5b5fe16ad0804b8?s=96&d=mm&r=g\",\"contentUrl\":\"https:\\\/\\\/secure.gravatar.com\\\/avatar\\\/53cc83626804a21e731fe1b5f49d38c46710f65192dda8fbe5b5fe16ad0804b8?s=96&d=mm&r=g\",\"caption\":\"Hendrik Fischer\"}}]}<\/script>\n<!-- \/ Yoast SEO plugin. -->","yoast_head_json":{"title":"Il nostro impegno per un settore pubblicitario pi\u00f9 forte! - KS\/CS Comunicazione Svizzera","description":"Il contributo trimestrale riassume il lavoro politico di KS\/CS. L'associazione ha lavorato intensamente su diverse questioni politiche.","robots":{"index":"index","follow":"follow","max-snippet":"max-snippet:-1","max-image-preview":"max-image-preview:large","max-video-preview":"max-video-preview:-1"},"canonical":"https:\/\/ks-cs.ch\/it\/il-nostro-impegno-per-un-settore-pubblicitario-piu-forte\/","og_locale":"it_IT","og_type":"article","og_title":"Il nostro impegno per un settore pubblicitario pi\u00f9 forte! - KS\/CS Comunicazione Svizzera","og_description":"Il contributo trimestrale riassume il lavoro politico di KS\/CS. L'associazione ha lavorato intensamente su diverse questioni politiche.","og_url":"https:\/\/ks-cs.ch\/it\/il-nostro-impegno-per-un-settore-pubblicitario-piu-forte\/","og_site_name":"KS\/CS Comunicazione Svizzera","article_published_time":"2024-10-02T13:05:29+00:00","article_modified_time":"2024-10-02T13:25:34+00:00","og_image":[{"width":1200,"height":920,"url":"https:\/\/ks-cs.ch\/wp-content\/uploads\/2022\/11\/Logo.jpeg","type":"image\/jpeg"}],"author":"Hendrik Fischer","twitter_card":"summary_large_image","twitter_misc":{"Scritto da":"Hendrik Fischer","Tempo di lettura stimato":"4 minuti"},"schema":{"@context":"https:\/\/schema.org","@graph":[{"@type":"Article","@id":"https:\/\/ks-cs.ch\/it\/il-nostro-impegno-per-un-settore-pubblicitario-piu-forte\/#article","isPartOf":{"@id":"https:\/\/ks-cs.ch\/it\/il-nostro-impegno-per-un-settore-pubblicitario-piu-forte\/"},"author":{"name":"Hendrik Fischer","@id":"https:\/\/ks-cs.ch\/it\/#\/schema\/person\/757c9eea7858086d44d1a415e371e005"},"headline":"Il nostro impegno per un settore pubblicitario pi\u00f9 forte!","datePublished":"2024-10-02T13:05:29+00:00","dateModified":"2024-10-02T13:25:34+00:00","mainEntityOfPage":{"@id":"https:\/\/ks-cs.ch\/it\/il-nostro-impegno-per-un-settore-pubblicitario-piu-forte\/"},"wordCount":702,"publisher":{"@id":"https:\/\/ks-cs.ch\/it\/#organization"},"articleSection":["Notizia"],"inLanguage":"it-IT"},{"@type":"WebPage","@id":"https:\/\/ks-cs.ch\/it\/il-nostro-impegno-per-un-settore-pubblicitario-piu-forte\/","url":"https:\/\/ks-cs.ch\/it\/il-nostro-impegno-per-un-settore-pubblicitario-piu-forte\/","name":"Il nostro impegno per un settore pubblicitario pi\u00f9 forte! - KS\/CS Comunicazione Svizzera","isPartOf":{"@id":"https:\/\/ks-cs.ch\/it\/#website"},"datePublished":"2024-10-02T13:05:29+00:00","dateModified":"2024-10-02T13:25:34+00:00","description":"Il contributo trimestrale riassume il lavoro politico di KS\/CS. L'associazione ha lavorato intensamente su diverse questioni politiche.","breadcrumb":{"@id":"https:\/\/ks-cs.ch\/it\/il-nostro-impegno-per-un-settore-pubblicitario-piu-forte\/#breadcrumb"},"inLanguage":"it-IT","potentialAction":[{"@type":"ReadAction","target":["https:\/\/ks-cs.ch\/it\/il-nostro-impegno-per-un-settore-pubblicitario-piu-forte\/"]}]},{"@type":"BreadcrumbList","@id":"https:\/\/ks-cs.ch\/it\/il-nostro-impegno-per-un-settore-pubblicitario-piu-forte\/#breadcrumb","itemListElement":[{"@type":"ListItem","position":1,"name":"Home","item":"https:\/\/ks-cs.ch\/it\/"},{"@type":"ListItem","position":2,"name":"Il nostro impegno per un settore pubblicitario pi\u00f9 forte!"}]},{"@type":"WebSite","@id":"https:\/\/ks-cs.ch\/it\/#website","url":"https:\/\/ks-cs.ch\/it\/","name":"KS\/CS Kommunikation Schweiz","description":"Associazione di comunicazione commerciale","publisher":{"@id":"https:\/\/ks-cs.ch\/it\/#organization"},"potentialAction":[{"@type":"SearchAction","target":{"@type":"EntryPoint","urlTemplate":"https:\/\/ks-cs.ch\/it\/?s={search_term_string}"},"query-input":{"@type":"PropertyValueSpecification","valueRequired":true,"valueName":"search_term_string"}}],"inLanguage":"it-IT"},{"@type":"Organization","@id":"https:\/\/ks-cs.ch\/it\/#organization","name":"KS\/CS Kommunikation Schweiz","url":"https:\/\/ks-cs.ch\/it\/","logo":{"@type":"ImageObject","inLanguage":"it-IT","@id":"https:\/\/ks-cs.ch\/it\/#\/schema\/logo\/image\/","url":"https:\/\/ks-cs.ch\/wp-content\/uploads\/2022\/12\/Logo-Social-Media-1.jpg","contentUrl":"https:\/\/ks-cs.ch\/wp-content\/uploads\/2022\/12\/Logo-Social-Media-1.jpg","width":709,"height":608,"caption":"KS\/CS Kommunikation Schweiz"},"image":{"@id":"https:\/\/ks-cs.ch\/it\/#\/schema\/logo\/image\/"},"sameAs":["https:\/\/www.linkedin.com\/company\/kommunikation-schweiz-communication-suisse-comunicazione-svizzera-communication-switzerland\/"]},{"@type":"Person","@id":"https:\/\/ks-cs.ch\/it\/#\/schema\/person\/757c9eea7858086d44d1a415e371e005","name":"Hendrik Fischer","image":{"@type":"ImageObject","inLanguage":"it-IT","@id":"https:\/\/secure.gravatar.com\/avatar\/53cc83626804a21e731fe1b5f49d38c46710f65192dda8fbe5b5fe16ad0804b8?s=96&d=mm&r=g","url":"https:\/\/secure.gravatar.com\/avatar\/53cc83626804a21e731fe1b5f49d38c46710f65192dda8fbe5b5fe16ad0804b8?s=96&d=mm&r=g","contentUrl":"https:\/\/secure.gravatar.com\/avatar\/53cc83626804a21e731fe1b5f49d38c46710f65192dda8fbe5b5fe16ad0804b8?s=96&d=mm&r=g","caption":"Hendrik Fischer"}}]}},"publishpress_future_action":{"enabled":false,"date":"2026-05-08 21:41:55","action":"change-status","newStatus":"draft","terms":[],"taxonomy":"category","extraData":[]},"publishpress_future_workflow_manual_trigger":{"enabledWorkflows":[]},"_links":{"self":[{"href":"https:\/\/ks-cs.ch\/it\/wp-json\/wp\/v2\/posts\/6395","targetHints":{"allow":["GET"]}}],"collection":[{"href":"https:\/\/ks-cs.ch\/it\/wp-json\/wp\/v2\/posts"}],"about":[{"href":"https:\/\/ks-cs.ch\/it\/wp-json\/wp\/v2\/types\/post"}],"author":[{"embeddable":true,"href":"https:\/\/ks-cs.ch\/it\/wp-json\/wp\/v2\/users\/5"}],"replies":[{"embeddable":true,"href":"https:\/\/ks-cs.ch\/it\/wp-json\/wp\/v2\/comments?post=6395"}],"version-history":[{"count":2,"href":"https:\/\/ks-cs.ch\/it\/wp-json\/wp\/v2\/posts\/6395\/revisions"}],"predecessor-version":[{"id":6405,"href":"https:\/\/ks-cs.ch\/it\/wp-json\/wp\/v2\/posts\/6395\/revisions\/6405"}],"wp:attachment":[{"href":"https:\/\/ks-cs.ch\/it\/wp-json\/wp\/v2\/media?parent=6395"}],"wp:term":[{"taxonomy":"category","embeddable":true,"href":"https:\/\/ks-cs.ch\/it\/wp-json\/wp\/v2\/categories?post=6395"},{"taxonomy":"post_tag","embeddable":true,"href":"https:\/\/ks-cs.ch\/it\/wp-json\/wp\/v2\/tags?post=6395"}],"curies":[{"name":"wp","href":"https:\/\/api.w.org\/{rel}","templated":true}]}}