{"id":4924,"date":"2023-12-18T11:20:05","date_gmt":"2023-12-18T10:20:05","guid":{"rendered":"https:\/\/ks-cs.ch\/consigli-legali-e-pratici-sulluso-dellia-nella-comunicazione\/"},"modified":"2024-01-17T13:28:39","modified_gmt":"2024-01-17T12:28:39","slug":"consigli-legali-e-pratici-sulluso-dellia-nella-comunicazione","status":"publish","type":"post","link":"https:\/\/ks-cs.ch\/it\/consigli-legali-e-pratici-sulluso-dellia-nella-comunicazione\/","title":{"rendered":"Consigli legali e pratici sull&#8217;uso dell&#8217;IA nella comunicazione"},"content":{"rendered":"<p>L&#8217;intelligenza artificiale ha influenzato in un modo o nell&#8217;altro il lavoro di tutti i designer pubblicitari e la sua applicazione solleva sempre nuovi interrogativi. Un&#8217;immagine generata dall&#8217;intelligenza artificiale pu\u00f2 essere utilizzata liberamente e a fini commerciali? In linea di principio, l&#8217;IA crea opere protette dal diritto d&#8217;autore? Per rispondere a queste domande, KS\/CS, sotto la direzione della nuova responsabile dell\u2019ufficio legale Fanny Rocchi, ha elaborato una consulenza pratica, aggiornata e pertinente al settore.<\/p>\n<p><strong>L&#8217;IA nella legislazione attuale<\/strong><br \/>\nLa misura in cui i risultati dell&#8217;intelligenza artificiale possono essere utilizzati nella pubblicit\u00e0 dipende dalle leggi attualmente in vigore. Nella pratica, tuttavia, queste rappresentano spesso una sfida: \u00abNell&#8217;ambito delle informazioni legali che KS\/CS mette a disposizione dei suoi membri, negli ultimi mesi \u00e8 aumentato il numero di domande relative all&#8217;utilizzo dell&#8217;intelligenza artificiale nella comunicazione. Per semplificare il lavoro dei nostri membri a lungo termine, era ovvio che si dovesse redigere questa guida pratica\u00bb, spiega Fanny Rocchi.<\/p>\n<p>La guida segue le attuali disposizioni di legge e contiene consigli comprensibili sull&#8217;uso dei sistemi di IA, su cosa fare attenzione quando i dati vengono inseriti nei sistemi di IA, su come trattare i contenuti generati dall&#8217;IA, sui diritti che possono avere i risultati dell&#8217;IA e altri suggerimenti sull&#8217;uso dei risultati dell&#8217;IA.<\/p>\n<p>Resta da vedere come si svilupperanno la legislazione e la giurisprudenza svizzera in questo settore. KS\/CS segue da vicino questi sviluppi nell&#8217;ambito del proprio lavoro e si impegna a garantire la presenza di condizioni quadro adeguate.<\/p>\n<p><strong>Informazioni legali di KS\/CS Comunicazione Svizzera<\/strong><br \/>\nFanny Rocchi, responsabile dell&#8217;ufficio legale di KS\/CS e autrice dei consigli pratici, \u00e8 avvocato e partner dello studio legale Schluep|Degen Rechtsanw\u00e4lte di Berna, specializzato in propriet\u00e0 intellettuale e diritto della pubblicit\u00e0. In qualit\u00e0 di membro del team KS\/CS, accompagna tutti i processi legislativi ed \u00e8 a disposizione dei soci per informazioni legali, anche su questioni specifiche di AI e pubblicit\u00e0.<\/p>\n<p>I consigli pratici sono disponibili qui e vengono continuamente adattati in base agli sviluppi legali e del settore.<\/p>\n<p><strong>Informazioni sui media: <\/strong><br \/>\nVera Baldo-Tschan<br \/>\nResponsabile Affari pubblici e comunicazione<br \/>\n<a href=\"mailto:baldo-tschan@ks-cs.ch\">baldo-tschan@ks-cs.ch<\/a><br \/>\n+41 79 586 66 36<\/p>\n","protected":false},"excerpt":{"rendered":"<p>Comunicato stampa. Zurigo, 18 dicembre 2023. KS\/CS Comunicazione Svizzera, l&#8217;organizzazione mantello dell&#8217;industria svizzera della comunicazione, pubblica una serie di consigli legali e pratici sull&#8217;uso corretto dell&#8217;intelligenza artificiale (IA) nella comunicazione. Questi consigli potranno essere una guida per i membri dell\u2019associazione e per tutti gli inserzionisti che utilizzano l&#8217;intelligenza artificiale generativa. <\/p>\n","protected":false},"author":5,"featured_media":0,"comment_status":"closed","ping_status":"open","sticky":false,"template":"","format":"standard","meta":{"content-type":"","footnotes":""},"categories":[29],"tags":[],"class_list":["post-4924","post","type-post","status-publish","format-standard","hentry","category-comunicato-stampa"],"yoast_head":"<!-- This site is optimized with the Yoast SEO plugin v27.4 - https:\/\/yoast.com\/product\/yoast-seo-wordpress\/ -->\n<title>Consigli legali e pratici sull&#039;uso dell&#039;IA nella comunicazione - KS\/CS Comunicazione Svizzera<\/title>\n<meta name=\"robots\" content=\"index, follow, max-snippet:-1, max-image-preview:large, max-video-preview:-1\" \/>\n<link rel=\"canonical\" href=\"https:\/\/ks-cs.ch\/it\/consigli-legali-e-pratici-sulluso-dellia-nella-comunicazione\/\" \/>\n<meta property=\"og:locale\" content=\"it_IT\" \/>\n<meta property=\"og:type\" content=\"article\" \/>\n<meta property=\"og:title\" content=\"Consigli legali e pratici sull&#039;uso dell&#039;IA nella comunicazione - KS\/CS Comunicazione Svizzera\" \/>\n<meta property=\"og:description\" content=\"Comunicato stampa. Zurigo, 18 dicembre 2023. KS\/CS Comunicazione Svizzera, l&#039;organizzazione mantello dell&#039;industria svizzera della comunicazione, pubblica una serie di consigli legali e pratici sull&#039;uso corretto dell&#039;intelligenza artificiale (IA) nella comunicazione. Questi consigli potranno essere una guida per i membri dell\u2019associazione e per tutti gli inserzionisti che utilizzano l&#039;intelligenza artificiale generativa.\" \/>\n<meta property=\"og:url\" content=\"https:\/\/ks-cs.ch\/it\/consigli-legali-e-pratici-sulluso-dellia-nella-comunicazione\/\" \/>\n<meta property=\"og:site_name\" content=\"KS\/CS Comunicazione Svizzera\" \/>\n<meta property=\"article:published_time\" content=\"2023-12-18T10:20:05+00:00\" \/>\n<meta property=\"article:modified_time\" content=\"2024-01-17T12:28:39+00:00\" \/>\n<meta property=\"og:image\" content=\"https:\/\/ks-cs.ch\/wp-content\/uploads\/2022\/11\/Logo.jpeg\" \/>\n\t<meta property=\"og:image:width\" content=\"1200\" \/>\n\t<meta property=\"og:image:height\" content=\"920\" \/>\n\t<meta property=\"og:image:type\" content=\"image\/jpeg\" \/>\n<meta name=\"author\" content=\"Hendrik Fischer\" \/>\n<meta name=\"twitter:card\" content=\"summary_large_image\" \/>\n<meta name=\"twitter:label1\" content=\"Scritto da\" \/>\n\t<meta name=\"twitter:data1\" content=\"Hendrik Fischer\" \/>\n\t<meta name=\"twitter:label2\" content=\"Tempo di lettura stimato\" \/>\n\t<meta name=\"twitter:data2\" content=\"2 minuti\" \/>\n<script type=\"application\/ld+json\" class=\"yoast-schema-graph\">{\"@context\":\"https:\\\/\\\/schema.org\",\"@graph\":[{\"@type\":\"Article\",\"@id\":\"https:\\\/\\\/ks-cs.ch\\\/it\\\/consigli-legali-e-pratici-sulluso-dellia-nella-comunicazione\\\/#article\",\"isPartOf\":{\"@id\":\"https:\\\/\\\/ks-cs.ch\\\/it\\\/consigli-legali-e-pratici-sulluso-dellia-nella-comunicazione\\\/\"},\"author\":{\"name\":\"Hendrik Fischer\",\"@id\":\"https:\\\/\\\/ks-cs.ch\\\/it\\\/#\\\/schema\\\/person\\\/757c9eea7858086d44d1a415e371e005\"},\"headline\":\"Consigli legali e pratici sull&#8217;uso dell&#8217;IA nella comunicazione\",\"datePublished\":\"2023-12-18T10:20:05+00:00\",\"dateModified\":\"2024-01-17T12:28:39+00:00\",\"mainEntityOfPage\":{\"@id\":\"https:\\\/\\\/ks-cs.ch\\\/it\\\/consigli-legali-e-pratici-sulluso-dellia-nella-comunicazione\\\/\"},\"wordCount\":352,\"publisher\":{\"@id\":\"https:\\\/\\\/ks-cs.ch\\\/it\\\/#organization\"},\"articleSection\":[\"Comunicato stampa\"],\"inLanguage\":\"it-IT\"},{\"@type\":\"WebPage\",\"@id\":\"https:\\\/\\\/ks-cs.ch\\\/it\\\/consigli-legali-e-pratici-sulluso-dellia-nella-comunicazione\\\/\",\"url\":\"https:\\\/\\\/ks-cs.ch\\\/it\\\/consigli-legali-e-pratici-sulluso-dellia-nella-comunicazione\\\/\",\"name\":\"Consigli legali e pratici sull'uso dell'IA nella comunicazione - KS\\\/CS Comunicazione Svizzera\",\"isPartOf\":{\"@id\":\"https:\\\/\\\/ks-cs.ch\\\/it\\\/#website\"},\"datePublished\":\"2023-12-18T10:20:05+00:00\",\"dateModified\":\"2024-01-17T12:28:39+00:00\",\"breadcrumb\":{\"@id\":\"https:\\\/\\\/ks-cs.ch\\\/it\\\/consigli-legali-e-pratici-sulluso-dellia-nella-comunicazione\\\/#breadcrumb\"},\"inLanguage\":\"it-IT\",\"potentialAction\":[{\"@type\":\"ReadAction\",\"target\":[\"https:\\\/\\\/ks-cs.ch\\\/it\\\/consigli-legali-e-pratici-sulluso-dellia-nella-comunicazione\\\/\"]}]},{\"@type\":\"BreadcrumbList\",\"@id\":\"https:\\\/\\\/ks-cs.ch\\\/it\\\/consigli-legali-e-pratici-sulluso-dellia-nella-comunicazione\\\/#breadcrumb\",\"itemListElement\":[{\"@type\":\"ListItem\",\"position\":1,\"name\":\"Home\",\"item\":\"https:\\\/\\\/ks-cs.ch\\\/it\\\/\"},{\"@type\":\"ListItem\",\"position\":2,\"name\":\"Consigli legali e pratici sull&#8217;uso dell&#8217;IA nella comunicazione\"}]},{\"@type\":\"WebSite\",\"@id\":\"https:\\\/\\\/ks-cs.ch\\\/it\\\/#website\",\"url\":\"https:\\\/\\\/ks-cs.ch\\\/it\\\/\",\"name\":\"KS\\\/CS Kommunikation Schweiz\",\"description\":\"Associazione di comunicazione commerciale\",\"publisher\":{\"@id\":\"https:\\\/\\\/ks-cs.ch\\\/it\\\/#organization\"},\"potentialAction\":[{\"@type\":\"SearchAction\",\"target\":{\"@type\":\"EntryPoint\",\"urlTemplate\":\"https:\\\/\\\/ks-cs.ch\\\/it\\\/?s={search_term_string}\"},\"query-input\":{\"@type\":\"PropertyValueSpecification\",\"valueRequired\":true,\"valueName\":\"search_term_string\"}}],\"inLanguage\":\"it-IT\"},{\"@type\":\"Organization\",\"@id\":\"https:\\\/\\\/ks-cs.ch\\\/it\\\/#organization\",\"name\":\"KS\\\/CS Kommunikation Schweiz\",\"url\":\"https:\\\/\\\/ks-cs.ch\\\/it\\\/\",\"logo\":{\"@type\":\"ImageObject\",\"inLanguage\":\"it-IT\",\"@id\":\"https:\\\/\\\/ks-cs.ch\\\/it\\\/#\\\/schema\\\/logo\\\/image\\\/\",\"url\":\"https:\\\/\\\/ks-cs.ch\\\/wp-content\\\/uploads\\\/2022\\\/12\\\/Logo-Social-Media-1.jpg\",\"contentUrl\":\"https:\\\/\\\/ks-cs.ch\\\/wp-content\\\/uploads\\\/2022\\\/12\\\/Logo-Social-Media-1.jpg\",\"width\":709,\"height\":608,\"caption\":\"KS\\\/CS Kommunikation Schweiz\"},\"image\":{\"@id\":\"https:\\\/\\\/ks-cs.ch\\\/it\\\/#\\\/schema\\\/logo\\\/image\\\/\"},\"sameAs\":[\"https:\\\/\\\/www.linkedin.com\\\/company\\\/kommunikation-schweiz-communication-suisse-comunicazione-svizzera-communication-switzerland\\\/\"]},{\"@type\":\"Person\",\"@id\":\"https:\\\/\\\/ks-cs.ch\\\/it\\\/#\\\/schema\\\/person\\\/757c9eea7858086d44d1a415e371e005\",\"name\":\"Hendrik Fischer\",\"image\":{\"@type\":\"ImageObject\",\"inLanguage\":\"it-IT\",\"@id\":\"https:\\\/\\\/secure.gravatar.com\\\/avatar\\\/53cc83626804a21e731fe1b5f49d38c46710f65192dda8fbe5b5fe16ad0804b8?s=96&d=mm&r=g\",\"url\":\"https:\\\/\\\/secure.gravatar.com\\\/avatar\\\/53cc83626804a21e731fe1b5f49d38c46710f65192dda8fbe5b5fe16ad0804b8?s=96&d=mm&r=g\",\"contentUrl\":\"https:\\\/\\\/secure.gravatar.com\\\/avatar\\\/53cc83626804a21e731fe1b5f49d38c46710f65192dda8fbe5b5fe16ad0804b8?s=96&d=mm&r=g\",\"caption\":\"Hendrik Fischer\"}}]}<\/script>\n<!-- \/ Yoast SEO plugin. -->","yoast_head_json":{"title":"Consigli legali e pratici sull'uso dell'IA nella comunicazione - KS\/CS Comunicazione Svizzera","robots":{"index":"index","follow":"follow","max-snippet":"max-snippet:-1","max-image-preview":"max-image-preview:large","max-video-preview":"max-video-preview:-1"},"canonical":"https:\/\/ks-cs.ch\/it\/consigli-legali-e-pratici-sulluso-dellia-nella-comunicazione\/","og_locale":"it_IT","og_type":"article","og_title":"Consigli legali e pratici sull'uso dell'IA nella comunicazione - KS\/CS Comunicazione Svizzera","og_description":"Comunicato stampa. Zurigo, 18 dicembre 2023. KS\/CS Comunicazione Svizzera, l'organizzazione mantello dell'industria svizzera della comunicazione, pubblica una serie di consigli legali e pratici sull'uso corretto dell'intelligenza artificiale (IA) nella comunicazione. Questi consigli potranno essere una guida per i membri dell\u2019associazione e per tutti gli inserzionisti che utilizzano l'intelligenza artificiale generativa.","og_url":"https:\/\/ks-cs.ch\/it\/consigli-legali-e-pratici-sulluso-dellia-nella-comunicazione\/","og_site_name":"KS\/CS Comunicazione Svizzera","article_published_time":"2023-12-18T10:20:05+00:00","article_modified_time":"2024-01-17T12:28:39+00:00","og_image":[{"width":1200,"height":920,"url":"https:\/\/ks-cs.ch\/wp-content\/uploads\/2022\/11\/Logo.jpeg","type":"image\/jpeg"}],"author":"Hendrik Fischer","twitter_card":"summary_large_image","twitter_misc":{"Scritto da":"Hendrik Fischer","Tempo di lettura stimato":"2 minuti"},"schema":{"@context":"https:\/\/schema.org","@graph":[{"@type":"Article","@id":"https:\/\/ks-cs.ch\/it\/consigli-legali-e-pratici-sulluso-dellia-nella-comunicazione\/#article","isPartOf":{"@id":"https:\/\/ks-cs.ch\/it\/consigli-legali-e-pratici-sulluso-dellia-nella-comunicazione\/"},"author":{"name":"Hendrik Fischer","@id":"https:\/\/ks-cs.ch\/it\/#\/schema\/person\/757c9eea7858086d44d1a415e371e005"},"headline":"Consigli legali e pratici sull&#8217;uso dell&#8217;IA nella comunicazione","datePublished":"2023-12-18T10:20:05+00:00","dateModified":"2024-01-17T12:28:39+00:00","mainEntityOfPage":{"@id":"https:\/\/ks-cs.ch\/it\/consigli-legali-e-pratici-sulluso-dellia-nella-comunicazione\/"},"wordCount":352,"publisher":{"@id":"https:\/\/ks-cs.ch\/it\/#organization"},"articleSection":["Comunicato stampa"],"inLanguage":"it-IT"},{"@type":"WebPage","@id":"https:\/\/ks-cs.ch\/it\/consigli-legali-e-pratici-sulluso-dellia-nella-comunicazione\/","url":"https:\/\/ks-cs.ch\/it\/consigli-legali-e-pratici-sulluso-dellia-nella-comunicazione\/","name":"Consigli legali e pratici sull'uso dell'IA nella comunicazione - KS\/CS Comunicazione Svizzera","isPartOf":{"@id":"https:\/\/ks-cs.ch\/it\/#website"},"datePublished":"2023-12-18T10:20:05+00:00","dateModified":"2024-01-17T12:28:39+00:00","breadcrumb":{"@id":"https:\/\/ks-cs.ch\/it\/consigli-legali-e-pratici-sulluso-dellia-nella-comunicazione\/#breadcrumb"},"inLanguage":"it-IT","potentialAction":[{"@type":"ReadAction","target":["https:\/\/ks-cs.ch\/it\/consigli-legali-e-pratici-sulluso-dellia-nella-comunicazione\/"]}]},{"@type":"BreadcrumbList","@id":"https:\/\/ks-cs.ch\/it\/consigli-legali-e-pratici-sulluso-dellia-nella-comunicazione\/#breadcrumb","itemListElement":[{"@type":"ListItem","position":1,"name":"Home","item":"https:\/\/ks-cs.ch\/it\/"},{"@type":"ListItem","position":2,"name":"Consigli legali e pratici sull&#8217;uso dell&#8217;IA nella comunicazione"}]},{"@type":"WebSite","@id":"https:\/\/ks-cs.ch\/it\/#website","url":"https:\/\/ks-cs.ch\/it\/","name":"KS\/CS Kommunikation Schweiz","description":"Associazione di comunicazione commerciale","publisher":{"@id":"https:\/\/ks-cs.ch\/it\/#organization"},"potentialAction":[{"@type":"SearchAction","target":{"@type":"EntryPoint","urlTemplate":"https:\/\/ks-cs.ch\/it\/?s={search_term_string}"},"query-input":{"@type":"PropertyValueSpecification","valueRequired":true,"valueName":"search_term_string"}}],"inLanguage":"it-IT"},{"@type":"Organization","@id":"https:\/\/ks-cs.ch\/it\/#organization","name":"KS\/CS Kommunikation Schweiz","url":"https:\/\/ks-cs.ch\/it\/","logo":{"@type":"ImageObject","inLanguage":"it-IT","@id":"https:\/\/ks-cs.ch\/it\/#\/schema\/logo\/image\/","url":"https:\/\/ks-cs.ch\/wp-content\/uploads\/2022\/12\/Logo-Social-Media-1.jpg","contentUrl":"https:\/\/ks-cs.ch\/wp-content\/uploads\/2022\/12\/Logo-Social-Media-1.jpg","width":709,"height":608,"caption":"KS\/CS Kommunikation Schweiz"},"image":{"@id":"https:\/\/ks-cs.ch\/it\/#\/schema\/logo\/image\/"},"sameAs":["https:\/\/www.linkedin.com\/company\/kommunikation-schweiz-communication-suisse-comunicazione-svizzera-communication-switzerland\/"]},{"@type":"Person","@id":"https:\/\/ks-cs.ch\/it\/#\/schema\/person\/757c9eea7858086d44d1a415e371e005","name":"Hendrik Fischer","image":{"@type":"ImageObject","inLanguage":"it-IT","@id":"https:\/\/secure.gravatar.com\/avatar\/53cc83626804a21e731fe1b5f49d38c46710f65192dda8fbe5b5fe16ad0804b8?s=96&d=mm&r=g","url":"https:\/\/secure.gravatar.com\/avatar\/53cc83626804a21e731fe1b5f49d38c46710f65192dda8fbe5b5fe16ad0804b8?s=96&d=mm&r=g","contentUrl":"https:\/\/secure.gravatar.com\/avatar\/53cc83626804a21e731fe1b5f49d38c46710f65192dda8fbe5b5fe16ad0804b8?s=96&d=mm&r=g","caption":"Hendrik Fischer"}}]}},"publishpress_future_action":{"enabled":false,"date":"2026-05-04 16:14:51","action":"change-status","newStatus":"draft","terms":[],"taxonomy":"category","extraData":[]},"publishpress_future_workflow_manual_trigger":{"enabledWorkflows":[]},"_links":{"self":[{"href":"https:\/\/ks-cs.ch\/it\/wp-json\/wp\/v2\/posts\/4924","targetHints":{"allow":["GET"]}}],"collection":[{"href":"https:\/\/ks-cs.ch\/it\/wp-json\/wp\/v2\/posts"}],"about":[{"href":"https:\/\/ks-cs.ch\/it\/wp-json\/wp\/v2\/types\/post"}],"author":[{"embeddable":true,"href":"https:\/\/ks-cs.ch\/it\/wp-json\/wp\/v2\/users\/5"}],"replies":[{"embeddable":true,"href":"https:\/\/ks-cs.ch\/it\/wp-json\/wp\/v2\/comments?post=4924"}],"version-history":[{"count":1,"href":"https:\/\/ks-cs.ch\/it\/wp-json\/wp\/v2\/posts\/4924\/revisions"}],"predecessor-version":[{"id":4926,"href":"https:\/\/ks-cs.ch\/it\/wp-json\/wp\/v2\/posts\/4924\/revisions\/4926"}],"wp:attachment":[{"href":"https:\/\/ks-cs.ch\/it\/wp-json\/wp\/v2\/media?parent=4924"}],"wp:term":[{"taxonomy":"category","embeddable":true,"href":"https:\/\/ks-cs.ch\/it\/wp-json\/wp\/v2\/categories?post=4924"},{"taxonomy":"post_tag","embeddable":true,"href":"https:\/\/ks-cs.ch\/it\/wp-json\/wp\/v2\/tags?post=4924"}],"curies":[{"name":"wp","href":"https:\/\/api.w.org\/{rel}","templated":true}]}}