{"id":1097,"date":"2022-01-26T08:42:18","date_gmt":"2022-01-26T07:42:18","guid":{"rendered":"https:\/\/ks-cs.ch\/rafforzamento-delle-competenze-in-materia-di-comunicazione\/"},"modified":"2022-10-26T11:04:27","modified_gmt":"2022-10-26T09:04:27","slug":"rafforzamento-delle-competenze-in-materia-di-comunicazione","status":"publish","type":"post","link":"https:\/\/ks-cs.ch\/it\/rafforzamento-delle-competenze-in-materia-di-comunicazione\/","title":{"rendered":"Rafforzamento delle competenze in materia di comunicazione"},"content":{"rendered":"<p>Nel 2021, 14 candidati hanno dimostrato con successo le conoscenze apprese e acquisite nel corso di un anno negli esami professionali superiori (7 nell&#8217;anno precedente). Ora possiedono le competenze e le conoscenze professionali e di leadership necessarie per dare forma alla comunicazione aziendale in modo competente, credibile e di successo.<\/p>\n<h3>Due donne al vertice<\/h3>\n<p>Anche quest&#8217;anno, la migliore prestazione \u00e8 stata ottenuta da una donna. Con un voto complessivo di 4,9, Manuela Schlumpf (Amministratore delegato di Vincent &amp; Partner GmbH) ha risolto i compiti nel modo migliore. \u00c8 stata seguita da vicino da Tabita Walther (specialista della comunicazione del Cantone di Basilea Citt\u00e0). La media dei voti di tutti i diplomati \u00e8 stata pari a 4,4. L&#8217;anno scorso, Miriam Dibsdale (Smart Media Agency AG, Zurigo) e Devi Geigenfeind, (fadeout gmbh, agenzia per la comunicazione digitale, Basilea) hanno ottenuto i punteggi pi\u00f9 alti con un punteggio complessivo di 5,3.<\/p>\n<h3>Tesi di diploma pratico<\/h3>\n<p>Il superamento dell&#8217;esame scritto non era l&#8217;unico requisito per il diploma. I futuri leader della comunicazione hanno anche preparato una tesi di diploma, che hanno presentato agli esperti durante gli esami orali. Oltre a molti progetti interessanti, si \u00e8 distinta in particolare l&#8217;esperienza pratica associata.<\/p>\n<h3>Esami 2022<\/h3>\n<p>I prossimi esami scritti dei leader della comunicazione si svolgeranno gioved\u00ec e venerd\u00ec 25\/26 agosto e gli esami orali luned\u00ec 3 ottobre 2022. Il termine ultimo per l&#8217;iscrizione \u00e8 luned\u00ec 11 aprile 2022.<br \/>\nI nomi dei diplomati e ulteriori informazioni sul programma di formazione continua nel settore della comunicazione sono disponibili su ks-cs.ch nella sezione Formazione professionale.<\/p>\n<p><strong>Richieste ai media:<\/strong><br \/>\nVera Baldo-Tschan<br \/>\nResponsabile della gestione dei contenuti<br \/>\n<a href=\"mailto:Baldo-tschan@ks-cs.ch\">Baldo-tschan@ks-cs.ch<\/a><br \/>\n<a href=\"tel:+41795866636\">+41 79 586 66 36<\/a><\/p>\n<p><strong>Chi siamo:<\/strong><br \/>\nL&#8217;istruzione e la formazione sono una delle preoccupazioni principali di KS\/CS Comunicazione Svizzera. L&#8217;organizzazione mantello della comunicazione commerciale in Svizzera svolge, tra l&#8217;altro, gli esami professionali federali per specialisti della comunicazione e l&#8217;esame professionale superiore per manager della comunicazione su incarico della Confederazione. Questi esami sono sostenuti da oltre 120 candidati ogni anno. In questo contesto, KS\/CS sostiene tutti gli sforzi per rafforzare il sistema di istruzione duale e per rendere i suoi titoli di studio comparabili a livello internazionale.<\/p>\n","protected":false},"excerpt":{"rendered":"<p>Zurigo, 26 gennaio 2022. Il 93% dei candidati ha superato con successo l&#8217;esame federale per manager della comunicazione di quest&#8217;anno. L&#8217;anno precedente la percentuale era dell&#8217;86%. I laureati di entrambi gli anni sono stati premiati a Lucerna con il pi\u00f9 alto riconoscimento dell&#8217;industria della comunicazione svizzera.<\/p>\n","protected":false},"author":1,"featured_media":0,"comment_status":"closed","ping_status":"open","sticky":false,"template":"","format":"standard","meta":{"content-type":"","footnotes":""},"categories":[29],"tags":[],"class_list":["post-1097","post","type-post","status-publish","format-standard","hentry","category-comunicato-stampa"],"yoast_head":"<!-- This site is optimized with the Yoast SEO plugin v27.4 - https:\/\/yoast.com\/product\/yoast-seo-wordpress\/ -->\n<title>Rafforzamento delle competenze in materia di comunicazione - KS\/CS Comunicazione Svizzera<\/title>\n<meta name=\"robots\" content=\"index, follow, max-snippet:-1, max-image-preview:large, max-video-preview:-1\" \/>\n<link rel=\"canonical\" href=\"https:\/\/ks-cs.ch\/it\/rafforzamento-delle-competenze-in-materia-di-comunicazione\/\" \/>\n<meta property=\"og:locale\" content=\"it_IT\" \/>\n<meta property=\"og:type\" content=\"article\" \/>\n<meta property=\"og:title\" content=\"Rafforzamento delle competenze in materia di comunicazione - KS\/CS Comunicazione Svizzera\" \/>\n<meta property=\"og:description\" content=\"Zurigo, 26 gennaio 2022. Il 93% dei candidati ha superato con successo l&#039;esame federale per manager della comunicazione di quest&#039;anno. L&#039;anno precedente la percentuale era dell&#039;86%. I laureati di entrambi gli anni sono stati premiati a Lucerna con il pi\u00f9 alto riconoscimento dell&#039;industria della comunicazione svizzera.\" \/>\n<meta property=\"og:url\" content=\"https:\/\/ks-cs.ch\/it\/rafforzamento-delle-competenze-in-materia-di-comunicazione\/\" \/>\n<meta property=\"og:site_name\" content=\"KS\/CS Comunicazione Svizzera\" \/>\n<meta property=\"article:published_time\" content=\"2022-01-26T07:42:18+00:00\" \/>\n<meta property=\"article:modified_time\" content=\"2022-10-26T09:04:27+00:00\" \/>\n<meta property=\"og:image\" content=\"https:\/\/ks-cs.ch\/wp-content\/uploads\/2022\/11\/Logo.jpeg\" \/>\n\t<meta property=\"og:image:width\" content=\"1200\" \/>\n\t<meta property=\"og:image:height\" content=\"920\" \/>\n\t<meta property=\"og:image:type\" content=\"image\/jpeg\" \/>\n<meta name=\"author\" content=\"chris\" \/>\n<meta name=\"twitter:card\" content=\"summary_large_image\" \/>\n<meta name=\"twitter:label1\" content=\"Scritto da\" \/>\n\t<meta name=\"twitter:data1\" content=\"chris\" \/>\n\t<meta name=\"twitter:label2\" content=\"Tempo di lettura stimato\" \/>\n\t<meta name=\"twitter:data2\" content=\"2 minuti\" \/>\n<script type=\"application\/ld+json\" class=\"yoast-schema-graph\">{\"@context\":\"https:\\\/\\\/schema.org\",\"@graph\":[{\"@type\":\"Article\",\"@id\":\"https:\\\/\\\/ks-cs.ch\\\/it\\\/rafforzamento-delle-competenze-in-materia-di-comunicazione\\\/#article\",\"isPartOf\":{\"@id\":\"https:\\\/\\\/ks-cs.ch\\\/it\\\/rafforzamento-delle-competenze-in-materia-di-comunicazione\\\/\"},\"author\":{\"name\":\"chris\",\"@id\":\"https:\\\/\\\/ks-cs.ch\\\/it\\\/#\\\/schema\\\/person\\\/c514c44eb5ae1cd2ea32d7f64ec9d495\"},\"headline\":\"Rafforzamento delle competenze in materia di comunicazione\",\"datePublished\":\"2022-01-26T07:42:18+00:00\",\"dateModified\":\"2022-10-26T09:04:27+00:00\",\"mainEntityOfPage\":{\"@id\":\"https:\\\/\\\/ks-cs.ch\\\/it\\\/rafforzamento-delle-competenze-in-materia-di-comunicazione\\\/\"},\"wordCount\":343,\"publisher\":{\"@id\":\"https:\\\/\\\/ks-cs.ch\\\/it\\\/#organization\"},\"articleSection\":[\"Comunicato stampa\"],\"inLanguage\":\"it-IT\"},{\"@type\":\"WebPage\",\"@id\":\"https:\\\/\\\/ks-cs.ch\\\/it\\\/rafforzamento-delle-competenze-in-materia-di-comunicazione\\\/\",\"url\":\"https:\\\/\\\/ks-cs.ch\\\/it\\\/rafforzamento-delle-competenze-in-materia-di-comunicazione\\\/\",\"name\":\"Rafforzamento delle competenze in materia di comunicazione - KS\\\/CS Comunicazione Svizzera\",\"isPartOf\":{\"@id\":\"https:\\\/\\\/ks-cs.ch\\\/it\\\/#website\"},\"datePublished\":\"2022-01-26T07:42:18+00:00\",\"dateModified\":\"2022-10-26T09:04:27+00:00\",\"breadcrumb\":{\"@id\":\"https:\\\/\\\/ks-cs.ch\\\/it\\\/rafforzamento-delle-competenze-in-materia-di-comunicazione\\\/#breadcrumb\"},\"inLanguage\":\"it-IT\",\"potentialAction\":[{\"@type\":\"ReadAction\",\"target\":[\"https:\\\/\\\/ks-cs.ch\\\/it\\\/rafforzamento-delle-competenze-in-materia-di-comunicazione\\\/\"]}]},{\"@type\":\"BreadcrumbList\",\"@id\":\"https:\\\/\\\/ks-cs.ch\\\/it\\\/rafforzamento-delle-competenze-in-materia-di-comunicazione\\\/#breadcrumb\",\"itemListElement\":[{\"@type\":\"ListItem\",\"position\":1,\"name\":\"Home\",\"item\":\"https:\\\/\\\/ks-cs.ch\\\/it\\\/\"},{\"@type\":\"ListItem\",\"position\":2,\"name\":\"Rafforzamento delle competenze in materia di comunicazione\"}]},{\"@type\":\"WebSite\",\"@id\":\"https:\\\/\\\/ks-cs.ch\\\/it\\\/#website\",\"url\":\"https:\\\/\\\/ks-cs.ch\\\/it\\\/\",\"name\":\"KS\\\/CS Kommunikation Schweiz\",\"description\":\"Associazione di comunicazione commerciale\",\"publisher\":{\"@id\":\"https:\\\/\\\/ks-cs.ch\\\/it\\\/#organization\"},\"potentialAction\":[{\"@type\":\"SearchAction\",\"target\":{\"@type\":\"EntryPoint\",\"urlTemplate\":\"https:\\\/\\\/ks-cs.ch\\\/it\\\/?s={search_term_string}\"},\"query-input\":{\"@type\":\"PropertyValueSpecification\",\"valueRequired\":true,\"valueName\":\"search_term_string\"}}],\"inLanguage\":\"it-IT\"},{\"@type\":\"Organization\",\"@id\":\"https:\\\/\\\/ks-cs.ch\\\/it\\\/#organization\",\"name\":\"KS\\\/CS Kommunikation Schweiz\",\"url\":\"https:\\\/\\\/ks-cs.ch\\\/it\\\/\",\"logo\":{\"@type\":\"ImageObject\",\"inLanguage\":\"it-IT\",\"@id\":\"https:\\\/\\\/ks-cs.ch\\\/it\\\/#\\\/schema\\\/logo\\\/image\\\/\",\"url\":\"https:\\\/\\\/ks-cs.ch\\\/wp-content\\\/uploads\\\/2022\\\/12\\\/Logo-Social-Media-1.jpg\",\"contentUrl\":\"https:\\\/\\\/ks-cs.ch\\\/wp-content\\\/uploads\\\/2022\\\/12\\\/Logo-Social-Media-1.jpg\",\"width\":709,\"height\":608,\"caption\":\"KS\\\/CS Kommunikation Schweiz\"},\"image\":{\"@id\":\"https:\\\/\\\/ks-cs.ch\\\/it\\\/#\\\/schema\\\/logo\\\/image\\\/\"},\"sameAs\":[\"https:\\\/\\\/www.linkedin.com\\\/company\\\/kommunikation-schweiz-communication-suisse-comunicazione-svizzera-communication-switzerland\\\/\"]},{\"@type\":\"Person\",\"@id\":\"https:\\\/\\\/ks-cs.ch\\\/it\\\/#\\\/schema\\\/person\\\/c514c44eb5ae1cd2ea32d7f64ec9d495\",\"name\":\"chris\",\"image\":{\"@type\":\"ImageObject\",\"inLanguage\":\"it-IT\",\"@id\":\"https:\\\/\\\/secure.gravatar.com\\\/avatar\\\/bfb50d1cba705ec7b06e8cc63542866addf3e2a90482863b15e0bf41565c439a?s=96&d=mm&r=g\",\"url\":\"https:\\\/\\\/secure.gravatar.com\\\/avatar\\\/bfb50d1cba705ec7b06e8cc63542866addf3e2a90482863b15e0bf41565c439a?s=96&d=mm&r=g\",\"contentUrl\":\"https:\\\/\\\/secure.gravatar.com\\\/avatar\\\/bfb50d1cba705ec7b06e8cc63542866addf3e2a90482863b15e0bf41565c439a?s=96&d=mm&r=g\",\"caption\":\"chris\"},\"sameAs\":[\"https:\\\/\\\/new.ks-cs.ch\"]}]}<\/script>\n<!-- \/ Yoast SEO plugin. -->","yoast_head_json":{"title":"Rafforzamento delle competenze in materia di comunicazione - KS\/CS Comunicazione Svizzera","robots":{"index":"index","follow":"follow","max-snippet":"max-snippet:-1","max-image-preview":"max-image-preview:large","max-video-preview":"max-video-preview:-1"},"canonical":"https:\/\/ks-cs.ch\/it\/rafforzamento-delle-competenze-in-materia-di-comunicazione\/","og_locale":"it_IT","og_type":"article","og_title":"Rafforzamento delle competenze in materia di comunicazione - KS\/CS Comunicazione Svizzera","og_description":"Zurigo, 26 gennaio 2022. Il 93% dei candidati ha superato con successo l'esame federale per manager della comunicazione di quest'anno. L'anno precedente la percentuale era dell'86%. I laureati di entrambi gli anni sono stati premiati a Lucerna con il pi\u00f9 alto riconoscimento dell'industria della comunicazione svizzera.","og_url":"https:\/\/ks-cs.ch\/it\/rafforzamento-delle-competenze-in-materia-di-comunicazione\/","og_site_name":"KS\/CS Comunicazione Svizzera","article_published_time":"2022-01-26T07:42:18+00:00","article_modified_time":"2022-10-26T09:04:27+00:00","og_image":[{"width":1200,"height":920,"url":"https:\/\/ks-cs.ch\/wp-content\/uploads\/2022\/11\/Logo.jpeg","type":"image\/jpeg"}],"author":"chris","twitter_card":"summary_large_image","twitter_misc":{"Scritto da":"chris","Tempo di lettura stimato":"2 minuti"},"schema":{"@context":"https:\/\/schema.org","@graph":[{"@type":"Article","@id":"https:\/\/ks-cs.ch\/it\/rafforzamento-delle-competenze-in-materia-di-comunicazione\/#article","isPartOf":{"@id":"https:\/\/ks-cs.ch\/it\/rafforzamento-delle-competenze-in-materia-di-comunicazione\/"},"author":{"name":"chris","@id":"https:\/\/ks-cs.ch\/it\/#\/schema\/person\/c514c44eb5ae1cd2ea32d7f64ec9d495"},"headline":"Rafforzamento delle competenze in materia di comunicazione","datePublished":"2022-01-26T07:42:18+00:00","dateModified":"2022-10-26T09:04:27+00:00","mainEntityOfPage":{"@id":"https:\/\/ks-cs.ch\/it\/rafforzamento-delle-competenze-in-materia-di-comunicazione\/"},"wordCount":343,"publisher":{"@id":"https:\/\/ks-cs.ch\/it\/#organization"},"articleSection":["Comunicato stampa"],"inLanguage":"it-IT"},{"@type":"WebPage","@id":"https:\/\/ks-cs.ch\/it\/rafforzamento-delle-competenze-in-materia-di-comunicazione\/","url":"https:\/\/ks-cs.ch\/it\/rafforzamento-delle-competenze-in-materia-di-comunicazione\/","name":"Rafforzamento delle competenze in materia di comunicazione - KS\/CS Comunicazione Svizzera","isPartOf":{"@id":"https:\/\/ks-cs.ch\/it\/#website"},"datePublished":"2022-01-26T07:42:18+00:00","dateModified":"2022-10-26T09:04:27+00:00","breadcrumb":{"@id":"https:\/\/ks-cs.ch\/it\/rafforzamento-delle-competenze-in-materia-di-comunicazione\/#breadcrumb"},"inLanguage":"it-IT","potentialAction":[{"@type":"ReadAction","target":["https:\/\/ks-cs.ch\/it\/rafforzamento-delle-competenze-in-materia-di-comunicazione\/"]}]},{"@type":"BreadcrumbList","@id":"https:\/\/ks-cs.ch\/it\/rafforzamento-delle-competenze-in-materia-di-comunicazione\/#breadcrumb","itemListElement":[{"@type":"ListItem","position":1,"name":"Home","item":"https:\/\/ks-cs.ch\/it\/"},{"@type":"ListItem","position":2,"name":"Rafforzamento delle competenze in materia di comunicazione"}]},{"@type":"WebSite","@id":"https:\/\/ks-cs.ch\/it\/#website","url":"https:\/\/ks-cs.ch\/it\/","name":"KS\/CS Kommunikation Schweiz","description":"Associazione di comunicazione commerciale","publisher":{"@id":"https:\/\/ks-cs.ch\/it\/#organization"},"potentialAction":[{"@type":"SearchAction","target":{"@type":"EntryPoint","urlTemplate":"https:\/\/ks-cs.ch\/it\/?s={search_term_string}"},"query-input":{"@type":"PropertyValueSpecification","valueRequired":true,"valueName":"search_term_string"}}],"inLanguage":"it-IT"},{"@type":"Organization","@id":"https:\/\/ks-cs.ch\/it\/#organization","name":"KS\/CS Kommunikation Schweiz","url":"https:\/\/ks-cs.ch\/it\/","logo":{"@type":"ImageObject","inLanguage":"it-IT","@id":"https:\/\/ks-cs.ch\/it\/#\/schema\/logo\/image\/","url":"https:\/\/ks-cs.ch\/wp-content\/uploads\/2022\/12\/Logo-Social-Media-1.jpg","contentUrl":"https:\/\/ks-cs.ch\/wp-content\/uploads\/2022\/12\/Logo-Social-Media-1.jpg","width":709,"height":608,"caption":"KS\/CS Kommunikation Schweiz"},"image":{"@id":"https:\/\/ks-cs.ch\/it\/#\/schema\/logo\/image\/"},"sameAs":["https:\/\/www.linkedin.com\/company\/kommunikation-schweiz-communication-suisse-comunicazione-svizzera-communication-switzerland\/"]},{"@type":"Person","@id":"https:\/\/ks-cs.ch\/it\/#\/schema\/person\/c514c44eb5ae1cd2ea32d7f64ec9d495","name":"chris","image":{"@type":"ImageObject","inLanguage":"it-IT","@id":"https:\/\/secure.gravatar.com\/avatar\/bfb50d1cba705ec7b06e8cc63542866addf3e2a90482863b15e0bf41565c439a?s=96&d=mm&r=g","url":"https:\/\/secure.gravatar.com\/avatar\/bfb50d1cba705ec7b06e8cc63542866addf3e2a90482863b15e0bf41565c439a?s=96&d=mm&r=g","contentUrl":"https:\/\/secure.gravatar.com\/avatar\/bfb50d1cba705ec7b06e8cc63542866addf3e2a90482863b15e0bf41565c439a?s=96&d=mm&r=g","caption":"chris"},"sameAs":["https:\/\/new.ks-cs.ch"]}]}},"publishpress_future_action":{"enabled":false,"date":"2026-05-04 17:48:58","action":"change-status","newStatus":"draft","terms":[],"taxonomy":"category","extraData":[]},"publishpress_future_workflow_manual_trigger":{"enabledWorkflows":[]},"_links":{"self":[{"href":"https:\/\/ks-cs.ch\/it\/wp-json\/wp\/v2\/posts\/1097","targetHints":{"allow":["GET"]}}],"collection":[{"href":"https:\/\/ks-cs.ch\/it\/wp-json\/wp\/v2\/posts"}],"about":[{"href":"https:\/\/ks-cs.ch\/it\/wp-json\/wp\/v2\/types\/post"}],"author":[{"embeddable":true,"href":"https:\/\/ks-cs.ch\/it\/wp-json\/wp\/v2\/users\/1"}],"replies":[{"embeddable":true,"href":"https:\/\/ks-cs.ch\/it\/wp-json\/wp\/v2\/comments?post=1097"}],"version-history":[{"count":2,"href":"https:\/\/ks-cs.ch\/it\/wp-json\/wp\/v2\/posts\/1097\/revisions"}],"predecessor-version":[{"id":2211,"href":"https:\/\/ks-cs.ch\/it\/wp-json\/wp\/v2\/posts\/1097\/revisions\/2211"}],"wp:attachment":[{"href":"https:\/\/ks-cs.ch\/it\/wp-json\/wp\/v2\/media?parent=1097"}],"wp:term":[{"taxonomy":"category","embeddable":true,"href":"https:\/\/ks-cs.ch\/it\/wp-json\/wp\/v2\/categories?post=1097"},{"taxonomy":"post_tag","embeddable":true,"href":"https:\/\/ks-cs.ch\/it\/wp-json\/wp\/v2\/tags?post=1097"}],"curies":[{"name":"wp","href":"https:\/\/api.w.org\/{rel}","templated":true}]}}