{"id":1086,"date":"2022-07-12T08:36:59","date_gmt":"2022-07-12T06:36:59","guid":{"rendered":"https:\/\/ks-cs.ch\/consegna-dei-diplomi-alla-nuova-generazione-di-professionisti-della-comunicazione\/"},"modified":"2022-10-26T11:08:44","modified_gmt":"2022-10-26T09:08:44","slug":"consegna-dei-diplomi-alla-nuova-generazione-di-professionisti-della-comunicazione","status":"publish","type":"post","link":"https:\/\/ks-cs.ch\/it\/consegna-dei-diplomi-alla-nuova-generazione-di-professionisti-della-comunicazione\/","title":{"rendered":"Consegna dei diplomi alla nuova generazione di professionisti della comunicazione"},"content":{"rendered":"<p>Gioved\u00ec sera, a Berna, sono stati consegnati ai diplomati i diplomi per l&#8217;esame federale di specializzazione in comunicazione. Prima, il presidente della commissione d&#8217;esame, Dominik Leonhardt, ha dato il benvenuto ai presenti e si \u00e8 congratulato con loro per il superamento dell&#8217;esame. Il 64% dei 111 candidati della Svizzera tedesca e francese ha superato quest&#8217;anno l&#8217;esame federale di pubblicit\u00e0, condotto da KS\/CS Kommunikation Schweiz.<\/p>\n<h3>Comunicazione interna<\/h3>\n<p>Nella sua stimolante presentazione, la moderatrice e giornalista Eva Wannenmacher ha parlato agli studenti diplomati della comunicazione interiore con se stessi. Perch\u00e9 la comunicazione con il proprio subconscio \u00e8 la chiave della vera felicit\u00e0 nella vita. Wannenmacher ha sottolineato che i presenti possono imparare a comunicare sia internamente che esternamente. Parte di questa comunicazione interiore \u00e8 anche il potere di manifestare: &#8220;Per un vero cambiamento interiore, non \u00e8 decisiva la forza di volont\u00e0, ma la nostra immaginazione&#8221;, afferma Eva Wannenmacher, che lavora anche come coach psicologico a Zurigo.<\/p>\n<h3>Tre punti di forza speciali<\/h3>\n<p>Il miglior risultato d&#8217;esame di quest&#8217;anno \u00e8 stato ottenuto da Vanja Dujakovic con un eccellente voto finale di 5,5. Seguono al secondo e terzo posto Janine Koller con un punteggio di 5,2 e Nicolas Preisig con un punteggio di 5,1. KS\/CS Communication Switzerland si congratula per questi risultati di grande successo.<\/p>\n<figure id=\"attachment_866\" aria-describedby=\"caption-attachment-866\" style=\"width: 1999px\" class=\"wp-caption alignnone\"><img decoding=\"async\" class=\"wp-image-632 size-full\" src=\"https:\/\/ks-cs.ch\/wp-content\/uploads\/2022\/07\/Diplome-an-die-neue-Generation-der-Kommunikationsfachleute-u%CC%88bergeben.jpg\" alt=\"\" width=\"1999\" height=\"1333\"><figcaption id=\"caption-attachment-866\" class=\"wp-caption-text\">Da sinistra a destra: l&#8217;esaminatore per la Svizzera francese Yves Epiney, Vanja Dujakovic, Janine Koller, Nicolas Preisig e l&#8217;esaminatore per la Svizzera tedesca Roland Ehrler.<\/figcaption><\/figure>\n<p>I prossimi esami per gli specialisti della comunicazione federale si svolgeranno a marzo e aprile 2023. Il termine ultimo per la presentazione delle domande \u00e8 il 28 ottobre 2022. I nomi di tutti i diplomati e le informazioni sulla formazione continua nel campo della comunicazione sono disponibili sul sito web di KS\/CS.<\/p>\n<p><strong>Richieste ai media:<\/strong><br \/>\nVera Baldo-Tschan<br \/>\nResponsabile Affari pubblici e comunicazione<br \/>\n<a href=\"mailto:Baldo-tschan@ks-cs.ch\">Baldo-tschan@ks-cs.ch<\/a><br \/>\n<a href=\"tel:+41795866636\">+41 79 586 66 36<\/a><\/p>\n<p><strong>Chi siamo:<\/strong><br \/>\nL&#8217;istruzione e la formazione sono una delle preoccupazioni principali di KS\/CS Comunicazione Svizzera. L&#8217;organizzazione mantello della comunicazione commerciale in Svizzera svolge, tra l&#8217;altro, gli esami professionali federali per specialisti della comunicazione e l&#8217;esame professionale superiore per manager della comunicazione su incarico della Confederazione. Questi esami sono sostenuti da oltre 120 candidati ogni anno. In questo contesto, KS\/CS sostiene tutti gli sforzi per rafforzare il sistema di istruzione duale e per rendere i suoi titoli di studio comparabili a livello internazionale.<\/p>\n","protected":false},"excerpt":{"rendered":"<p>Berna, 12 luglio 2022. Dopo due anni senza la consegna dei diplomi di persona per gli specialisti della comunicazione, quest&#8217;anno la cerimonia di consegna dei diplomi si \u00e8 svolta di nuovo fisicamente il 7 luglio. Alla cerimonia, la presentatrice, giornalista e allenatrice della SRF Eva Wannenmacher ha tenuto un discorso ispiratore ai diplomati.<\/p>\n","protected":false},"author":1,"featured_media":0,"comment_status":"closed","ping_status":"open","sticky":false,"template":"","format":"standard","meta":{"content-type":"","footnotes":""},"categories":[29],"tags":[],"class_list":["post-1086","post","type-post","status-publish","format-standard","hentry","category-comunicato-stampa"],"yoast_head":"<!-- This site is optimized with the Yoast SEO plugin v27.4 - https:\/\/yoast.com\/product\/yoast-seo-wordpress\/ -->\n<title>Consegna dei diplomi alla nuova generazione di professionisti della comunicazione - KS\/CS Comunicazione Svizzera<\/title>\n<meta name=\"robots\" content=\"index, follow, max-snippet:-1, max-image-preview:large, max-video-preview:-1\" \/>\n<link rel=\"canonical\" href=\"https:\/\/ks-cs.ch\/it\/consegna-dei-diplomi-alla-nuova-generazione-di-professionisti-della-comunicazione\/\" \/>\n<meta property=\"og:locale\" content=\"it_IT\" \/>\n<meta property=\"og:type\" content=\"article\" \/>\n<meta property=\"og:title\" content=\"Consegna dei diplomi alla nuova generazione di professionisti della comunicazione - KS\/CS Comunicazione Svizzera\" \/>\n<meta property=\"og:description\" content=\"Berna, 12 luglio 2022. Dopo due anni senza la consegna dei diplomi di persona per gli specialisti della comunicazione, quest&#039;anno la cerimonia di consegna dei diplomi si \u00e8 svolta di nuovo fisicamente il 7 luglio. Alla cerimonia, la presentatrice, giornalista e allenatrice della SRF Eva Wannenmacher ha tenuto un discorso ispiratore ai diplomati.\" \/>\n<meta property=\"og:url\" content=\"https:\/\/ks-cs.ch\/it\/consegna-dei-diplomi-alla-nuova-generazione-di-professionisti-della-comunicazione\/\" \/>\n<meta property=\"og:site_name\" content=\"KS\/CS Comunicazione Svizzera\" \/>\n<meta property=\"article:published_time\" content=\"2022-07-12T06:36:59+00:00\" \/>\n<meta property=\"article:modified_time\" content=\"2022-10-26T09:08:44+00:00\" \/>\n<meta property=\"og:image\" content=\"https:\/\/ks-cs.ch\/wp-content\/uploads\/2022\/07\/Diplome-an-die-neue-Generation-der-Kommunikationsfachleute-u%CC%88bergeben.jpg\" \/>\n<meta name=\"author\" content=\"chris\" \/>\n<meta name=\"twitter:card\" content=\"summary_large_image\" \/>\n<meta name=\"twitter:label1\" content=\"Scritto da\" \/>\n\t<meta name=\"twitter:data1\" content=\"chris\" \/>\n\t<meta name=\"twitter:label2\" content=\"Tempo di lettura stimato\" \/>\n\t<meta name=\"twitter:data2\" content=\"2 minuti\" \/>\n<script type=\"application\/ld+json\" class=\"yoast-schema-graph\">{\"@context\":\"https:\\\/\\\/schema.org\",\"@graph\":[{\"@type\":\"Article\",\"@id\":\"https:\\\/\\\/ks-cs.ch\\\/it\\\/consegna-dei-diplomi-alla-nuova-generazione-di-professionisti-della-comunicazione\\\/#article\",\"isPartOf\":{\"@id\":\"https:\\\/\\\/ks-cs.ch\\\/it\\\/consegna-dei-diplomi-alla-nuova-generazione-di-professionisti-della-comunicazione\\\/\"},\"author\":{\"name\":\"chris\",\"@id\":\"https:\\\/\\\/ks-cs.ch\\\/it\\\/#\\\/schema\\\/person\\\/c514c44eb5ae1cd2ea32d7f64ec9d495\"},\"headline\":\"Consegna dei diplomi alla nuova generazione di professionisti della comunicazione\",\"datePublished\":\"2022-07-12T06:36:59+00:00\",\"dateModified\":\"2022-10-26T09:08:44+00:00\",\"mainEntityOfPage\":{\"@id\":\"https:\\\/\\\/ks-cs.ch\\\/it\\\/consegna-dei-diplomi-alla-nuova-generazione-di-professionisti-della-comunicazione\\\/\"},\"wordCount\":389,\"publisher\":{\"@id\":\"https:\\\/\\\/ks-cs.ch\\\/it\\\/#organization\"},\"image\":{\"@id\":\"https:\\\/\\\/ks-cs.ch\\\/it\\\/consegna-dei-diplomi-alla-nuova-generazione-di-professionisti-della-comunicazione\\\/#primaryimage\"},\"thumbnailUrl\":\"https:\\\/\\\/ks-cs.ch\\\/wp-content\\\/uploads\\\/2022\\\/07\\\/Diplome-an-die-neue-Generation-der-Kommunikationsfachleute-u%CC%88bergeben.jpg\",\"articleSection\":[\"Comunicato stampa\"],\"inLanguage\":\"it-IT\"},{\"@type\":\"WebPage\",\"@id\":\"https:\\\/\\\/ks-cs.ch\\\/it\\\/consegna-dei-diplomi-alla-nuova-generazione-di-professionisti-della-comunicazione\\\/\",\"url\":\"https:\\\/\\\/ks-cs.ch\\\/it\\\/consegna-dei-diplomi-alla-nuova-generazione-di-professionisti-della-comunicazione\\\/\",\"name\":\"Consegna dei diplomi alla nuova generazione di professionisti della comunicazione - KS\\\/CS Comunicazione Svizzera\",\"isPartOf\":{\"@id\":\"https:\\\/\\\/ks-cs.ch\\\/it\\\/#website\"},\"primaryImageOfPage\":{\"@id\":\"https:\\\/\\\/ks-cs.ch\\\/it\\\/consegna-dei-diplomi-alla-nuova-generazione-di-professionisti-della-comunicazione\\\/#primaryimage\"},\"image\":{\"@id\":\"https:\\\/\\\/ks-cs.ch\\\/it\\\/consegna-dei-diplomi-alla-nuova-generazione-di-professionisti-della-comunicazione\\\/#primaryimage\"},\"thumbnailUrl\":\"https:\\\/\\\/ks-cs.ch\\\/wp-content\\\/uploads\\\/2022\\\/07\\\/Diplome-an-die-neue-Generation-der-Kommunikationsfachleute-u%CC%88bergeben.jpg\",\"datePublished\":\"2022-07-12T06:36:59+00:00\",\"dateModified\":\"2022-10-26T09:08:44+00:00\",\"breadcrumb\":{\"@id\":\"https:\\\/\\\/ks-cs.ch\\\/it\\\/consegna-dei-diplomi-alla-nuova-generazione-di-professionisti-della-comunicazione\\\/#breadcrumb\"},\"inLanguage\":\"it-IT\",\"potentialAction\":[{\"@type\":\"ReadAction\",\"target\":[\"https:\\\/\\\/ks-cs.ch\\\/it\\\/consegna-dei-diplomi-alla-nuova-generazione-di-professionisti-della-comunicazione\\\/\"]}]},{\"@type\":\"ImageObject\",\"inLanguage\":\"it-IT\",\"@id\":\"https:\\\/\\\/ks-cs.ch\\\/it\\\/consegna-dei-diplomi-alla-nuova-generazione-di-professionisti-della-comunicazione\\\/#primaryimage\",\"url\":\"https:\\\/\\\/ks-cs.ch\\\/wp-content\\\/uploads\\\/2022\\\/07\\\/Diplome-an-die-neue-Generation-der-Kommunikationsfachleute-u%CC%88bergeben.jpg\",\"contentUrl\":\"https:\\\/\\\/ks-cs.ch\\\/wp-content\\\/uploads\\\/2022\\\/07\\\/Diplome-an-die-neue-Generation-der-Kommunikationsfachleute-u%CC%88bergeben.jpg\"},{\"@type\":\"BreadcrumbList\",\"@id\":\"https:\\\/\\\/ks-cs.ch\\\/it\\\/consegna-dei-diplomi-alla-nuova-generazione-di-professionisti-della-comunicazione\\\/#breadcrumb\",\"itemListElement\":[{\"@type\":\"ListItem\",\"position\":1,\"name\":\"Home\",\"item\":\"https:\\\/\\\/ks-cs.ch\\\/it\\\/\"},{\"@type\":\"ListItem\",\"position\":2,\"name\":\"Consegna dei diplomi alla nuova generazione di professionisti della comunicazione\"}]},{\"@type\":\"WebSite\",\"@id\":\"https:\\\/\\\/ks-cs.ch\\\/it\\\/#website\",\"url\":\"https:\\\/\\\/ks-cs.ch\\\/it\\\/\",\"name\":\"KS\\\/CS Kommunikation Schweiz\",\"description\":\"Associazione di comunicazione commerciale\",\"publisher\":{\"@id\":\"https:\\\/\\\/ks-cs.ch\\\/it\\\/#organization\"},\"potentialAction\":[{\"@type\":\"SearchAction\",\"target\":{\"@type\":\"EntryPoint\",\"urlTemplate\":\"https:\\\/\\\/ks-cs.ch\\\/it\\\/?s={search_term_string}\"},\"query-input\":{\"@type\":\"PropertyValueSpecification\",\"valueRequired\":true,\"valueName\":\"search_term_string\"}}],\"inLanguage\":\"it-IT\"},{\"@type\":\"Organization\",\"@id\":\"https:\\\/\\\/ks-cs.ch\\\/it\\\/#organization\",\"name\":\"KS\\\/CS Kommunikation Schweiz\",\"url\":\"https:\\\/\\\/ks-cs.ch\\\/it\\\/\",\"logo\":{\"@type\":\"ImageObject\",\"inLanguage\":\"it-IT\",\"@id\":\"https:\\\/\\\/ks-cs.ch\\\/it\\\/#\\\/schema\\\/logo\\\/image\\\/\",\"url\":\"https:\\\/\\\/ks-cs.ch\\\/wp-content\\\/uploads\\\/2022\\\/12\\\/Logo-Social-Media-1.jpg\",\"contentUrl\":\"https:\\\/\\\/ks-cs.ch\\\/wp-content\\\/uploads\\\/2022\\\/12\\\/Logo-Social-Media-1.jpg\",\"width\":709,\"height\":608,\"caption\":\"KS\\\/CS Kommunikation Schweiz\"},\"image\":{\"@id\":\"https:\\\/\\\/ks-cs.ch\\\/it\\\/#\\\/schema\\\/logo\\\/image\\\/\"},\"sameAs\":[\"https:\\\/\\\/www.linkedin.com\\\/company\\\/kommunikation-schweiz-communication-suisse-comunicazione-svizzera-communication-switzerland\\\/\"]},{\"@type\":\"Person\",\"@id\":\"https:\\\/\\\/ks-cs.ch\\\/it\\\/#\\\/schema\\\/person\\\/c514c44eb5ae1cd2ea32d7f64ec9d495\",\"name\":\"chris\",\"image\":{\"@type\":\"ImageObject\",\"inLanguage\":\"it-IT\",\"@id\":\"https:\\\/\\\/secure.gravatar.com\\\/avatar\\\/bfb50d1cba705ec7b06e8cc63542866addf3e2a90482863b15e0bf41565c439a?s=96&d=mm&r=g\",\"url\":\"https:\\\/\\\/secure.gravatar.com\\\/avatar\\\/bfb50d1cba705ec7b06e8cc63542866addf3e2a90482863b15e0bf41565c439a?s=96&d=mm&r=g\",\"contentUrl\":\"https:\\\/\\\/secure.gravatar.com\\\/avatar\\\/bfb50d1cba705ec7b06e8cc63542866addf3e2a90482863b15e0bf41565c439a?s=96&d=mm&r=g\",\"caption\":\"chris\"},\"sameAs\":[\"https:\\\/\\\/new.ks-cs.ch\"]}]}<\/script>\n<!-- \/ Yoast SEO plugin. -->","yoast_head_json":{"title":"Consegna dei diplomi alla nuova generazione di professionisti della comunicazione - KS\/CS Comunicazione Svizzera","robots":{"index":"index","follow":"follow","max-snippet":"max-snippet:-1","max-image-preview":"max-image-preview:large","max-video-preview":"max-video-preview:-1"},"canonical":"https:\/\/ks-cs.ch\/it\/consegna-dei-diplomi-alla-nuova-generazione-di-professionisti-della-comunicazione\/","og_locale":"it_IT","og_type":"article","og_title":"Consegna dei diplomi alla nuova generazione di professionisti della comunicazione - KS\/CS Comunicazione Svizzera","og_description":"Berna, 12 luglio 2022. Dopo due anni senza la consegna dei diplomi di persona per gli specialisti della comunicazione, quest'anno la cerimonia di consegna dei diplomi si \u00e8 svolta di nuovo fisicamente il 7 luglio. Alla cerimonia, la presentatrice, giornalista e allenatrice della SRF Eva Wannenmacher ha tenuto un discorso ispiratore ai diplomati.","og_url":"https:\/\/ks-cs.ch\/it\/consegna-dei-diplomi-alla-nuova-generazione-di-professionisti-della-comunicazione\/","og_site_name":"KS\/CS Comunicazione Svizzera","article_published_time":"2022-07-12T06:36:59+00:00","article_modified_time":"2022-10-26T09:08:44+00:00","og_image":[{"url":"https:\/\/ks-cs.ch\/wp-content\/uploads\/2022\/07\/Diplome-an-die-neue-Generation-der-Kommunikationsfachleute-u%CC%88bergeben.jpg","type":"","width":"","height":""}],"author":"chris","twitter_card":"summary_large_image","twitter_misc":{"Scritto da":"chris","Tempo di lettura stimato":"2 minuti"},"schema":{"@context":"https:\/\/schema.org","@graph":[{"@type":"Article","@id":"https:\/\/ks-cs.ch\/it\/consegna-dei-diplomi-alla-nuova-generazione-di-professionisti-della-comunicazione\/#article","isPartOf":{"@id":"https:\/\/ks-cs.ch\/it\/consegna-dei-diplomi-alla-nuova-generazione-di-professionisti-della-comunicazione\/"},"author":{"name":"chris","@id":"https:\/\/ks-cs.ch\/it\/#\/schema\/person\/c514c44eb5ae1cd2ea32d7f64ec9d495"},"headline":"Consegna dei diplomi alla nuova generazione di professionisti della comunicazione","datePublished":"2022-07-12T06:36:59+00:00","dateModified":"2022-10-26T09:08:44+00:00","mainEntityOfPage":{"@id":"https:\/\/ks-cs.ch\/it\/consegna-dei-diplomi-alla-nuova-generazione-di-professionisti-della-comunicazione\/"},"wordCount":389,"publisher":{"@id":"https:\/\/ks-cs.ch\/it\/#organization"},"image":{"@id":"https:\/\/ks-cs.ch\/it\/consegna-dei-diplomi-alla-nuova-generazione-di-professionisti-della-comunicazione\/#primaryimage"},"thumbnailUrl":"https:\/\/ks-cs.ch\/wp-content\/uploads\/2022\/07\/Diplome-an-die-neue-Generation-der-Kommunikationsfachleute-u%CC%88bergeben.jpg","articleSection":["Comunicato stampa"],"inLanguage":"it-IT"},{"@type":"WebPage","@id":"https:\/\/ks-cs.ch\/it\/consegna-dei-diplomi-alla-nuova-generazione-di-professionisti-della-comunicazione\/","url":"https:\/\/ks-cs.ch\/it\/consegna-dei-diplomi-alla-nuova-generazione-di-professionisti-della-comunicazione\/","name":"Consegna dei diplomi alla nuova generazione di professionisti della comunicazione - KS\/CS Comunicazione Svizzera","isPartOf":{"@id":"https:\/\/ks-cs.ch\/it\/#website"},"primaryImageOfPage":{"@id":"https:\/\/ks-cs.ch\/it\/consegna-dei-diplomi-alla-nuova-generazione-di-professionisti-della-comunicazione\/#primaryimage"},"image":{"@id":"https:\/\/ks-cs.ch\/it\/consegna-dei-diplomi-alla-nuova-generazione-di-professionisti-della-comunicazione\/#primaryimage"},"thumbnailUrl":"https:\/\/ks-cs.ch\/wp-content\/uploads\/2022\/07\/Diplome-an-die-neue-Generation-der-Kommunikationsfachleute-u%CC%88bergeben.jpg","datePublished":"2022-07-12T06:36:59+00:00","dateModified":"2022-10-26T09:08:44+00:00","breadcrumb":{"@id":"https:\/\/ks-cs.ch\/it\/consegna-dei-diplomi-alla-nuova-generazione-di-professionisti-della-comunicazione\/#breadcrumb"},"inLanguage":"it-IT","potentialAction":[{"@type":"ReadAction","target":["https:\/\/ks-cs.ch\/it\/consegna-dei-diplomi-alla-nuova-generazione-di-professionisti-della-comunicazione\/"]}]},{"@type":"ImageObject","inLanguage":"it-IT","@id":"https:\/\/ks-cs.ch\/it\/consegna-dei-diplomi-alla-nuova-generazione-di-professionisti-della-comunicazione\/#primaryimage","url":"https:\/\/ks-cs.ch\/wp-content\/uploads\/2022\/07\/Diplome-an-die-neue-Generation-der-Kommunikationsfachleute-u%CC%88bergeben.jpg","contentUrl":"https:\/\/ks-cs.ch\/wp-content\/uploads\/2022\/07\/Diplome-an-die-neue-Generation-der-Kommunikationsfachleute-u%CC%88bergeben.jpg"},{"@type":"BreadcrumbList","@id":"https:\/\/ks-cs.ch\/it\/consegna-dei-diplomi-alla-nuova-generazione-di-professionisti-della-comunicazione\/#breadcrumb","itemListElement":[{"@type":"ListItem","position":1,"name":"Home","item":"https:\/\/ks-cs.ch\/it\/"},{"@type":"ListItem","position":2,"name":"Consegna dei diplomi alla nuova generazione di professionisti della comunicazione"}]},{"@type":"WebSite","@id":"https:\/\/ks-cs.ch\/it\/#website","url":"https:\/\/ks-cs.ch\/it\/","name":"KS\/CS Kommunikation Schweiz","description":"Associazione di comunicazione commerciale","publisher":{"@id":"https:\/\/ks-cs.ch\/it\/#organization"},"potentialAction":[{"@type":"SearchAction","target":{"@type":"EntryPoint","urlTemplate":"https:\/\/ks-cs.ch\/it\/?s={search_term_string}"},"query-input":{"@type":"PropertyValueSpecification","valueRequired":true,"valueName":"search_term_string"}}],"inLanguage":"it-IT"},{"@type":"Organization","@id":"https:\/\/ks-cs.ch\/it\/#organization","name":"KS\/CS Kommunikation Schweiz","url":"https:\/\/ks-cs.ch\/it\/","logo":{"@type":"ImageObject","inLanguage":"it-IT","@id":"https:\/\/ks-cs.ch\/it\/#\/schema\/logo\/image\/","url":"https:\/\/ks-cs.ch\/wp-content\/uploads\/2022\/12\/Logo-Social-Media-1.jpg","contentUrl":"https:\/\/ks-cs.ch\/wp-content\/uploads\/2022\/12\/Logo-Social-Media-1.jpg","width":709,"height":608,"caption":"KS\/CS Kommunikation Schweiz"},"image":{"@id":"https:\/\/ks-cs.ch\/it\/#\/schema\/logo\/image\/"},"sameAs":["https:\/\/www.linkedin.com\/company\/kommunikation-schweiz-communication-suisse-comunicazione-svizzera-communication-switzerland\/"]},{"@type":"Person","@id":"https:\/\/ks-cs.ch\/it\/#\/schema\/person\/c514c44eb5ae1cd2ea32d7f64ec9d495","name":"chris","image":{"@type":"ImageObject","inLanguage":"it-IT","@id":"https:\/\/secure.gravatar.com\/avatar\/bfb50d1cba705ec7b06e8cc63542866addf3e2a90482863b15e0bf41565c439a?s=96&d=mm&r=g","url":"https:\/\/secure.gravatar.com\/avatar\/bfb50d1cba705ec7b06e8cc63542866addf3e2a90482863b15e0bf41565c439a?s=96&d=mm&r=g","contentUrl":"https:\/\/secure.gravatar.com\/avatar\/bfb50d1cba705ec7b06e8cc63542866addf3e2a90482863b15e0bf41565c439a?s=96&d=mm&r=g","caption":"chris"},"sameAs":["https:\/\/new.ks-cs.ch"]}]}},"publishpress_future_action":{"enabled":false,"date":"2026-05-04 17:49:56","action":"change-status","newStatus":"draft","terms":[],"taxonomy":"category","extraData":[]},"publishpress_future_workflow_manual_trigger":{"enabledWorkflows":[]},"_links":{"self":[{"href":"https:\/\/ks-cs.ch\/it\/wp-json\/wp\/v2\/posts\/1086","targetHints":{"allow":["GET"]}}],"collection":[{"href":"https:\/\/ks-cs.ch\/it\/wp-json\/wp\/v2\/posts"}],"about":[{"href":"https:\/\/ks-cs.ch\/it\/wp-json\/wp\/v2\/types\/post"}],"author":[{"embeddable":true,"href":"https:\/\/ks-cs.ch\/it\/wp-json\/wp\/v2\/users\/1"}],"replies":[{"embeddable":true,"href":"https:\/\/ks-cs.ch\/it\/wp-json\/wp\/v2\/comments?post=1086"}],"version-history":[{"count":2,"href":"https:\/\/ks-cs.ch\/it\/wp-json\/wp\/v2\/posts\/1086\/revisions"}],"predecessor-version":[{"id":2216,"href":"https:\/\/ks-cs.ch\/it\/wp-json\/wp\/v2\/posts\/1086\/revisions\/2216"}],"wp:attachment":[{"href":"https:\/\/ks-cs.ch\/it\/wp-json\/wp\/v2\/media?parent=1086"}],"wp:term":[{"taxonomy":"category","embeddable":true,"href":"https:\/\/ks-cs.ch\/it\/wp-json\/wp\/v2\/categories?post=1086"},{"taxonomy":"post_tag","embeddable":true,"href":"https:\/\/ks-cs.ch\/it\/wp-json\/wp\/v2\/tags?post=1086"}],"curies":[{"name":"wp","href":"https:\/\/api.w.org\/{rel}","templated":true}]}}