{"id":9654,"date":"2026-08-31T13:43:55","date_gmt":"2026-08-31T11:43:55","guid":{"rendered":"https:\/\/ks-cs.ch\/?p=9654"},"modified":"2026-08-31T14:16:31","modified_gmt":"2026-08-31T12:16:31","slug":"ces-personnes-faconnent-lavenir-de-la-communication","status":"publish","type":"post","link":"https:\/\/ks-cs.ch\/fr\/ces-personnes-faconnent-lavenir-de-la-communication\/","title":{"rendered":"Ces personnes fa\u00e7onnent l\u2019avenir de la communication"},"content":{"rendered":"<p>Les dipl\u00f4m\u00e9.e.s re\u00e7oivent avec joie leur dipl\u00f4me le 27 ao\u00fbt 2026 \u00e0 la Maison Farel \u00e0 Bienne.<\/p>\n<p>&nbsp;<\/p>\n<p><span data-contrast=\"auto\">Aujourd\u2019hui, la communication contribue au succ\u00e8s des entreprises, des organisations et des institutions. La num\u00e9risation, l\u2019intelligence artificielle et les nouveaux m\u00e9dias transforment fondamentalement la communication. Les exigences impos\u00e9es aux professionnels de la communication \u00e9voluent et s\u2019intensifient en cons\u00e9quence.\u00a0<\/span><span data-ccp-props=\"{}\">\u00a0<\/span><\/p>\n<h5><b><span data-contrast=\"auto\">La communication a besoin de\u00a0professionnel.le.s\u00a0qualifi\u00e9.e.s<\/span><\/b><\/h5>\n<p><span data-contrast=\"auto\">Dans ce contexte, 48\u00a0dipl\u00f4m\u00e9.e.s\u00a0ont obtenu, le 27 ao\u00fbt 2026 \u00e0 Bienne, le brevet f\u00e9d\u00e9ral de sp\u00e9cialiste en communication. Derri\u00e8re chaque dipl\u00f4me se cachent plusieurs ann\u00e9es d\u2019exp\u00e9rience professionnelle, une formation continue exigeante et la volont\u00e9 d\u2019assumer la responsabilit\u00e9 d\u2019une communication efficace. \u00ab La communication instaure la confiance. En ces temps de changement, nous avons particuli\u00e8rement besoin de sp\u00e9cialistes capables de guider les entreprises et les organisations \u00bb, d\u00e9clare\u00a0Dominik\u00a0Leonhardt, Pr\u00e9sident de la commission des examens de KS\/CS Communication Suisse. Le brevet f\u00e9d\u00e9ral est synonyme de qualification ax\u00e9e sur la pratique. L\u2019exp\u00e9rience professionnelle et la formation continue se compl\u00e8tent de mani\u00e8re optimale. C\u2019est pr\u00e9cis\u00e9ment cette combinaison qui fait de la formation professionnelle sup\u00e9rieure un mod\u00e8le de r\u00e9ussite pour l\u2019\u00e9conomie suisse.<\/span><span data-ccp-props=\"{}\">\u00a0<\/span><\/p>\n<h5><b><span data-contrast=\"auto\">La formation professionnelle sup\u00e9rieure continue d\u2019\u00e9voluer<\/span><\/b><\/h5>\n<p><span data-contrast=\"auto\">La formation professionnelle sup\u00e9rieure se nourrit de l\u2019engagement de la branche. Trois dipl\u00f4m\u00e9s de l\u2019ann\u00e9e derni\u00e8re ont d\u00e9j\u00e0 particip\u00e9 en tant qu\u2019experts aux examens. Aux c\u00f4t\u00e9s d\u2019experts chevronn\u00e9s, ils ont encadr\u00e9 les \u00e9preuves. Ils ont apport\u00e9 de nouvelles perspectives, des id\u00e9es novatrices et un grand enthousiasme. C\u2019est ainsi que le savoir se transmet d\u2019une g\u00e9n\u00e9ration \u00e0 l\u2019autre.<\/span><span data-ccp-props=\"{}\">\u00a0<\/span><\/p>\n<p><span data-contrast=\"auto\">La c\u00e9r\u00e9monie de remise des dipl\u00f4mes marque \u00e9galement une \u00e9tape importante. La r\u00e9forme de l\u2019examen professionnel f\u00e9d\u00e9ral est achev\u00e9e. La conception des \u00e9preuves a \u00e9t\u00e9 enti\u00e8rement modernis\u00e9e. \u00c0 l\u2019avenir, des th\u00e8mes tels que la communication strat\u00e9gique, la prise de d\u00e9cision fond\u00e9e sur les donn\u00e9es, l\u2019intelligence artificielle, la gestion de projet et la collaboration interdisciplinaire occuperont une place encore plus centrale. Les premiers examens selon le nouveau r\u00e8glement auront lieu en 2027.<\/span><span data-ccp-props=\"{&quot;335559738&quot;:280,&quot;335559739&quot;:280}\">\u00a0<\/span><\/p>\n<h5><b><span data-contrast=\"auto\">Bachelor professionnel et Master professionnel<\/span><\/b><\/h5>\n<p><span data-contrast=\"auto\">Sur le plan politique \u00e9galement, la formation professionnelle sup\u00e9rieure gagne en importance. \u00c0 partir d\u2019octobre 2026, les titulaires de dipl\u00f4mes f\u00e9d\u00e9raux pourront porter les nouvelles mentions \u00ab Professional Bachelor \u00bb ou \u00ab Professional Master \u00bb. Cela renforce la reconnaissance internationale et la comparabilit\u00e9 des dipl\u00f4mes f\u00e9d\u00e9raux.<\/span><span data-ccp-props=\"{&quot;335559738&quot;:280,&quot;335559739&quot;:280}\">\u00a0<\/span><\/p>\n<p><span data-contrast=\"auto\">Id\u00e9alement, cela permettra de voir \u00e0 nouveau, lors des prochains examens, des candidats de Suisse al\u00e9manique, qui n\u2019\u00e9taient pas repr\u00e9sent\u00e9s cette ann\u00e9e. KS\/CS s\u2019efforce en outre, en collaboration avec la branche et les instituts de formation, de mieux faire conna\u00eetre ce parcours de formation. Pour KS\/CS Communication Suisse, une chose est claire : miser aujourd\u2019hui sur des professionnels de la communication qualifi\u00e9s, c\u2019est investir dans des personnes qui guident les entreprises et con\u00e7oivent une communication efficace.\u00a0<\/span><span data-ccp-props=\"{&quot;335559738&quot;:280,&quot;335559739&quot;:280}\">\u00a0<\/span><\/p>\n<p>&nbsp;<\/p>\n<p><b><span data-contrast=\"auto\">Plus d\u2019information :\u00a0<\/span><\/b><br \/>\n<span data-contrast=\"auto\">Vera Baldo-Tschan<\/span><br \/>\n<span data-contrast=\"auto\">Responsable des affaires publiques et de la communication \/ Membre de la direction<\/span><br \/>\n<a href=\"mailto:baldo-tschan@ks-cs.ch\"><span data-contrast=\"none\">baldo-tschan@ks-cs.ch<\/span><\/a><br \/>\n<span data-contrast=\"auto\">+41 79 586 66 36<\/span><span data-ccp-props=\"{&quot;335559739&quot;:120,&quot;469777462&quot;:[2946],&quot;469777927&quot;:[0],&quot;469777928&quot;:[1]}\">\u00a0<\/span><\/p>\n","protected":false},"excerpt":{"rendered":"<p>Zurich, le 31 ao\u00fbt 2026. Un moment particulier pour 48 professionnel.le.s de la communication : c\u2019est \u00e0 la Maison Farel de Bienne le 27 ao\u00fbt qu\u2019ils ont re\u00e7u leur brevet f\u00e9d\u00e9ral. Gr\u00e2ce \u00e0 l\u2019obtention de ce dipl\u00f4me, ils renforcent le secteur de la communication en Suisse avec des comp\u00e9tences orient\u00e9es vers l\u2019avenir. <\/p>\n","protected":false},"author":6,"featured_media":9667,"comment_status":"closed","ping_status":"open","sticky":false,"template":"","format":"standard","meta":{"content-type":"","footnotes":""},"categories":[27],"tags":[],"class_list":["post-9654","post","type-post","status-publish","format-standard","has-post-thumbnail","hentry","category-communique-de-presse"],"yoast_head":"<!-- This site is optimized with the Yoast SEO plugin v28.3 - https:\/\/yoast.com\/product\/yoast-seo-wordpress\/ -->\n<title>Ces personnes fa\u00e7onnent l\u2019avenir de la communication - KS\/CS Communication Suisse<\/title>\n<meta name=\"description\" content=\"Bienne, le 27 ao\u00fbt 2026. Un moment particulier pour 48 professionnel.le.s de la communication : c\u2019est \u00e0 la Maison Farel de Bienne qu\u2019ils ont re\u00e7u leur brevet f\u00e9d\u00e9ral. Gr\u00e2ce \u00e0 l\u2019obtention de ce dipl\u00f4me, ils renforcent le secteur de la communication en Suisse avec des comp\u00e9tences orient\u00e9es vers l\u2019avenir.\" \/>\n<meta name=\"robots\" content=\"index, follow, max-snippet:-1, max-image-preview:large, max-video-preview:-1\" \/>\n<link rel=\"canonical\" href=\"https:\/\/ks-cs.ch\/fr\/ces-personnes-faconnent-lavenir-de-la-communication\/\" \/>\n<meta property=\"og:locale\" content=\"fr_FR\" \/>\n<meta property=\"og:type\" content=\"article\" \/>\n<meta property=\"og:title\" content=\"Ces personnes fa\u00e7onnent l\u2019avenir de la communication - KS\/CS Communication Suisse\" \/>\n<meta property=\"og:description\" content=\"Bienne, le 27 ao\u00fbt 2026. Un moment particulier pour 48 professionnel.le.s de la communication : c\u2019est \u00e0 la Maison Farel de Bienne qu\u2019ils ont re\u00e7u leur brevet f\u00e9d\u00e9ral. Gr\u00e2ce \u00e0 l\u2019obtention de ce dipl\u00f4me, ils renforcent le secteur de la communication en Suisse avec des comp\u00e9tences orient\u00e9es vers l\u2019avenir.\" \/>\n<meta property=\"og:url\" content=\"https:\/\/ks-cs.ch\/fr\/ces-personnes-faconnent-lavenir-de-la-communication\/\" \/>\n<meta property=\"og:site_name\" content=\"KS\/CS Communication Suisse\" \/>\n<meta property=\"article:published_time\" content=\"2026-08-31T11:43:55+00:00\" \/>\n<meta property=\"article:modified_time\" content=\"2026-08-31T12:16:31+00:00\" \/>\n<meta property=\"og:image\" content=\"https:\/\/ks-cs.ch\/wp-content\/uploads\/2026\/08\/KS_CS_Diplomuebergabe-1024x683.jpg\" \/>\n\t<meta property=\"og:image:width\" content=\"1024\" \/>\n\t<meta property=\"og:image:height\" content=\"683\" \/>\n\t<meta property=\"og:image:type\" content=\"image\/jpeg\" \/>\n<meta name=\"author\" content=\"Yasmin Spengler\" \/>\n<meta name=\"twitter:card\" content=\"summary_large_image\" \/>\n<meta name=\"twitter:label1\" content=\"\u00c9crit par\" \/>\n\t<meta name=\"twitter:data1\" content=\"Yasmin Spengler\" \/>\n\t<meta name=\"twitter:label2\" content=\"Dur\u00e9e de lecture estim\u00e9e\" \/>\n\t<meta name=\"twitter:data2\" content=\"3 minutes\" \/>\n<script type=\"application\/ld+json\" class=\"yoast-schema-graph\">{\"@context\":\"https:\\\/\\\/schema.org\",\"@graph\":[{\"@type\":\"Article\",\"@id\":\"https:\\\/\\\/ks-cs.ch\\\/fr\\\/ces-personnes-faconnent-lavenir-de-la-communication\\\/#article\",\"isPartOf\":{\"@id\":\"https:\\\/\\\/ks-cs.ch\\\/fr\\\/ces-personnes-faconnent-lavenir-de-la-communication\\\/\"},\"author\":{\"name\":\"Yasmin Spengler\",\"@id\":\"https:\\\/\\\/ks-cs.ch\\\/fr\\\/#\\\/schema\\\/person\\\/9d52779da2bedc35cb887cf481ae8cfb\"},\"headline\":\"Ces personnes fa\u00e7onnent l\u2019avenir de la communication\",\"datePublished\":\"2026-08-31T11:43:55+00:00\",\"dateModified\":\"2026-08-31T12:16:31+00:00\",\"mainEntityOfPage\":{\"@id\":\"https:\\\/\\\/ks-cs.ch\\\/fr\\\/ces-personnes-faconnent-lavenir-de-la-communication\\\/\"},\"wordCount\":566,\"publisher\":{\"@id\":\"https:\\\/\\\/ks-cs.ch\\\/fr\\\/#organization\"},\"image\":{\"@id\":\"https:\\\/\\\/ks-cs.ch\\\/fr\\\/ces-personnes-faconnent-lavenir-de-la-communication\\\/#primaryimage\"},\"thumbnailUrl\":\"https:\\\/\\\/ks-cs.ch\\\/wp-content\\\/uploads\\\/2026\\\/08\\\/KS_CS_Diplomuebergabe.jpg\",\"articleSection\":[\"Communiqu\u00e9 de presse\"],\"inLanguage\":\"fr-FR\"},{\"@type\":\"WebPage\",\"@id\":\"https:\\\/\\\/ks-cs.ch\\\/fr\\\/ces-personnes-faconnent-lavenir-de-la-communication\\\/\",\"url\":\"https:\\\/\\\/ks-cs.ch\\\/fr\\\/ces-personnes-faconnent-lavenir-de-la-communication\\\/\",\"name\":\"Ces personnes fa\u00e7onnent l\u2019avenir de la communication - KS\\\/CS Communication Suisse\",\"isPartOf\":{\"@id\":\"https:\\\/\\\/ks-cs.ch\\\/fr\\\/#website\"},\"primaryImageOfPage\":{\"@id\":\"https:\\\/\\\/ks-cs.ch\\\/fr\\\/ces-personnes-faconnent-lavenir-de-la-communication\\\/#primaryimage\"},\"image\":{\"@id\":\"https:\\\/\\\/ks-cs.ch\\\/fr\\\/ces-personnes-faconnent-lavenir-de-la-communication\\\/#primaryimage\"},\"thumbnailUrl\":\"https:\\\/\\\/ks-cs.ch\\\/wp-content\\\/uploads\\\/2026\\\/08\\\/KS_CS_Diplomuebergabe.jpg\",\"datePublished\":\"2026-08-31T11:43:55+00:00\",\"dateModified\":\"2026-08-31T12:16:31+00:00\",\"description\":\"Bienne, le 27 ao\u00fbt 2026. Un moment particulier pour 48 professionnel.le.s de la communication : c\u2019est \u00e0 la Maison Farel de Bienne qu\u2019ils ont re\u00e7u leur brevet f\u00e9d\u00e9ral. Gr\u00e2ce \u00e0 l\u2019obtention de ce dipl\u00f4me, ils renforcent le secteur de la communication en Suisse avec des comp\u00e9tences orient\u00e9es vers l\u2019avenir.\",\"breadcrumb\":{\"@id\":\"https:\\\/\\\/ks-cs.ch\\\/fr\\\/ces-personnes-faconnent-lavenir-de-la-communication\\\/#breadcrumb\"},\"inLanguage\":\"fr-FR\",\"potentialAction\":[{\"@type\":\"ReadAction\",\"target\":[\"https:\\\/\\\/ks-cs.ch\\\/fr\\\/ces-personnes-faconnent-lavenir-de-la-communication\\\/\"]}]},{\"@type\":\"ImageObject\",\"inLanguage\":\"fr-FR\",\"@id\":\"https:\\\/\\\/ks-cs.ch\\\/fr\\\/ces-personnes-faconnent-lavenir-de-la-communication\\\/#primaryimage\",\"url\":\"https:\\\/\\\/ks-cs.ch\\\/wp-content\\\/uploads\\\/2026\\\/08\\\/KS_CS_Diplomuebergabe.jpg\",\"contentUrl\":\"https:\\\/\\\/ks-cs.ch\\\/wp-content\\\/uploads\\\/2026\\\/08\\\/KS_CS_Diplomuebergabe.jpg\",\"width\":2362,\"height\":1575},{\"@type\":\"BreadcrumbList\",\"@id\":\"https:\\\/\\\/ks-cs.ch\\\/fr\\\/ces-personnes-faconnent-lavenir-de-la-communication\\\/#breadcrumb\",\"itemListElement\":[{\"@type\":\"ListItem\",\"position\":1,\"name\":\"Home\",\"item\":\"https:\\\/\\\/ks-cs.ch\\\/fr\\\/\"},{\"@type\":\"ListItem\",\"position\":2,\"name\":\"Ces personnes fa\u00e7onnent l\u2019avenir de la communication\"}]},{\"@type\":\"WebSite\",\"@id\":\"https:\\\/\\\/ks-cs.ch\\\/fr\\\/#website\",\"url\":\"https:\\\/\\\/ks-cs.ch\\\/fr\\\/\",\"name\":\"KS\\\/CS Kommunikation Schweiz\",\"description\":\"Association des communications commerciales\",\"publisher\":{\"@id\":\"https:\\\/\\\/ks-cs.ch\\\/fr\\\/#organization\"},\"potentialAction\":[{\"@type\":\"SearchAction\",\"target\":{\"@type\":\"EntryPoint\",\"urlTemplate\":\"https:\\\/\\\/ks-cs.ch\\\/fr\\\/?s={search_term_string}\"},\"query-input\":{\"@type\":\"PropertyValueSpecification\",\"valueRequired\":true,\"valueName\":\"search_term_string\"}}],\"inLanguage\":\"fr-FR\"},{\"@type\":\"Organization\",\"@id\":\"https:\\\/\\\/ks-cs.ch\\\/fr\\\/#organization\",\"name\":\"KS\\\/CS Kommunikation Schweiz\",\"url\":\"https:\\\/\\\/ks-cs.ch\\\/fr\\\/\",\"logo\":{\"@type\":\"ImageObject\",\"inLanguage\":\"fr-FR\",\"@id\":\"https:\\\/\\\/ks-cs.ch\\\/fr\\\/#\\\/schema\\\/logo\\\/image\\\/\",\"url\":\"https:\\\/\\\/ks-cs.ch\\\/wp-content\\\/uploads\\\/2022\\\/12\\\/Logo-Social-Media-1.jpg\",\"contentUrl\":\"https:\\\/\\\/ks-cs.ch\\\/wp-content\\\/uploads\\\/2022\\\/12\\\/Logo-Social-Media-1.jpg\",\"width\":709,\"height\":608,\"caption\":\"KS\\\/CS Kommunikation Schweiz\"},\"image\":{\"@id\":\"https:\\\/\\\/ks-cs.ch\\\/fr\\\/#\\\/schema\\\/logo\\\/image\\\/\"},\"sameAs\":[\"https:\\\/\\\/www.linkedin.com\\\/company\\\/kommunikation-schweiz-communication-suisse-comunicazione-svizzera-communication-switzerland\\\/\"]},{\"@type\":\"Person\",\"@id\":\"https:\\\/\\\/ks-cs.ch\\\/fr\\\/#\\\/schema\\\/person\\\/9d52779da2bedc35cb887cf481ae8cfb\",\"name\":\"Yasmin Spengler\",\"image\":{\"@type\":\"ImageObject\",\"inLanguage\":\"fr-FR\",\"@id\":\"https:\\\/\\\/secure.gravatar.com\\\/avatar\\\/55e0188ff631f21ae4e1891d34a7a316edd8320e919b990bd18eab546364b283?s=96&d=mm&r=g\",\"url\":\"https:\\\/\\\/secure.gravatar.com\\\/avatar\\\/55e0188ff631f21ae4e1891d34a7a316edd8320e919b990bd18eab546364b283?s=96&d=mm&r=g\",\"contentUrl\":\"https:\\\/\\\/secure.gravatar.com\\\/avatar\\\/55e0188ff631f21ae4e1891d34a7a316edd8320e919b990bd18eab546364b283?s=96&d=mm&r=g\",\"caption\":\"Yasmin Spengler\"}}]}<\/script>\n<!-- \/ Yoast SEO plugin. -->","yoast_head_json":{"title":"Ces personnes fa\u00e7onnent l\u2019avenir de la communication - KS\/CS Communication Suisse","description":"Bienne, le 27 ao\u00fbt 2026. Un moment particulier pour 48 professionnel.le.s de la communication : c\u2019est \u00e0 la Maison Farel de Bienne qu\u2019ils ont re\u00e7u leur brevet f\u00e9d\u00e9ral. Gr\u00e2ce \u00e0 l\u2019obtention de ce dipl\u00f4me, ils renforcent le secteur de la communication en Suisse avec des comp\u00e9tences orient\u00e9es vers l\u2019avenir.","robots":{"index":"index","follow":"follow","max-snippet":"max-snippet:-1","max-image-preview":"max-image-preview:large","max-video-preview":"max-video-preview:-1"},"canonical":"https:\/\/ks-cs.ch\/fr\/ces-personnes-faconnent-lavenir-de-la-communication\/","og_locale":"fr_FR","og_type":"article","og_title":"Ces personnes fa\u00e7onnent l\u2019avenir de la communication - KS\/CS Communication Suisse","og_description":"Bienne, le 27 ao\u00fbt 2026. Un moment particulier pour 48 professionnel.le.s de la communication : c\u2019est \u00e0 la Maison Farel de Bienne qu\u2019ils ont re\u00e7u leur brevet f\u00e9d\u00e9ral. Gr\u00e2ce \u00e0 l\u2019obtention de ce dipl\u00f4me, ils renforcent le secteur de la communication en Suisse avec des comp\u00e9tences orient\u00e9es vers l\u2019avenir.","og_url":"https:\/\/ks-cs.ch\/fr\/ces-personnes-faconnent-lavenir-de-la-communication\/","og_site_name":"KS\/CS Communication Suisse","article_published_time":"2026-08-31T11:43:55+00:00","article_modified_time":"2026-08-31T12:16:31+00:00","og_image":[{"width":1024,"height":683,"url":"https:\/\/ks-cs.ch\/wp-content\/uploads\/2026\/08\/KS_CS_Diplomuebergabe-1024x683.jpg","type":"image\/jpeg"}],"author":"Yasmin Spengler","twitter_card":"summary_large_image","twitter_misc":{"\u00c9crit par":"Yasmin Spengler","Dur\u00e9e de lecture estim\u00e9e":"3 minutes"},"schema":{"@context":"https:\/\/schema.org","@graph":[{"@type":"Article","@id":"https:\/\/ks-cs.ch\/fr\/ces-personnes-faconnent-lavenir-de-la-communication\/#article","isPartOf":{"@id":"https:\/\/ks-cs.ch\/fr\/ces-personnes-faconnent-lavenir-de-la-communication\/"},"author":{"name":"Yasmin Spengler","@id":"https:\/\/ks-cs.ch\/fr\/#\/schema\/person\/9d52779da2bedc35cb887cf481ae8cfb"},"headline":"Ces personnes fa\u00e7onnent l\u2019avenir de la communication","datePublished":"2026-08-31T11:43:55+00:00","dateModified":"2026-08-31T12:16:31+00:00","mainEntityOfPage":{"@id":"https:\/\/ks-cs.ch\/fr\/ces-personnes-faconnent-lavenir-de-la-communication\/"},"wordCount":566,"publisher":{"@id":"https:\/\/ks-cs.ch\/fr\/#organization"},"image":{"@id":"https:\/\/ks-cs.ch\/fr\/ces-personnes-faconnent-lavenir-de-la-communication\/#primaryimage"},"thumbnailUrl":"https:\/\/ks-cs.ch\/wp-content\/uploads\/2026\/08\/KS_CS_Diplomuebergabe.jpg","articleSection":["Communiqu\u00e9 de presse"],"inLanguage":"fr-FR"},{"@type":"WebPage","@id":"https:\/\/ks-cs.ch\/fr\/ces-personnes-faconnent-lavenir-de-la-communication\/","url":"https:\/\/ks-cs.ch\/fr\/ces-personnes-faconnent-lavenir-de-la-communication\/","name":"Ces personnes fa\u00e7onnent l\u2019avenir de la communication - KS\/CS Communication Suisse","isPartOf":{"@id":"https:\/\/ks-cs.ch\/fr\/#website"},"primaryImageOfPage":{"@id":"https:\/\/ks-cs.ch\/fr\/ces-personnes-faconnent-lavenir-de-la-communication\/#primaryimage"},"image":{"@id":"https:\/\/ks-cs.ch\/fr\/ces-personnes-faconnent-lavenir-de-la-communication\/#primaryimage"},"thumbnailUrl":"https:\/\/ks-cs.ch\/wp-content\/uploads\/2026\/08\/KS_CS_Diplomuebergabe.jpg","datePublished":"2026-08-31T11:43:55+00:00","dateModified":"2026-08-31T12:16:31+00:00","description":"Bienne, le 27 ao\u00fbt 2026. Un moment particulier pour 48 professionnel.le.s de la communication : c\u2019est \u00e0 la Maison Farel de Bienne qu\u2019ils ont re\u00e7u leur brevet f\u00e9d\u00e9ral. Gr\u00e2ce \u00e0 l\u2019obtention de ce dipl\u00f4me, ils renforcent le secteur de la communication en Suisse avec des comp\u00e9tences orient\u00e9es vers l\u2019avenir.","breadcrumb":{"@id":"https:\/\/ks-cs.ch\/fr\/ces-personnes-faconnent-lavenir-de-la-communication\/#breadcrumb"},"inLanguage":"fr-FR","potentialAction":[{"@type":"ReadAction","target":["https:\/\/ks-cs.ch\/fr\/ces-personnes-faconnent-lavenir-de-la-communication\/"]}]},{"@type":"ImageObject","inLanguage":"fr-FR","@id":"https:\/\/ks-cs.ch\/fr\/ces-personnes-faconnent-lavenir-de-la-communication\/#primaryimage","url":"https:\/\/ks-cs.ch\/wp-content\/uploads\/2026\/08\/KS_CS_Diplomuebergabe.jpg","contentUrl":"https:\/\/ks-cs.ch\/wp-content\/uploads\/2026\/08\/KS_CS_Diplomuebergabe.jpg","width":2362,"height":1575},{"@type":"BreadcrumbList","@id":"https:\/\/ks-cs.ch\/fr\/ces-personnes-faconnent-lavenir-de-la-communication\/#breadcrumb","itemListElement":[{"@type":"ListItem","position":1,"name":"Home","item":"https:\/\/ks-cs.ch\/fr\/"},{"@type":"ListItem","position":2,"name":"Ces personnes fa\u00e7onnent l\u2019avenir de la communication"}]},{"@type":"WebSite","@id":"https:\/\/ks-cs.ch\/fr\/#website","url":"https:\/\/ks-cs.ch\/fr\/","name":"KS\/CS Kommunikation Schweiz","description":"Association des communications commerciales","publisher":{"@id":"https:\/\/ks-cs.ch\/fr\/#organization"},"potentialAction":[{"@type":"SearchAction","target":{"@type":"EntryPoint","urlTemplate":"https:\/\/ks-cs.ch\/fr\/?s={search_term_string}"},"query-input":{"@type":"PropertyValueSpecification","valueRequired":true,"valueName":"search_term_string"}}],"inLanguage":"fr-FR"},{"@type":"Organization","@id":"https:\/\/ks-cs.ch\/fr\/#organization","name":"KS\/CS Kommunikation Schweiz","url":"https:\/\/ks-cs.ch\/fr\/","logo":{"@type":"ImageObject","inLanguage":"fr-FR","@id":"https:\/\/ks-cs.ch\/fr\/#\/schema\/logo\/image\/","url":"https:\/\/ks-cs.ch\/wp-content\/uploads\/2022\/12\/Logo-Social-Media-1.jpg","contentUrl":"https:\/\/ks-cs.ch\/wp-content\/uploads\/2022\/12\/Logo-Social-Media-1.jpg","width":709,"height":608,"caption":"KS\/CS Kommunikation Schweiz"},"image":{"@id":"https:\/\/ks-cs.ch\/fr\/#\/schema\/logo\/image\/"},"sameAs":["https:\/\/www.linkedin.com\/company\/kommunikation-schweiz-communication-suisse-comunicazione-svizzera-communication-switzerland\/"]},{"@type":"Person","@id":"https:\/\/ks-cs.ch\/fr\/#\/schema\/person\/9d52779da2bedc35cb887cf481ae8cfb","name":"Yasmin Spengler","image":{"@type":"ImageObject","inLanguage":"fr-FR","@id":"https:\/\/secure.gravatar.com\/avatar\/55e0188ff631f21ae4e1891d34a7a316edd8320e919b990bd18eab546364b283?s=96&d=mm&r=g","url":"https:\/\/secure.gravatar.com\/avatar\/55e0188ff631f21ae4e1891d34a7a316edd8320e919b990bd18eab546364b283?s=96&d=mm&r=g","contentUrl":"https:\/\/secure.gravatar.com\/avatar\/55e0188ff631f21ae4e1891d34a7a316edd8320e919b990bd18eab546364b283?s=96&d=mm&r=g","caption":"Yasmin Spengler"}}]}},"publishpress_future_action":{"enabled":false,"date":"2026-09-08 13:45:30","action":"change-status","newStatus":"draft","terms":[],"taxonomy":"category","extraData":[]},"publishpress_future_workflow_manual_trigger":{"enabledWorkflows":[]},"_links":{"self":[{"href":"https:\/\/ks-cs.ch\/fr\/wp-json\/wp\/v2\/posts\/9654","targetHints":{"allow":["GET"]}}],"collection":[{"href":"https:\/\/ks-cs.ch\/fr\/wp-json\/wp\/v2\/posts"}],"about":[{"href":"https:\/\/ks-cs.ch\/fr\/wp-json\/wp\/v2\/types\/post"}],"author":[{"embeddable":true,"href":"https:\/\/ks-cs.ch\/fr\/wp-json\/wp\/v2\/users\/6"}],"replies":[{"embeddable":true,"href":"https:\/\/ks-cs.ch\/fr\/wp-json\/wp\/v2\/comments?post=9654"}],"version-history":[{"count":5,"href":"https:\/\/ks-cs.ch\/fr\/wp-json\/wp\/v2\/posts\/9654\/revisions"}],"predecessor-version":[{"id":9677,"href":"https:\/\/ks-cs.ch\/fr\/wp-json\/wp\/v2\/posts\/9654\/revisions\/9677"}],"wp:featuredmedia":[{"embeddable":true,"href":"https:\/\/ks-cs.ch\/fr\/wp-json\/wp\/v2\/media\/9667"}],"wp:attachment":[{"href":"https:\/\/ks-cs.ch\/fr\/wp-json\/wp\/v2\/media?parent=9654"}],"wp:term":[{"taxonomy":"category","embeddable":true,"href":"https:\/\/ks-cs.ch\/fr\/wp-json\/wp\/v2\/categories?post=9654"},{"taxonomy":"post_tag","embeddable":true,"href":"https:\/\/ks-cs.ch\/fr\/wp-json\/wp\/v2\/tags?post=9654"}],"curies":[{"name":"wp","href":"https:\/\/api.w.org\/{rel}","templated":true}]}}