{"id":9648,"date":"2026-08-26T09:20:01","date_gmt":"2026-08-26T07:20:01","guid":{"rendered":"https:\/\/ks-cs.ch\/?p=9648"},"modified":"2026-09-01T15:51:25","modified_gmt":"2026-09-01T13:51:25","slug":"nous-soutenons-le-secteur-sur-le-plan-politique","status":"publish","type":"post","link":"https:\/\/ks-cs.ch\/fr\/nous-soutenons-le-secteur-sur-le-plan-politique\/","title":{"rendered":"Politique publicitaire : Nous soutenons le secteur sur le plan politique"},"content":{"rendered":"<h2>ACTUALIT\u00c9S<\/h2>\n<hr>\n<div class=\"container-fluid news-detail pr-only\">\n<h4>Ville de Zurich : une interdiction municipale de la publicit\u00e9 \u00e0 pass\u00e9&nbsp;\u00e0 c\u00f4t\u00e9 de l&rsquo;objectif vis\u00e9<\/h4>\n<\/div>\n<p><a href=\"https:\/\/d2-gws04.eu1.hubspotlinksstarter.com\/Ctc\/5F+113\/d2-gws04\/VVYrkt23-ZB6W6K6qkk1LsFvTVcSh175Tqbx-N7zrw_R5kBVzW50kH_H6lZ3kFW7lLDK77WR_3QN2Zgb9NDYdMnW6t8cQJ8-JqrbN2f7bwFCM9tGN6npVY7Xh4M4W1-p9Sw8DSDH-W6RSHNQ6q-p7FW1YLdYt5B0xKHW6CzYQl8DGdlwW43xp-86r2MxXW44qrz27Mx3JfW2lxsbd3Gdj95W9lxTd07TxMm5W2cnrNY8m4v94W4MCk6l7CL0hwW9hjGfB4LzBrTW7x-yJc2thDgVW1ndZrQ3m5VW5W7qXM5Q646_2vW2177j_10sV2CW2DYwKF6g0nNCW3CPvTH6s0NS7V_4P9P5DR6NSMF-s9wtBwfnW7x7Zny2Yh4QxN1gSjRgsLFb1W7_GdqZ4Gt25cW6C3Dt_8C3mw7W2VyWWc86QM5qW1qLx-N1rHqzCW4DGvb25W-_sFW5hsnCT19bV0df76Sszn04\" target=\"_blank\" rel=\"noopener\" data-hs-link-id=\"0\" data-hs-link-id-v2=\"GUljcuqa\"><img decoding=\"async\" class=\"\" src=\"https:\/\/hs-25394010.f.hubspotstarter-eu1.net\/hub\/25394010\/hubfs\/mark-olsen-K5j1KgecVC8-unsplash.jpg?width=1120&amp;upscale=true&amp;name=mark-olsen-K5j1KgecVC8-unsplash.jpg\" alt=\"mark-olsen-K5j1KgecVC8-unsplash\" width=\"757\" height=\"426\" align=\"middle\"><\/a><\/p>\n<p>Le 26 ao\u00fbt, un d\u00e9bat houleux \u00e9tait \u00e0 l&rsquo;ordre du jour du Conseil municipal de Zurich. L&rsquo;assembl\u00e9e pl\u00e9ni\u00e8re a rejet\u00e9 de justesse un postulat visant \u00e0 interdire totalement la publicit\u00e9 pour les voyages en avion ainsi que les offres associ\u00e9es (telles que les voyages lointains ou les programmes de fid\u00e9lit\u00e9) dans l&rsquo;espace public. L&rsquo;objectif d\u00e9clar\u00e9 des signataires \u00e9tait de contribuer \u00e0 l&rsquo;objectif de neutralit\u00e9 carbone que la ville s&rsquo;est fix\u00e9e d&rsquo;atteindre d&rsquo;ici 2040.<\/p>\n<p>Pour la majorit\u00e9 du parlement, cette initiative allait trop loin et ne suivait pas le bon objectif. Une telle interdiction publicitaire aurait surtout entra\u00een\u00e9 une restriction inutile de la libert\u00e9 \u00e9conomique et frein\u00e9 le march\u00e9 local. \u00c0 cela s&rsquo;ajoute un effet d&rsquo;\u00e9viction \u00e9vident, car les compagnies a\u00e9riennes et les voyagistes se tourneraient tout simplement vers d&rsquo;autres canaux publicitaires, comme Internet. Il en r\u00e9sulterait que la valeur ajout\u00e9e ne profiterait plus \u00e0 la publicit\u00e9 ext\u00e9rieure dans la ville de Zurich, mais serait transf\u00e9r\u00e9e \u00e0 l\u2019\u00e9tranger. Pour ces raisons, KS\/CS a cat\u00e9goriquement rejet\u00e9 ce postulat et a pr\u00e9sent\u00e9 des arguments factuels au Conseil municipal avant le d\u00e9bat.<\/p>\n<p><a href=\"https:\/\/www.gemeinderat-zuerich.ch\/geschaefte\/detail.php?gid=2e34efecd1504c0387ffbbbf341ad638&amp;utm_medium=email&amp;_hsenc=p2ANqtz-8-9BhSJwWmAtK2CmxlKIPk9fNpGWh-ptANm1derYYeWS9oWF1e5qfxAvzmztV-Eos2onFttJlEL8T59ELlEKjLKHHcAw&amp;_hsmi=144682570&amp;utm_content=144682570&amp;utm_source=hs_email\" target=\"_blank\" rel=\"noopener\">En savoir plus<\/a><\/p>\n<p>&nbsp;<\/p>\n<h2>Actualit\u00e9s de la Berne f\u00e9d\u00e9rale<\/h2>\n<hr>\n<h4>Consultation : KS\/CS s&rsquo;oppose aux mentions en petits caract\u00e8res dans la publicit\u00e9 pour les credits<\/h4>\n<p><a href=\"https:\/\/d2-gws04.eu1.hubspotlinksstarter.com\/Ctc\/5F+113\/d2-gws04\/VVYrkt23-ZB6W6K6qkk1LsFvTVcSh175Tqbx-N7zrw_R5kBVzW50kH_H6lZ3nBW7CX2P71HK9cRV46m5B4wgltSW4zx0DT4-mpksW2K92Ry5W8yH4W7JQRBz8dBgzrN3TYhrp5CFk8W2PRFFn5K_lVgN9893s6nJSlrW4Jfnhh1ZSwrWW8p6_l84TXFjZW56JN-F6dkM4HW8D44Hq45d7M_W8TTJlK1fS0H0W1G7lYL7yw5xNW8LN6Rd4vBJwZW8trcsK2WNp3CW41yJLh11Jn8kW7h6gYY2JfGtrW9kCx7f5qn8gQW6ygNDK1pnrSyW67TJzN3g2f90W54FHZz3V8vwKW6D5vHX4bpPJLW73ZpYF1h3_2_W6kPllf6ZhVzDW3cBXDd5hzk8KW7MTPt757DYlWW31ffq16qzH_zW7Vssqv1cbFkgN62bdW8sZXllW58R-Ws1nCSTcN8QLjp4XfRtff2pkSf604\" target=\"_blank\" rel=\"noopener\" data-hs-link-id=\"0\" data-hs-link-id-v2=\"y1ZnGfpI\"><img decoding=\"async\" class=\"stretch-on-mobile\" src=\"https:\/\/hs-25394010.f.hubspotstarter-eu1.net\/hub\/25394010\/hubfs\/person%20autokauf.jpg?width=1120&amp;upscale=true&amp;name=person%20autokauf.jpg\" alt=\"person autokauf\" width=\"751\" height=\"500\" align=\"middle\"><\/a><\/p>\n<p>Imaginez que vous passiez devant une affiche. On y voit une voiture \u00e9l\u00e9gante et, en grosses lettres, la mention : \u00ab \u00c0 partir de 299 francs par mois en leasing \u00bb. Un message simple qui \u00e9veille votre int\u00e9r\u00eat. C\u2019est pr\u00e9cis\u00e9ment cela qui devrait changer selon les projets de la Conf\u00e9d\u00e9ration. Une consultation est actuellement en cours concernant des modifications de l\u2019ordonnance sur les v\u00e9hicules automobiles et de l\u2019ordonnance sur l\u2019indication des prix (OIP). Un nouvel article (art. 13b OIP) vise \u00e0 obliger les annonceurs \u00e0 faire figurer d\u00e8s \u00e0 pr\u00e9sent, dans leurs publicit\u00e9s, les d\u00e9tails en petits caract\u00e8res relatifs au leasing. Pour KS\/CS, cela revient \u00e0 confondre ici la fonction de la publicit\u00e9 et celle du contrat de vente. La publicit\u00e9 sert \u00e0 attirer l\u2019attention sur un produit ou un service et \u00e0 susciter un premier int\u00e9r\u00eat. Elle n\u2019est pas adapt\u00e9e pour garantir l\u2019information pr\u00e9contractuelle compl\u00e8te des consommatrices et consommateurs. De plus, l\u2019ordonnance modifi\u00e9e pr\u00e9voit d\u00e9j\u00e0 une nouvelle disposition \u00e0 un autre endroit (art. 4bis de l\u2019OPA) : d\u00e8s qu\u2019une cliente sollicite une offre, le garage doit lui communiquer toutes les informations. Les consommateurs re\u00e7oivent donc ces informations&nbsp;au moment o\u00f9 ils en ont r\u00e9ellement besoin, c\u2019est-\u00e0-dire avant de signer. C\u2019est pourquoi nous demandons, dans notre prise de position, que l\u2019art. 13b de l\u2019OPA soit supprim\u00e9 sans remplacement.<\/p>\n<p><a href=\"https:\/\/ks-cs.ch\/fr\/stellungnahme-zur-aenderung-der-kfz-verordnung-und-der-preisbekanntgabeverordnung\/?utm_medium=email&#038;_hsenc=p2ANqtz-_9-YQAjry7DyJOzc5ljQZ2EvPAkA2Wd4-6vTGzzUmqFVpD-O_zPRZ3e9V-RdqhxRWYrYBfViNGYddA55JFdltGK268Cg&#038;_hsmi=144682570&#038;utm_content=144682570&#038;utm_source=hs_email\" target=\"_blank\" rel=\"noopener\">En savoir plus<\/a><\/p>\n<p>&nbsp;<\/p>\n<h2>ACTUALIT\u00c9S DU SECTEUR<\/h2>\n<hr>\n<h4>Obligation d&rsquo;\u00e9tiquetage de l&rsquo;UE : ce que le label \u00ab IA \u00bb signifie pour le secteur<\/h4>\n<p><a href=\"https:\/\/d2-gws04.eu1.hubspotlinksstarter.com\/Ctc\/5F+113\/d2-gws04\/VVYrkt23-ZB6W6K6qkk1LsFvTVcSh175Tqbx-N7zrx0q5kBVzW69t95C6lZ3pfW41swdK7-ynmWW3kBnRs4NQXWfW57jjZr6rpVtnW1mHQ2N1qWD8MW14QR832TvBvFW3PGRN05F8S0GW5tqRrb4Y8bt6W6kSRjp4d2RSjW5f_HFk4Sn02dW52cCDY1NyJYVTNGV67PMH2-W50LNY08xqNTBW31pBxQ2PBWZDW6npkfW24jMZTW7rVHRk32sGrYW9f-JNr6cktTBW8xCKYZ6Wz42lW7chm6F98_slDVFk6Dr3_wW_wW4MXV9Z6D2nV3W8-lxby2r2dNBW3Wt_Nh2Fp-jzN57lzMjBvr0wW1nSHh_2_8cQBVDHgHR4NP8tTW53SW7S7sWN0SW77lNDy6vlpX4W6rxmrg6p2bCGW97sDrx7b6svCW53FBWs46hCqbW63Wcn549Hqh4W8j_zKh5C4XY6W68LLqX99tlRFW7RlT6q55-mNYVPsJ0j5sqdnyN4n8Z4rV2Cncd9xCR804\" target=\"_blank\" rel=\"noopener\" data-hs-link-id=\"0\" data-hs-link-id-v2=\"rZcuWil0\"><img decoding=\"async\" class=\"stretch-on-mobile\" src=\"https:\/\/hs-25394010.f.hubspotstarter-eu1.net\/hub\/25394010\/hubfs\/componentimage-22472-1756802740035.jpg?width=1120&amp;upscale=true&amp;name=componentimage-22472-1756802740035.jpg\" alt=\"componentimage-22472-1756802740035\" width=\"750\" height=\"469\" align=\"middle\"><\/a><\/p>\n<p>\u00c0 compter du 2 ao\u00fbt 2026, l&rsquo;Union europ\u00e9enne exigera davantage de transparence dans l&rsquo;espace num\u00e9rique avec l&rsquo;entr\u00e9e en vigueur de la loi europ\u00e9enne sur l&rsquo;IA (EU AI Act). Les images g\u00e9n\u00e9r\u00e9es ou modifi\u00e9es de mani\u00e8re significative par l&rsquo;intelligence artificielle, par exemple les \u00ab deepfakes \u00bb et les contenus enti\u00e8rement g\u00e9n\u00e9r\u00e9s par l&rsquo;IA, devront d\u00e9sormais \u00eatre obligatoirement signal\u00e9es. Des exceptions s\u2019appliqueront aux \u0153uvres cr\u00e9atives ou artistiques. Pour la mise en \u0153uvre visuelle, la Commission europ\u00e9enne met \u00e0 disposition trois symboles dont l\u2019utilisation est certes facultative, mais l\u2019obligation d\u2019\u00e9tiquetage en tant que telle ne l\u2019est pas. Les agences et entreprises suisses sont \u00e9galement concern\u00e9es d\u00e8s lors qu\u2019elles publient des contenus sur le territoire de l\u2019UE. Bien qu\u2019aucune r\u00e9glementation comparable ne soit actuellement pr\u00e9vue en Suisse, KS\/CS suit de pr\u00e8s l\u2019\u00e9volution de la situation et entretient un dialogue ouvert avec ses membres.<\/p>\n<p><a href=\"https:\/\/ks-cs.ch\/fr\/bachelor-professionnel-et-master-professionnel-desormais-egalement-dans-la-formation-professionnelle-superieure\/?utm_source=hs_email&#038;utm_medium=email&#038;_hsenc=p2ANqtz-_vK5-SIFx1_RNt0q3OtJyjDZmnEh5OL06Kw1G3vIvS5FwK2gLYieblYQyZ29aokXc90LC3\" target=\"_blank\" rel=\"noopener\">En savoir plus<\/a><\/p>\n<p>&nbsp;<\/p>\n<p style=\"text-align: center;\"><span style=\"color: #000000;\"><strong>Vous souhaitez \u00eatre tenu automatiquement au courant ?<\/strong><\/span><\/p>\n<h3 style=\"text-align: center;\"><a class=\"fasc-button fasc-size-large fasc-type-flat fasc-rounded-medium fasc-style-bold\" style=\"background-color: #ae1419; color: #ffffff;\" target=\"_blank\" rel=\"noopener\" href=\"https:\/\/ks-cs.ch\/fr\/bulletin-dinformation\/\">Inscrivez-vous d\u00e8s maintenant \u00e0 la newsletter !<\/a><\/h3>\n","protected":false},"excerpt":{"rendered":"<p>Apr\u00e8s une courte pause estivale, nous sommes de retour avec les derniers sujets d&rsquo;actualit\u00e9 en mati\u00e8re de publicit\u00e9. Des interdictions municipales de distribution de prospectus \u00e0 Zurich aux nouvelles contraintes nationales concernant la publicit\u00e9 dans le domaine du leasing automobile, en passant par les nouvelles r\u00e8gles europ\u00e9ennes relatives \u00e0 l&rsquo;\u00e9tiquetage de l&rsquo;IA : les d\u00e9bats sur la politique publicitaire reprennent de plus belle \u00e0 tous les niveaux.<\/p>\n","protected":false},"author":6,"featured_media":0,"comment_status":"closed","ping_status":"open","sticky":false,"template":"","format":"standard","meta":{"content-type":"","footnotes":""},"categories":[12],"tags":[],"class_list":["post-9648","post","type-post","status-publish","format-standard","hentry","category-nouvelles"],"yoast_head":"<!-- This site is optimized with the Yoast SEO plugin v28.4 - https:\/\/yoast.com\/product\/yoast-seo-wordpress\/ -->\n<title>Politique publicitaire : Nous soutenons le secteur sur le plan politique - KS\/CS Communication Suisse<\/title>\n<meta name=\"description\" content=\"Apr\u00e8s une courte pause estivale, nous sommes de retour avec les derniers sujets d&#039;actualit\u00e9 en mati\u00e8re de publicit\u00e9. Des interdictions municipales de distribution de prospectus \u00e0 Zurich aux nouvelles contraintes nationales concernant la publicit\u00e9 dans le domaine du leasing automobile, en passant par les nouvelles r\u00e8gles europ\u00e9ennes relatives \u00e0 l&#039;\u00e9tiquetage de l&#039;IA : les d\u00e9bats sur la politique publicitaire reprennent de plus belle \u00e0 tous les niveaux.\" \/>\n<meta name=\"robots\" content=\"index, follow, max-snippet:-1, max-image-preview:large, max-video-preview:-1\" \/>\n<link rel=\"canonical\" href=\"https:\/\/ks-cs.ch\/fr\/nous-soutenons-le-secteur-sur-le-plan-politique\/\" \/>\n<meta property=\"og:locale\" content=\"fr_FR\" \/>\n<meta property=\"og:type\" content=\"article\" \/>\n<meta property=\"og:title\" content=\"Politique publicitaire : Nous soutenons le secteur sur le plan politique - KS\/CS Communication Suisse\" \/>\n<meta property=\"og:description\" content=\"Apr\u00e8s une courte pause estivale, nous sommes de retour avec les derniers sujets d&#039;actualit\u00e9 en mati\u00e8re de publicit\u00e9. Des interdictions municipales de distribution de prospectus \u00e0 Zurich aux nouvelles contraintes nationales concernant la publicit\u00e9 dans le domaine du leasing automobile, en passant par les nouvelles r\u00e8gles europ\u00e9ennes relatives \u00e0 l&#039;\u00e9tiquetage de l&#039;IA : les d\u00e9bats sur la politique publicitaire reprennent de plus belle \u00e0 tous les niveaux.\" \/>\n<meta property=\"og:url\" content=\"https:\/\/ks-cs.ch\/fr\/nous-soutenons-le-secteur-sur-le-plan-politique\/\" \/>\n<meta property=\"og:site_name\" content=\"KS\/CS Communication Suisse\" \/>\n<meta property=\"article:published_time\" content=\"2026-08-26T07:20:01+00:00\" \/>\n<meta property=\"article:modified_time\" content=\"2026-09-01T13:51:25+00:00\" \/>\n<meta property=\"og:image\" content=\"https:\/\/hs-25394010.f.hubspotstarter-eu1.net\/hub\/25394010\/hubfs\/mark-olsen-K5j1KgecVC8-unsplash.jpg?width=1120&amp;upscale=true&amp;name=mark-olsen-K5j1KgecVC8-unsplash.jpg\" \/>\n<meta name=\"author\" content=\"Yasmin Spengler\" \/>\n<meta name=\"twitter:card\" content=\"summary_large_image\" \/>\n<meta name=\"twitter:label1\" content=\"\u00c9crit par\" \/>\n\t<meta name=\"twitter:data1\" content=\"Yasmin Spengler\" \/>\n\t<meta name=\"twitter:label2\" content=\"Dur\u00e9e de lecture estim\u00e9e\" \/>\n\t<meta name=\"twitter:data2\" content=\"4 minutes\" \/>\n<script type=\"application\/ld+json\" class=\"yoast-schema-graph\">{\"@context\":\"https:\\\/\\\/schema.org\",\"@graph\":[{\"@type\":\"Article\",\"@id\":\"https:\\\/\\\/ks-cs.ch\\\/fr\\\/nous-soutenons-le-secteur-sur-le-plan-politique\\\/#article\",\"isPartOf\":{\"@id\":\"https:\\\/\\\/ks-cs.ch\\\/fr\\\/nous-soutenons-le-secteur-sur-le-plan-politique\\\/\"},\"author\":{\"name\":\"Yasmin Spengler\",\"@id\":\"https:\\\/\\\/ks-cs.ch\\\/fr\\\/#\\\/schema\\\/person\\\/9d52779da2bedc35cb887cf481ae8cfb\"},\"headline\":\"Politique publicitaire : Nous soutenons le secteur sur le plan politique\",\"datePublished\":\"2026-08-26T07:20:01+00:00\",\"dateModified\":\"2026-09-01T13:51:25+00:00\",\"mainEntityOfPage\":{\"@id\":\"https:\\\/\\\/ks-cs.ch\\\/fr\\\/nous-soutenons-le-secteur-sur-le-plan-politique\\\/\"},\"wordCount\":699,\"publisher\":{\"@id\":\"https:\\\/\\\/ks-cs.ch\\\/fr\\\/#organization\"},\"image\":{\"@id\":\"https:\\\/\\\/ks-cs.ch\\\/fr\\\/nous-soutenons-le-secteur-sur-le-plan-politique\\\/#primaryimage\"},\"thumbnailUrl\":\"https:\\\/\\\/hs-25394010.f.hubspotstarter-eu1.net\\\/hub\\\/25394010\\\/hubfs\\\/mark-olsen-K5j1KgecVC8-unsplash.jpg?width=1120&amp;upscale=true&amp;name=mark-olsen-K5j1KgecVC8-unsplash.jpg\",\"articleSection\":[\"Nouvelles\"],\"inLanguage\":\"fr-FR\"},{\"@type\":\"WebPage\",\"@id\":\"https:\\\/\\\/ks-cs.ch\\\/fr\\\/nous-soutenons-le-secteur-sur-le-plan-politique\\\/\",\"url\":\"https:\\\/\\\/ks-cs.ch\\\/fr\\\/nous-soutenons-le-secteur-sur-le-plan-politique\\\/\",\"name\":\"Politique publicitaire : Nous soutenons le secteur sur le plan politique - KS\\\/CS Communication Suisse\",\"isPartOf\":{\"@id\":\"https:\\\/\\\/ks-cs.ch\\\/fr\\\/#website\"},\"primaryImageOfPage\":{\"@id\":\"https:\\\/\\\/ks-cs.ch\\\/fr\\\/nous-soutenons-le-secteur-sur-le-plan-politique\\\/#primaryimage\"},\"image\":{\"@id\":\"https:\\\/\\\/ks-cs.ch\\\/fr\\\/nous-soutenons-le-secteur-sur-le-plan-politique\\\/#primaryimage\"},\"thumbnailUrl\":\"https:\\\/\\\/hs-25394010.f.hubspotstarter-eu1.net\\\/hub\\\/25394010\\\/hubfs\\\/mark-olsen-K5j1KgecVC8-unsplash.jpg?width=1120&amp;upscale=true&amp;name=mark-olsen-K5j1KgecVC8-unsplash.jpg\",\"datePublished\":\"2026-08-26T07:20:01+00:00\",\"dateModified\":\"2026-09-01T13:51:25+00:00\",\"description\":\"Apr\u00e8s une courte pause estivale, nous sommes de retour avec les derniers sujets d'actualit\u00e9 en mati\u00e8re de publicit\u00e9. Des interdictions municipales de distribution de prospectus \u00e0 Zurich aux nouvelles contraintes nationales concernant la publicit\u00e9 dans le domaine du leasing automobile, en passant par les nouvelles r\u00e8gles europ\u00e9ennes relatives \u00e0 l'\u00e9tiquetage de l'IA : les d\u00e9bats sur la politique publicitaire reprennent de plus belle \u00e0 tous les niveaux.\",\"breadcrumb\":{\"@id\":\"https:\\\/\\\/ks-cs.ch\\\/fr\\\/nous-soutenons-le-secteur-sur-le-plan-politique\\\/#breadcrumb\"},\"inLanguage\":\"fr-FR\",\"potentialAction\":[{\"@type\":\"ReadAction\",\"target\":[\"https:\\\/\\\/ks-cs.ch\\\/fr\\\/nous-soutenons-le-secteur-sur-le-plan-politique\\\/\"]}]},{\"@type\":\"ImageObject\",\"inLanguage\":\"fr-FR\",\"@id\":\"https:\\\/\\\/ks-cs.ch\\\/fr\\\/nous-soutenons-le-secteur-sur-le-plan-politique\\\/#primaryimage\",\"url\":\"https:\\\/\\\/hs-25394010.f.hubspotstarter-eu1.net\\\/hub\\\/25394010\\\/hubfs\\\/mark-olsen-K5j1KgecVC8-unsplash.jpg?width=1120&amp;upscale=true&amp;name=mark-olsen-K5j1KgecVC8-unsplash.jpg\",\"contentUrl\":\"https:\\\/\\\/hs-25394010.f.hubspotstarter-eu1.net\\\/hub\\\/25394010\\\/hubfs\\\/mark-olsen-K5j1KgecVC8-unsplash.jpg?width=1120&amp;upscale=true&amp;name=mark-olsen-K5j1KgecVC8-unsplash.jpg\"},{\"@type\":\"BreadcrumbList\",\"@id\":\"https:\\\/\\\/ks-cs.ch\\\/fr\\\/nous-soutenons-le-secteur-sur-le-plan-politique\\\/#breadcrumb\",\"itemListElement\":[{\"@type\":\"ListItem\",\"position\":1,\"name\":\"Home\",\"item\":\"https:\\\/\\\/ks-cs.ch\\\/fr\\\/\"},{\"@type\":\"ListItem\",\"position\":2,\"name\":\"Politique publicitaire : Nous soutenons le secteur sur le plan politique\"}]},{\"@type\":\"WebSite\",\"@id\":\"https:\\\/\\\/ks-cs.ch\\\/fr\\\/#website\",\"url\":\"https:\\\/\\\/ks-cs.ch\\\/fr\\\/\",\"name\":\"KS\\\/CS Kommunikation Schweiz\",\"description\":\"Association des communications commerciales\",\"publisher\":{\"@id\":\"https:\\\/\\\/ks-cs.ch\\\/fr\\\/#organization\"},\"potentialAction\":[{\"@type\":\"SearchAction\",\"target\":{\"@type\":\"EntryPoint\",\"urlTemplate\":\"https:\\\/\\\/ks-cs.ch\\\/fr\\\/?s={search_term_string}\"},\"query-input\":{\"@type\":\"PropertyValueSpecification\",\"valueRequired\":true,\"valueName\":\"search_term_string\"}}],\"inLanguage\":\"fr-FR\"},{\"@type\":\"Organization\",\"@id\":\"https:\\\/\\\/ks-cs.ch\\\/fr\\\/#organization\",\"name\":\"KS\\\/CS Kommunikation Schweiz\",\"url\":\"https:\\\/\\\/ks-cs.ch\\\/fr\\\/\",\"logo\":{\"@type\":\"ImageObject\",\"inLanguage\":\"fr-FR\",\"@id\":\"https:\\\/\\\/ks-cs.ch\\\/fr\\\/#\\\/schema\\\/logo\\\/image\\\/\",\"url\":\"https:\\\/\\\/ks-cs.ch\\\/wp-content\\\/uploads\\\/2022\\\/12\\\/Logo-Social-Media-1.jpg\",\"contentUrl\":\"https:\\\/\\\/ks-cs.ch\\\/wp-content\\\/uploads\\\/2022\\\/12\\\/Logo-Social-Media-1.jpg\",\"width\":709,\"height\":608,\"caption\":\"KS\\\/CS Kommunikation Schweiz\"},\"image\":{\"@id\":\"https:\\\/\\\/ks-cs.ch\\\/fr\\\/#\\\/schema\\\/logo\\\/image\\\/\"},\"sameAs\":[\"https:\\\/\\\/www.linkedin.com\\\/company\\\/kommunikation-schweiz-communication-suisse-comunicazione-svizzera-communication-switzerland\\\/\"]},{\"@type\":\"Person\",\"@id\":\"https:\\\/\\\/ks-cs.ch\\\/fr\\\/#\\\/schema\\\/person\\\/9d52779da2bedc35cb887cf481ae8cfb\",\"name\":\"Yasmin Spengler\",\"image\":{\"@type\":\"ImageObject\",\"inLanguage\":\"fr-FR\",\"@id\":\"https:\\\/\\\/secure.gravatar.com\\\/avatar\\\/55e0188ff631f21ae4e1891d34a7a316edd8320e919b990bd18eab546364b283?s=96&d=mm&r=g\",\"url\":\"https:\\\/\\\/secure.gravatar.com\\\/avatar\\\/55e0188ff631f21ae4e1891d34a7a316edd8320e919b990bd18eab546364b283?s=96&d=mm&r=g\",\"contentUrl\":\"https:\\\/\\\/secure.gravatar.com\\\/avatar\\\/55e0188ff631f21ae4e1891d34a7a316edd8320e919b990bd18eab546364b283?s=96&d=mm&r=g\",\"caption\":\"Yasmin Spengler\"}}]}<\/script>\n<!-- \/ Yoast SEO plugin. -->","yoast_head_json":{"title":"Politique publicitaire : Nous soutenons le secteur sur le plan politique - KS\/CS Communication Suisse","description":"Apr\u00e8s une courte pause estivale, nous sommes de retour avec les derniers sujets d'actualit\u00e9 en mati\u00e8re de publicit\u00e9. Des interdictions municipales de distribution de prospectus \u00e0 Zurich aux nouvelles contraintes nationales concernant la publicit\u00e9 dans le domaine du leasing automobile, en passant par les nouvelles r\u00e8gles europ\u00e9ennes relatives \u00e0 l'\u00e9tiquetage de l'IA : les d\u00e9bats sur la politique publicitaire reprennent de plus belle \u00e0 tous les niveaux.","robots":{"index":"index","follow":"follow","max-snippet":"max-snippet:-1","max-image-preview":"max-image-preview:large","max-video-preview":"max-video-preview:-1"},"canonical":"https:\/\/ks-cs.ch\/fr\/nous-soutenons-le-secteur-sur-le-plan-politique\/","og_locale":"fr_FR","og_type":"article","og_title":"Politique publicitaire : Nous soutenons le secteur sur le plan politique - KS\/CS Communication Suisse","og_description":"Apr\u00e8s une courte pause estivale, nous sommes de retour avec les derniers sujets d'actualit\u00e9 en mati\u00e8re de publicit\u00e9. Des interdictions municipales de distribution de prospectus \u00e0 Zurich aux nouvelles contraintes nationales concernant la publicit\u00e9 dans le domaine du leasing automobile, en passant par les nouvelles r\u00e8gles europ\u00e9ennes relatives \u00e0 l'\u00e9tiquetage de l'IA : les d\u00e9bats sur la politique publicitaire reprennent de plus belle \u00e0 tous les niveaux.","og_url":"https:\/\/ks-cs.ch\/fr\/nous-soutenons-le-secteur-sur-le-plan-politique\/","og_site_name":"KS\/CS Communication Suisse","article_published_time":"2026-08-26T07:20:01+00:00","article_modified_time":"2026-09-01T13:51:25+00:00","og_image":[{"url":"https:\/\/hs-25394010.f.hubspotstarter-eu1.net\/hub\/25394010\/hubfs\/mark-olsen-K5j1KgecVC8-unsplash.jpg?width=1120&amp;upscale=true&amp;name=mark-olsen-K5j1KgecVC8-unsplash.jpg","type":"","width":"","height":""}],"author":"Yasmin Spengler","twitter_card":"summary_large_image","twitter_misc":{"\u00c9crit par":"Yasmin Spengler","Dur\u00e9e de lecture estim\u00e9e":"4 minutes"},"schema":{"@context":"https:\/\/schema.org","@graph":[{"@type":"Article","@id":"https:\/\/ks-cs.ch\/fr\/nous-soutenons-le-secteur-sur-le-plan-politique\/#article","isPartOf":{"@id":"https:\/\/ks-cs.ch\/fr\/nous-soutenons-le-secteur-sur-le-plan-politique\/"},"author":{"name":"Yasmin Spengler","@id":"https:\/\/ks-cs.ch\/fr\/#\/schema\/person\/9d52779da2bedc35cb887cf481ae8cfb"},"headline":"Politique publicitaire : Nous soutenons le secteur sur le plan politique","datePublished":"2026-08-26T07:20:01+00:00","dateModified":"2026-09-01T13:51:25+00:00","mainEntityOfPage":{"@id":"https:\/\/ks-cs.ch\/fr\/nous-soutenons-le-secteur-sur-le-plan-politique\/"},"wordCount":699,"publisher":{"@id":"https:\/\/ks-cs.ch\/fr\/#organization"},"image":{"@id":"https:\/\/ks-cs.ch\/fr\/nous-soutenons-le-secteur-sur-le-plan-politique\/#primaryimage"},"thumbnailUrl":"https:\/\/hs-25394010.f.hubspotstarter-eu1.net\/hub\/25394010\/hubfs\/mark-olsen-K5j1KgecVC8-unsplash.jpg?width=1120&amp;upscale=true&amp;name=mark-olsen-K5j1KgecVC8-unsplash.jpg","articleSection":["Nouvelles"],"inLanguage":"fr-FR"},{"@type":"WebPage","@id":"https:\/\/ks-cs.ch\/fr\/nous-soutenons-le-secteur-sur-le-plan-politique\/","url":"https:\/\/ks-cs.ch\/fr\/nous-soutenons-le-secteur-sur-le-plan-politique\/","name":"Politique publicitaire : Nous soutenons le secteur sur le plan politique - KS\/CS Communication Suisse","isPartOf":{"@id":"https:\/\/ks-cs.ch\/fr\/#website"},"primaryImageOfPage":{"@id":"https:\/\/ks-cs.ch\/fr\/nous-soutenons-le-secteur-sur-le-plan-politique\/#primaryimage"},"image":{"@id":"https:\/\/ks-cs.ch\/fr\/nous-soutenons-le-secteur-sur-le-plan-politique\/#primaryimage"},"thumbnailUrl":"https:\/\/hs-25394010.f.hubspotstarter-eu1.net\/hub\/25394010\/hubfs\/mark-olsen-K5j1KgecVC8-unsplash.jpg?width=1120&amp;upscale=true&amp;name=mark-olsen-K5j1KgecVC8-unsplash.jpg","datePublished":"2026-08-26T07:20:01+00:00","dateModified":"2026-09-01T13:51:25+00:00","description":"Apr\u00e8s une courte pause estivale, nous sommes de retour avec les derniers sujets d'actualit\u00e9 en mati\u00e8re de publicit\u00e9. Des interdictions municipales de distribution de prospectus \u00e0 Zurich aux nouvelles contraintes nationales concernant la publicit\u00e9 dans le domaine du leasing automobile, en passant par les nouvelles r\u00e8gles europ\u00e9ennes relatives \u00e0 l'\u00e9tiquetage de l'IA : les d\u00e9bats sur la politique publicitaire reprennent de plus belle \u00e0 tous les niveaux.","breadcrumb":{"@id":"https:\/\/ks-cs.ch\/fr\/nous-soutenons-le-secteur-sur-le-plan-politique\/#breadcrumb"},"inLanguage":"fr-FR","potentialAction":[{"@type":"ReadAction","target":["https:\/\/ks-cs.ch\/fr\/nous-soutenons-le-secteur-sur-le-plan-politique\/"]}]},{"@type":"ImageObject","inLanguage":"fr-FR","@id":"https:\/\/ks-cs.ch\/fr\/nous-soutenons-le-secteur-sur-le-plan-politique\/#primaryimage","url":"https:\/\/hs-25394010.f.hubspotstarter-eu1.net\/hub\/25394010\/hubfs\/mark-olsen-K5j1KgecVC8-unsplash.jpg?width=1120&amp;upscale=true&amp;name=mark-olsen-K5j1KgecVC8-unsplash.jpg","contentUrl":"https:\/\/hs-25394010.f.hubspotstarter-eu1.net\/hub\/25394010\/hubfs\/mark-olsen-K5j1KgecVC8-unsplash.jpg?width=1120&amp;upscale=true&amp;name=mark-olsen-K5j1KgecVC8-unsplash.jpg"},{"@type":"BreadcrumbList","@id":"https:\/\/ks-cs.ch\/fr\/nous-soutenons-le-secteur-sur-le-plan-politique\/#breadcrumb","itemListElement":[{"@type":"ListItem","position":1,"name":"Home","item":"https:\/\/ks-cs.ch\/fr\/"},{"@type":"ListItem","position":2,"name":"Politique publicitaire : Nous soutenons le secteur sur le plan politique"}]},{"@type":"WebSite","@id":"https:\/\/ks-cs.ch\/fr\/#website","url":"https:\/\/ks-cs.ch\/fr\/","name":"KS\/CS Kommunikation Schweiz","description":"Association des communications commerciales","publisher":{"@id":"https:\/\/ks-cs.ch\/fr\/#organization"},"potentialAction":[{"@type":"SearchAction","target":{"@type":"EntryPoint","urlTemplate":"https:\/\/ks-cs.ch\/fr\/?s={search_term_string}"},"query-input":{"@type":"PropertyValueSpecification","valueRequired":true,"valueName":"search_term_string"}}],"inLanguage":"fr-FR"},{"@type":"Organization","@id":"https:\/\/ks-cs.ch\/fr\/#organization","name":"KS\/CS Kommunikation Schweiz","url":"https:\/\/ks-cs.ch\/fr\/","logo":{"@type":"ImageObject","inLanguage":"fr-FR","@id":"https:\/\/ks-cs.ch\/fr\/#\/schema\/logo\/image\/","url":"https:\/\/ks-cs.ch\/wp-content\/uploads\/2022\/12\/Logo-Social-Media-1.jpg","contentUrl":"https:\/\/ks-cs.ch\/wp-content\/uploads\/2022\/12\/Logo-Social-Media-1.jpg","width":709,"height":608,"caption":"KS\/CS Kommunikation Schweiz"},"image":{"@id":"https:\/\/ks-cs.ch\/fr\/#\/schema\/logo\/image\/"},"sameAs":["https:\/\/www.linkedin.com\/company\/kommunikation-schweiz-communication-suisse-comunicazione-svizzera-communication-switzerland\/"]},{"@type":"Person","@id":"https:\/\/ks-cs.ch\/fr\/#\/schema\/person\/9d52779da2bedc35cb887cf481ae8cfb","name":"Yasmin Spengler","image":{"@type":"ImageObject","inLanguage":"fr-FR","@id":"https:\/\/secure.gravatar.com\/avatar\/55e0188ff631f21ae4e1891d34a7a316edd8320e919b990bd18eab546364b283?s=96&d=mm&r=g","url":"https:\/\/secure.gravatar.com\/avatar\/55e0188ff631f21ae4e1891d34a7a316edd8320e919b990bd18eab546364b283?s=96&d=mm&r=g","contentUrl":"https:\/\/secure.gravatar.com\/avatar\/55e0188ff631f21ae4e1891d34a7a316edd8320e919b990bd18eab546364b283?s=96&d=mm&r=g","caption":"Yasmin Spengler"}}]}},"publishpress_future_action":{"enabled":false,"date":"2026-09-12 01:23:12","action":"change-status","newStatus":"draft","terms":[],"taxonomy":"category","extraData":[]},"publishpress_future_workflow_manual_trigger":{"enabledWorkflows":[]},"_links":{"self":[{"href":"https:\/\/ks-cs.ch\/fr\/wp-json\/wp\/v2\/posts\/9648","targetHints":{"allow":["GET"]}}],"collection":[{"href":"https:\/\/ks-cs.ch\/fr\/wp-json\/wp\/v2\/posts"}],"about":[{"href":"https:\/\/ks-cs.ch\/fr\/wp-json\/wp\/v2\/types\/post"}],"author":[{"embeddable":true,"href":"https:\/\/ks-cs.ch\/fr\/wp-json\/wp\/v2\/users\/6"}],"replies":[{"embeddable":true,"href":"https:\/\/ks-cs.ch\/fr\/wp-json\/wp\/v2\/comments?post=9648"}],"version-history":[{"count":1,"href":"https:\/\/ks-cs.ch\/fr\/wp-json\/wp\/v2\/posts\/9648\/revisions"}],"predecessor-version":[{"id":9689,"href":"https:\/\/ks-cs.ch\/fr\/wp-json\/wp\/v2\/posts\/9648\/revisions\/9689"}],"wp:attachment":[{"href":"https:\/\/ks-cs.ch\/fr\/wp-json\/wp\/v2\/media?parent=9648"}],"wp:term":[{"taxonomy":"category","embeddable":true,"href":"https:\/\/ks-cs.ch\/fr\/wp-json\/wp\/v2\/categories?post=9648"},{"taxonomy":"post_tag","embeddable":true,"href":"https:\/\/ks-cs.ch\/fr\/wp-json\/wp\/v2\/tags?post=9648"}],"curies":[{"name":"wp","href":"https:\/\/api.w.org\/{rel}","templated":true}]}}