{"id":9614,"date":"2026-08-25T08:23:57","date_gmt":"2026-08-25T06:23:57","guid":{"rendered":"https:\/\/ks-cs.ch\/?p=9614"},"modified":"2026-08-28T13:52:48","modified_gmt":"2026-08-28T11:52:48","slug":"stellungnahme-zur-aenderung-der-kfz-verordnung-und-der-preisbekanntgabeverordnung","status":"publish","type":"post","link":"https:\/\/ks-cs.ch\/fr\/stellungnahme-zur-aenderung-der-kfz-verordnung-und-der-preisbekanntgabeverordnung\/","title":{"rendered":"Stellungnahme zur \u00c4nderung der KFZ-Verordnung und der Preisbekanntgabeverordnung"},"content":{"rendered":"<div class=\"wpb-content-wrapper\"><p>[vc_row][vc_column][vc_column_text uncode_shortcode_id=\u00a0\u00bb113970&Prime;]Die eingereichte Stellungnahme von KS\/CS Kommunikation Schweiz finden Sie <a href=\"https:\/\/ks-cs.ch\/wp-content\/uploads\/2026\/08\/20260805_KSCS-Stellungnahme-Aenderung-der-KFZ-Verordnung-und-der-Preisbekanntgabeverordnung-1.pdf\">hier als PDF<\/a> und folgend als allgemeine R\u00fcckmeldung:<\/p>\n<p><em>Z\u00fcrich, 25. August 2026.<\/em>KS\/CS Kommunikation Schweiz m\u00f6chte die Gelegenheit nutzen, sich als Dachverband der kommerziellen Kommunikation an der Vernehmlassung zur \u00c4nderung der Preisbekanntgabeverordnung zu beteiligen. Gerne nehmen wir zum Entwurf der rechtlichen Grundlagen sowie zum erl\u00e4uternden Bericht wie folgt Stellung:<\/p>\n<p><strong>Vorbemerkungen<\/strong>\u00a0<strong>und Hinweis zum Umfang der Stellungnahme \u00a0\u00a0\u00a0\u00a0\u00a0\u00a0\u00a0\u00a0 <\/strong><br \/>\nKS\/CS Kommunikation Schweiz ist der Dachverband der Schweizer Werbung. Unser Verband vertritt die Interessen von Unternehmen, Wirtschafts- und Branchenverb\u00e4nden sowie Einzelmitgliedern der drei Gruppierungen Werbeauftraggeberinnen und -auftraggeber, Werbeagenturen\/Werbeberaterinnen und -berater sowie Medienanbieterinnen und -anbieter\/Auftragnehmerinnen und -nehmer. Er repr\u00e4sentiert damit eine vitale Branche mit einer Nettowertsch\u00f6pfung von CHF 4.86 Mia. und rund 22&rsquo;000 Angestellten. Der Schwerpunkt unserer Verbandsarbeit liegt darin, f\u00fcr die erw\u00e4hnten Anspruchsgruppen liberale und sozialverantwortliche Rahmenbedingungen zu schaffen und zu erhalten.<\/p>\n<p>KS\/CS beschr\u00e4nkt sich in seiner Stellungnahme auf den neu vorgeschlagenen Art. 13b PBV (Preisbekanntgabe in der Werbung f\u00fcr das Fahrzeugleasing), da einzig diese Bestimmung unmittelbare Auswirkungen auf die Werbung entfaltet. Zur Umsetzung der Motion Pfister als solche, namentlich zu den in Art. 4bis PBV vorgesehenen Bekanntgabepflichten beim Angebot von Fahrzeugleasing, \u00e4ussert sich KS\/CS nicht. Mangels Werberelevanz \u00e4ussert sich KS\/CS auch nicht zur Umsetzung der Motion 22.3838 Gugger und der damit verbundenen Teilrevision der KFZ-Verordnung.<\/p>\n<p><strong>Ablehnung des neuen Art. 13b Preisbekanntgabe in der Werbung f\u00fcr das Fahrzeugleasing<br \/>\n<\/strong>KS\/CS Kommunikation Schweiz lehnt den vorgeschlagenen Art. 13b PBV ab und beantragt dessen ersatzlose Streichung. Informationspflichten geh\u00f6ren nicht in die Werbung. Die Motion Pfister zielt auf Kostentransparenz beim Automobilleasing ab. Diesem Anliegen wird mit den in Art. 4bis PBV vorgesehenen Bekanntgabepflichten beim Angebot vollumf\u00e4nglich Rechnung getragen: Die Konsumentinnen und Konsumenten erhalten s\u00e4mtliche relevanten Angaben in dem Zeitpunkt, in dem sie diese tats\u00e4chlich ben\u00f6tigen, n\u00e4mlich bei der konkreten Angebotsunterbreitung.<\/p>\n<p>Die Werbung erf\u00fcllt demgegen\u00fcber eine andere Funktion. Sie dient dazu, auf ein Produkt oder eine Dienstleistung aufmerksam zu machen und ein erstes Interesse zu wecken. Sie ist weder dazu bestimmt noch dazu geeignet, die umfassende vorvertragliche Information der Konsumentinnen und Konsumenten sicherzustellen. Es ist deshalb der falsche Weg, die f\u00fcr das Angebot gedachten Informationspflichten auf die Werbung zu \u00fcbertragen. Anliegen, die den Vertragsabschluss betreffen, sind beim Angebot zu regeln und haben in der Werbung nichts zu suchen. Art. 13b w\u00fcrde dazu f\u00fchren, dass bei jeder Nennung eines Preises oder eines Leasingzinssatzes in der Werbung s\u00e4mtliche Angaben nach Art. 4bis PBV bekanntzugeben sind. Ein derart umfangreicher Katalog von Pflichtangaben l\u00e4sst sich in den g\u00e4ngigen Werbeformaten schlicht nicht abbilden. Plakate, Inserate, Radio- und TV-Spots, Online-Banner oder Werbung in sozialen Medien sind ihrer Natur nach auf knappe, pr\u00e4gnante Botschaften ausgelegt. Die Pflicht, in jedem dieser Formate den vollst\u00e4ndigen Angabenkatalog von Art. 4bis PBV zu integrieren, k\u00e4me einem faktischen Verbot der Preis- und Zinssatzwerbung f\u00fcr das Fahrzeugleasing gleich. Dies kann nicht die Absicht des Verordnungsgebers sein und geht deutlich \u00fcber das hinaus, was die Motion Pfister verlangt. So wird in der Motion Pfister nirgends verlangt, dass Offenlegungspflichten bereits in der Werbung erfolgen m\u00fcssen.<\/p>\n<p>Weiter g\u00e4be es mit einer entsprechenden Werbevorschrift keinen zus\u00e4tzlichen Nutzen f\u00fcr die Konsumentinnen und Konsumenten. Wer sich f\u00fcr ein beworbenes Leasingangebot interessiert, erh\u00e4lt die vollst\u00e4ndigen Angaben gest\u00fctzt auf Art. 4bis PBV sp\u00e4testens mit dem Angebot und damit rechtzeitig vor dem Vertragsabschluss. Eine mit Pflichtangaben \u00fcberladene Werbung schafft demgegen\u00fcber keine zus\u00e4tzliche Transparenz, sondern f\u00fchrt zu einer Informations\u00fcberflutung, welche die Verst\u00e4ndlichkeit der Werbebotschaft beeintr\u00e4chtigt und dem Transparenzanliegen im Ergebnis sogar zuwiderl\u00e4uft.<\/p>\n<p>Der vorgeschlagene Art. 13b PBV stellt zudem einen Eingriff in die Wirtschaftsfreiheit (Art. 27 BV) dar. Ein solcher Eingriff muss verh\u00e4ltnism\u00e4ssig sein. Das ist vorliegend nicht der Fall: Das angestrebte Ziel der Kostentransparenz wird bereits durch die Bekanntgabepflichten beim Angebot (Art. 4bis PBV) vollst\u00e4ndig erreicht. Die zus\u00e4tzliche Ausdehnung auf die Werbung ist weder erforderlich noch geeignet, die Transparenz weiter zu verbessern, und belastet die betroffenen Unternehmen sowie die Werbebranche in unzumutbarer Weise.<\/p>\n<h4>Gest\u00fctzt auf die voranstehenden Ausf\u00fchrungen stellt KS\/CS damit den Antrag Art. 13b PVB ersatzlos zu streichen.<\/h4>\n<p><strong>F\u00fcr R\u00fcckfragen bei KS\/CS: <\/strong>Vera Baldo-Tschan, Leitung Public Affairs &amp; Kommunikation bei KS\/CS: <a href=\"mailto:baldo-tschan@ks-cs.ch\">baldo-tschan@ks-cs.ch<\/a>[\/vc_column_text][\/vc_column][\/vc_row]<\/p>\n<\/div>","protected":false},"excerpt":{"rendered":"<p>Vernehmlassung des Eidgen\u00f6ssisches Departement f\u00fcr Wirtschaft, Bildung und Forschung WBF<\/p>\n","protected":false},"author":5,"featured_media":0,"comment_status":"closed","ping_status":"open","sticky":false,"template":"","format":"standard","meta":{"content-type":"","footnotes":""},"categories":[58],"tags":[],"class_list":["post-9614","post","type-post","status-publish","format-standard","hentry","category-stellungsnahmen-fr"],"yoast_head":"<!-- This site is optimized with the Yoast SEO plugin v28.3 - https:\/\/yoast.com\/product\/yoast-seo-wordpress\/ -->\n<title>Stellungnahme zur \u00c4nderung der KFZ-Verordnung und der Preisbekanntgabeverordnung - KS\/CS Communication Suisse<\/title>\n<meta name=\"description\" content=\"KS\/CS beschr\u00e4nkt sich in seiner Stellungnahme auf den neu vorgeschlagenen Art. 13b PBV (Preisbekanntgabe in der Werbung f\u00fcr das Fahrzeugleasing), da einzig diese Bestimmung unmittelbare Auswirkungen auf die Werbung entfaltet.\" \/>\n<meta name=\"robots\" content=\"index, follow, max-snippet:-1, max-image-preview:large, max-video-preview:-1\" \/>\n<link rel=\"canonical\" href=\"https:\/\/ks-cs.ch\/fr\/stellungnahme-zur-aenderung-der-kfz-verordnung-und-der-preisbekanntgabeverordnung\/\" \/>\n<meta property=\"og:locale\" content=\"fr_FR\" \/>\n<meta property=\"og:type\" content=\"article\" \/>\n<meta property=\"og:title\" content=\"Stellungnahme zur \u00c4nderung der KFZ-Verordnung und der Preisbekanntgabeverordnung - KS\/CS Communication Suisse\" \/>\n<meta property=\"og:description\" content=\"KS\/CS beschr\u00e4nkt sich in seiner Stellungnahme auf den neu vorgeschlagenen Art. 13b PBV (Preisbekanntgabe in der Werbung f\u00fcr das Fahrzeugleasing), da einzig diese Bestimmung unmittelbare Auswirkungen auf die Werbung entfaltet.\" \/>\n<meta property=\"og:url\" content=\"https:\/\/ks-cs.ch\/fr\/stellungnahme-zur-aenderung-der-kfz-verordnung-und-der-preisbekanntgabeverordnung\/\" \/>\n<meta property=\"og:site_name\" content=\"KS\/CS Communication Suisse\" \/>\n<meta property=\"article:published_time\" content=\"2026-08-25T06:23:57+00:00\" \/>\n<meta property=\"article:modified_time\" content=\"2026-08-28T11:52:48+00:00\" \/>\n<meta property=\"og:image\" content=\"https:\/\/ks-cs.ch\/wp-content\/uploads\/2022\/11\/Logo.jpeg\" \/>\n\t<meta property=\"og:image:width\" content=\"1200\" \/>\n\t<meta property=\"og:image:height\" content=\"920\" \/>\n\t<meta property=\"og:image:type\" content=\"image\/jpeg\" \/>\n<meta name=\"author\" content=\"Hendrik Fischer\" \/>\n<meta name=\"twitter:card\" content=\"summary_large_image\" \/>\n<meta name=\"twitter:label1\" content=\"\u00c9crit par\" \/>\n\t<meta name=\"twitter:data1\" content=\"Hendrik Fischer\" \/>\n\t<meta name=\"twitter:label2\" content=\"Dur\u00e9e de lecture estim\u00e9e\" \/>\n\t<meta name=\"twitter:data2\" content=\"4 minutes\" \/>\n<script type=\"application\/ld+json\" class=\"yoast-schema-graph\">{\"@context\":\"https:\\\/\\\/schema.org\",\"@graph\":[{\"@type\":\"Article\",\"@id\":\"https:\\\/\\\/ks-cs.ch\\\/fr\\\/stellungnahme-zur-aenderung-der-kfz-verordnung-und-der-preisbekanntgabeverordnung\\\/#article\",\"isPartOf\":{\"@id\":\"https:\\\/\\\/ks-cs.ch\\\/fr\\\/stellungnahme-zur-aenderung-der-kfz-verordnung-und-der-preisbekanntgabeverordnung\\\/\"},\"author\":{\"name\":\"Hendrik Fischer\",\"@id\":\"https:\\\/\\\/ks-cs.ch\\\/fr\\\/#\\\/schema\\\/person\\\/757c9eea7858086d44d1a415e371e005\"},\"headline\":\"Stellungnahme zur \u00c4nderung der KFZ-Verordnung und der Preisbekanntgabeverordnung\",\"datePublished\":\"2026-08-25T06:23:57+00:00\",\"dateModified\":\"2026-08-28T11:52:48+00:00\",\"mainEntityOfPage\":{\"@id\":\"https:\\\/\\\/ks-cs.ch\\\/fr\\\/stellungnahme-zur-aenderung-der-kfz-verordnung-und-der-preisbekanntgabeverordnung\\\/\"},\"wordCount\":749,\"publisher\":{\"@id\":\"https:\\\/\\\/ks-cs.ch\\\/fr\\\/#organization\"},\"articleSection\":[\"Prises de position\"],\"inLanguage\":\"fr-FR\"},{\"@type\":\"WebPage\",\"@id\":\"https:\\\/\\\/ks-cs.ch\\\/fr\\\/stellungnahme-zur-aenderung-der-kfz-verordnung-und-der-preisbekanntgabeverordnung\\\/\",\"url\":\"https:\\\/\\\/ks-cs.ch\\\/fr\\\/stellungnahme-zur-aenderung-der-kfz-verordnung-und-der-preisbekanntgabeverordnung\\\/\",\"name\":\"Stellungnahme zur \u00c4nderung der KFZ-Verordnung und der Preisbekanntgabeverordnung - KS\\\/CS Communication Suisse\",\"isPartOf\":{\"@id\":\"https:\\\/\\\/ks-cs.ch\\\/fr\\\/#website\"},\"datePublished\":\"2026-08-25T06:23:57+00:00\",\"dateModified\":\"2026-08-28T11:52:48+00:00\",\"description\":\"KS\\\/CS beschr\u00e4nkt sich in seiner Stellungnahme auf den neu vorgeschlagenen Art. 13b PBV (Preisbekanntgabe in der Werbung f\u00fcr das Fahrzeugleasing), da einzig diese Bestimmung unmittelbare Auswirkungen auf die Werbung entfaltet.\",\"breadcrumb\":{\"@id\":\"https:\\\/\\\/ks-cs.ch\\\/fr\\\/stellungnahme-zur-aenderung-der-kfz-verordnung-und-der-preisbekanntgabeverordnung\\\/#breadcrumb\"},\"inLanguage\":\"fr-FR\",\"potentialAction\":[{\"@type\":\"ReadAction\",\"target\":[\"https:\\\/\\\/ks-cs.ch\\\/fr\\\/stellungnahme-zur-aenderung-der-kfz-verordnung-und-der-preisbekanntgabeverordnung\\\/\"]}]},{\"@type\":\"BreadcrumbList\",\"@id\":\"https:\\\/\\\/ks-cs.ch\\\/fr\\\/stellungnahme-zur-aenderung-der-kfz-verordnung-und-der-preisbekanntgabeverordnung\\\/#breadcrumb\",\"itemListElement\":[{\"@type\":\"ListItem\",\"position\":1,\"name\":\"Home\",\"item\":\"https:\\\/\\\/ks-cs.ch\\\/fr\\\/\"},{\"@type\":\"ListItem\",\"position\":2,\"name\":\"Stellungnahme zur \u00c4nderung der KFZ-Verordnung und der Preisbekanntgabeverordnung\"}]},{\"@type\":\"WebSite\",\"@id\":\"https:\\\/\\\/ks-cs.ch\\\/fr\\\/#website\",\"url\":\"https:\\\/\\\/ks-cs.ch\\\/fr\\\/\",\"name\":\"KS\\\/CS Kommunikation Schweiz\",\"description\":\"Association des communications commerciales\",\"publisher\":{\"@id\":\"https:\\\/\\\/ks-cs.ch\\\/fr\\\/#organization\"},\"potentialAction\":[{\"@type\":\"SearchAction\",\"target\":{\"@type\":\"EntryPoint\",\"urlTemplate\":\"https:\\\/\\\/ks-cs.ch\\\/fr\\\/?s={search_term_string}\"},\"query-input\":{\"@type\":\"PropertyValueSpecification\",\"valueRequired\":true,\"valueName\":\"search_term_string\"}}],\"inLanguage\":\"fr-FR\"},{\"@type\":\"Organization\",\"@id\":\"https:\\\/\\\/ks-cs.ch\\\/fr\\\/#organization\",\"name\":\"KS\\\/CS Kommunikation Schweiz\",\"url\":\"https:\\\/\\\/ks-cs.ch\\\/fr\\\/\",\"logo\":{\"@type\":\"ImageObject\",\"inLanguage\":\"fr-FR\",\"@id\":\"https:\\\/\\\/ks-cs.ch\\\/fr\\\/#\\\/schema\\\/logo\\\/image\\\/\",\"url\":\"https:\\\/\\\/ks-cs.ch\\\/wp-content\\\/uploads\\\/2022\\\/12\\\/Logo-Social-Media-1.jpg\",\"contentUrl\":\"https:\\\/\\\/ks-cs.ch\\\/wp-content\\\/uploads\\\/2022\\\/12\\\/Logo-Social-Media-1.jpg\",\"width\":709,\"height\":608,\"caption\":\"KS\\\/CS Kommunikation Schweiz\"},\"image\":{\"@id\":\"https:\\\/\\\/ks-cs.ch\\\/fr\\\/#\\\/schema\\\/logo\\\/image\\\/\"},\"sameAs\":[\"https:\\\/\\\/www.linkedin.com\\\/company\\\/kommunikation-schweiz-communication-suisse-comunicazione-svizzera-communication-switzerland\\\/\"]},{\"@type\":\"Person\",\"@id\":\"https:\\\/\\\/ks-cs.ch\\\/fr\\\/#\\\/schema\\\/person\\\/757c9eea7858086d44d1a415e371e005\",\"name\":\"Hendrik Fischer\",\"image\":{\"@type\":\"ImageObject\",\"inLanguage\":\"fr-FR\",\"@id\":\"https:\\\/\\\/secure.gravatar.com\\\/avatar\\\/53cc83626804a21e731fe1b5f49d38c46710f65192dda8fbe5b5fe16ad0804b8?s=96&d=mm&r=g\",\"url\":\"https:\\\/\\\/secure.gravatar.com\\\/avatar\\\/53cc83626804a21e731fe1b5f49d38c46710f65192dda8fbe5b5fe16ad0804b8?s=96&d=mm&r=g\",\"contentUrl\":\"https:\\\/\\\/secure.gravatar.com\\\/avatar\\\/53cc83626804a21e731fe1b5f49d38c46710f65192dda8fbe5b5fe16ad0804b8?s=96&d=mm&r=g\",\"caption\":\"Hendrik Fischer\"}}]}<\/script>\n<!-- \/ Yoast SEO plugin. -->","yoast_head_json":{"title":"Stellungnahme zur \u00c4nderung der KFZ-Verordnung und der Preisbekanntgabeverordnung - KS\/CS Communication Suisse","description":"KS\/CS beschr\u00e4nkt sich in seiner Stellungnahme auf den neu vorgeschlagenen Art. 13b PBV (Preisbekanntgabe in der Werbung f\u00fcr das Fahrzeugleasing), da einzig diese Bestimmung unmittelbare Auswirkungen auf die Werbung entfaltet.","robots":{"index":"index","follow":"follow","max-snippet":"max-snippet:-1","max-image-preview":"max-image-preview:large","max-video-preview":"max-video-preview:-1"},"canonical":"https:\/\/ks-cs.ch\/fr\/stellungnahme-zur-aenderung-der-kfz-verordnung-und-der-preisbekanntgabeverordnung\/","og_locale":"fr_FR","og_type":"article","og_title":"Stellungnahme zur \u00c4nderung der KFZ-Verordnung und der Preisbekanntgabeverordnung - KS\/CS Communication Suisse","og_description":"KS\/CS beschr\u00e4nkt sich in seiner Stellungnahme auf den neu vorgeschlagenen Art. 13b PBV (Preisbekanntgabe in der Werbung f\u00fcr das Fahrzeugleasing), da einzig diese Bestimmung unmittelbare Auswirkungen auf die Werbung entfaltet.","og_url":"https:\/\/ks-cs.ch\/fr\/stellungnahme-zur-aenderung-der-kfz-verordnung-und-der-preisbekanntgabeverordnung\/","og_site_name":"KS\/CS Communication Suisse","article_published_time":"2026-08-25T06:23:57+00:00","article_modified_time":"2026-08-28T11:52:48+00:00","og_image":[{"width":1200,"height":920,"url":"https:\/\/ks-cs.ch\/wp-content\/uploads\/2022\/11\/Logo.jpeg","type":"image\/jpeg"}],"author":"Hendrik Fischer","twitter_card":"summary_large_image","twitter_misc":{"\u00c9crit par":"Hendrik Fischer","Dur\u00e9e de lecture estim\u00e9e":"4 minutes"},"schema":{"@context":"https:\/\/schema.org","@graph":[{"@type":"Article","@id":"https:\/\/ks-cs.ch\/fr\/stellungnahme-zur-aenderung-der-kfz-verordnung-und-der-preisbekanntgabeverordnung\/#article","isPartOf":{"@id":"https:\/\/ks-cs.ch\/fr\/stellungnahme-zur-aenderung-der-kfz-verordnung-und-der-preisbekanntgabeverordnung\/"},"author":{"name":"Hendrik Fischer","@id":"https:\/\/ks-cs.ch\/fr\/#\/schema\/person\/757c9eea7858086d44d1a415e371e005"},"headline":"Stellungnahme zur \u00c4nderung der KFZ-Verordnung und der Preisbekanntgabeverordnung","datePublished":"2026-08-25T06:23:57+00:00","dateModified":"2026-08-28T11:52:48+00:00","mainEntityOfPage":{"@id":"https:\/\/ks-cs.ch\/fr\/stellungnahme-zur-aenderung-der-kfz-verordnung-und-der-preisbekanntgabeverordnung\/"},"wordCount":749,"publisher":{"@id":"https:\/\/ks-cs.ch\/fr\/#organization"},"articleSection":["Prises de position"],"inLanguage":"fr-FR"},{"@type":"WebPage","@id":"https:\/\/ks-cs.ch\/fr\/stellungnahme-zur-aenderung-der-kfz-verordnung-und-der-preisbekanntgabeverordnung\/","url":"https:\/\/ks-cs.ch\/fr\/stellungnahme-zur-aenderung-der-kfz-verordnung-und-der-preisbekanntgabeverordnung\/","name":"Stellungnahme zur \u00c4nderung der KFZ-Verordnung und der Preisbekanntgabeverordnung - KS\/CS Communication Suisse","isPartOf":{"@id":"https:\/\/ks-cs.ch\/fr\/#website"},"datePublished":"2026-08-25T06:23:57+00:00","dateModified":"2026-08-28T11:52:48+00:00","description":"KS\/CS beschr\u00e4nkt sich in seiner Stellungnahme auf den neu vorgeschlagenen Art. 13b PBV (Preisbekanntgabe in der Werbung f\u00fcr das Fahrzeugleasing), da einzig diese Bestimmung unmittelbare Auswirkungen auf die Werbung entfaltet.","breadcrumb":{"@id":"https:\/\/ks-cs.ch\/fr\/stellungnahme-zur-aenderung-der-kfz-verordnung-und-der-preisbekanntgabeverordnung\/#breadcrumb"},"inLanguage":"fr-FR","potentialAction":[{"@type":"ReadAction","target":["https:\/\/ks-cs.ch\/fr\/stellungnahme-zur-aenderung-der-kfz-verordnung-und-der-preisbekanntgabeverordnung\/"]}]},{"@type":"BreadcrumbList","@id":"https:\/\/ks-cs.ch\/fr\/stellungnahme-zur-aenderung-der-kfz-verordnung-und-der-preisbekanntgabeverordnung\/#breadcrumb","itemListElement":[{"@type":"ListItem","position":1,"name":"Home","item":"https:\/\/ks-cs.ch\/fr\/"},{"@type":"ListItem","position":2,"name":"Stellungnahme zur \u00c4nderung der KFZ-Verordnung und der Preisbekanntgabeverordnung"}]},{"@type":"WebSite","@id":"https:\/\/ks-cs.ch\/fr\/#website","url":"https:\/\/ks-cs.ch\/fr\/","name":"KS\/CS Kommunikation Schweiz","description":"Association des communications commerciales","publisher":{"@id":"https:\/\/ks-cs.ch\/fr\/#organization"},"potentialAction":[{"@type":"SearchAction","target":{"@type":"EntryPoint","urlTemplate":"https:\/\/ks-cs.ch\/fr\/?s={search_term_string}"},"query-input":{"@type":"PropertyValueSpecification","valueRequired":true,"valueName":"search_term_string"}}],"inLanguage":"fr-FR"},{"@type":"Organization","@id":"https:\/\/ks-cs.ch\/fr\/#organization","name":"KS\/CS Kommunikation Schweiz","url":"https:\/\/ks-cs.ch\/fr\/","logo":{"@type":"ImageObject","inLanguage":"fr-FR","@id":"https:\/\/ks-cs.ch\/fr\/#\/schema\/logo\/image\/","url":"https:\/\/ks-cs.ch\/wp-content\/uploads\/2022\/12\/Logo-Social-Media-1.jpg","contentUrl":"https:\/\/ks-cs.ch\/wp-content\/uploads\/2022\/12\/Logo-Social-Media-1.jpg","width":709,"height":608,"caption":"KS\/CS Kommunikation Schweiz"},"image":{"@id":"https:\/\/ks-cs.ch\/fr\/#\/schema\/logo\/image\/"},"sameAs":["https:\/\/www.linkedin.com\/company\/kommunikation-schweiz-communication-suisse-comunicazione-svizzera-communication-switzerland\/"]},{"@type":"Person","@id":"https:\/\/ks-cs.ch\/fr\/#\/schema\/person\/757c9eea7858086d44d1a415e371e005","name":"Hendrik Fischer","image":{"@type":"ImageObject","inLanguage":"fr-FR","@id":"https:\/\/secure.gravatar.com\/avatar\/53cc83626804a21e731fe1b5f49d38c46710f65192dda8fbe5b5fe16ad0804b8?s=96&d=mm&r=g","url":"https:\/\/secure.gravatar.com\/avatar\/53cc83626804a21e731fe1b5f49d38c46710f65192dda8fbe5b5fe16ad0804b8?s=96&d=mm&r=g","contentUrl":"https:\/\/secure.gravatar.com\/avatar\/53cc83626804a21e731fe1b5f49d38c46710f65192dda8fbe5b5fe16ad0804b8?s=96&d=mm&r=g","caption":"Hendrik Fischer"}}]}},"publishpress_future_action":{"enabled":false,"date":"2026-09-08 13:38:59","action":"change-status","newStatus":"draft","terms":[],"taxonomy":"category","extraData":[]},"publishpress_future_workflow_manual_trigger":{"enabledWorkflows":[]},"_links":{"self":[{"href":"https:\/\/ks-cs.ch\/fr\/wp-json\/wp\/v2\/posts\/9614","targetHints":{"allow":["GET"]}}],"collection":[{"href":"https:\/\/ks-cs.ch\/fr\/wp-json\/wp\/v2\/posts"}],"about":[{"href":"https:\/\/ks-cs.ch\/fr\/wp-json\/wp\/v2\/types\/post"}],"author":[{"embeddable":true,"href":"https:\/\/ks-cs.ch\/fr\/wp-json\/wp\/v2\/users\/5"}],"replies":[{"embeddable":true,"href":"https:\/\/ks-cs.ch\/fr\/wp-json\/wp\/v2\/comments?post=9614"}],"version-history":[{"count":3,"href":"https:\/\/ks-cs.ch\/fr\/wp-json\/wp\/v2\/posts\/9614\/revisions"}],"predecessor-version":[{"id":9660,"href":"https:\/\/ks-cs.ch\/fr\/wp-json\/wp\/v2\/posts\/9614\/revisions\/9660"}],"wp:attachment":[{"href":"https:\/\/ks-cs.ch\/fr\/wp-json\/wp\/v2\/media?parent=9614"}],"wp:term":[{"taxonomy":"category","embeddable":true,"href":"https:\/\/ks-cs.ch\/fr\/wp-json\/wp\/v2\/categories?post=9614"},{"taxonomy":"post_tag","embeddable":true,"href":"https:\/\/ks-cs.ch\/fr\/wp-json\/wp\/v2\/tags?post=9614"}],"curies":[{"name":"wp","href":"https:\/\/api.w.org\/{rel}","templated":true}]}}