{"id":9152,"date":"2026-04-28T21:36:26","date_gmt":"2026-04-28T19:36:26","guid":{"rendered":"https:\/\/ks-cs.ch\/?p=9152"},"modified":"2026-04-30T11:08:11","modified_gmt":"2026-04-30T09:08:11","slug":"encourager-le-progres-ne-pas-linterdire","status":"publish","type":"post","link":"https:\/\/ks-cs.ch\/fr\/encourager-le-progres-ne-pas-linterdire\/","title":{"rendered":"Politique publicitaire : Encourager le progr\u00e8s, ne pas l&rsquo;interdire !"},"content":{"rendered":"<h2>ACTUALIT\u00c9S<\/h2>\n<hr>\n<div class=\"container-fluid news-detail pr-only\">\n<h4>Baden : publication du rapport final intitul\u00e9 \u00ab Baden, c&rsquo;est\u2026 sans publicit\u00e9 ? \u00bb<\/h4>\n<\/div>\n<p><a href=\"https:\/\/d2-gws04.eu1.hubspotlinksstarter.com\/Ctc\/5F+113\/d2-gws04\/MWT-TF2LGfnVf2lg2935KNgW91lZlN5NtZ0fN3NdJHF3m2nnW95jsWP6lZ3pDW80xv_G3zcJqcVWg-P-4CYKqsW1hfQd47C9c5LW4J1YVN6t5G-3W8cjV-07YNMMDW4kL1lL6d--Q0W2Qqlz-5tDsHPVD4JpX8qSQzWW3ywcCf1qwmRtV3Js7B3th-cyW2DS_nh6sJCmLW6X42wT7ZVsGXW4Ds_6319z1gbW8Vv0pf5Ymw1LW4h9fhG6htY7YN2X6bjPxcX45W2pkqqq4-J9N2W4pvrLJ97WtRSVljZd-4yp4Z2V8z3cb3Q-dShN4mVyD8VqnBlW2MN6Jj4YZdlVW41BJ9s5Kf-zFW8rCDXL2ClT8xW7ttTTD8WGl7wW3Nzw7b2qB1lvW7G7cFx9hQxYMW2TNjS_3jv2JmW41X_L01YMgLHN4lPmX4-Dx4Wf2kS20W04\" target=\"_blank\" rel=\"noopener\" data-hs-link-id=\"0\" data-hs-link-id-v2=\"g+Bszuhd\"><img decoding=\"async\" class=\"\" src=\"https:\/\/hs-25394010.f.hubspotstarter-eu1.net\/hub\/25394010\/hubfs\/Statistik.jpg?width=1120&amp;upscale=true&amp;name=Statistik.jpg\" alt=\"Statistik\" width=\"740\" height=\"490\" align=\"middle\"><\/a><\/p>\n<p>En novembre dernier, la ville de Baden a men\u00e9, en collaboration avec la Haute \u00e9cole des sciences appliqu\u00e9es de Zurich (ZHAW), un <a href=\"https:\/\/www.baden.ch\/de\/home\/politik-verwaltung\/medien\/aktuelle-meldungen.html\/901\/news\/18820?utm_medium=email&amp;_hsenc=p2ANqtz-8B5d0cA_Y9_B-FPNzI6vneTgtk3tJU2rYDAsUeeSOLKHk3g63qGiCyPVFpSNG9vttayjWd0BpECiOUTRpHNG8a7otlrA&amp;_hsmi=134549002&amp;utm_content=134549002&amp;utm_source=hs_email\" target=\"_blank\" rel=\"noopener\">projet pilote<\/a> visant \u00e0 \u00e9tudier l&rsquo;influence de la publicit\u00e9 ext\u00e9rieure sur les habitudes de consommation. Le rapport final d\u00e9sormais disponible montre que les interdictions g\u00e9n\u00e9rales de la publicit\u00e9 sont majoritairement rejet\u00e9es. \u00c9tant donn\u00e9 que 58% des personnes interrog\u00e9es ont d\u00e9clar\u00e9 faire d\u00e9j\u00e0 tr\u00e8s attention \u00e0 leur comportement de consommation, le projet n\u2019a entra\u00een\u00e9 aucun changement notable. KS\/CS se voit confort\u00e9e dans son argumentation contre les interdictions de faire de la publicit\u00e9 ext\u00e9rieure, mais critique la conception de la recherche, guid\u00e9e par des int\u00e9r\u00eats particuliers, ainsi que par l\u2019affirmation subjective selon laquelle des espaces sans publicit\u00e9 auraient eu des effets positifs dans d\u2019autres villes. Le fait que la population consomme d\u00e9j\u00e0 de mani\u00e8re tr\u00e8s consciente aujourd\u2019hui souligne l\u2019argument selon lequel les consommateurs prennent des d\u00e9cisions d\u2019achat responsables et r\u00e9fl\u00e9chies, notamment gr\u00e2ce \u00e0 la publicit\u00e9.<\/p>\n<p><a href=\"https:\/\/www.baden.ch\/de\/home\/politik-verwaltung\/medien\/aktuelle-meldungen.html\/901\/news\/18820?utm_medium=email&amp;_hsenc=p2ANqtz-8B5d0cA_Y9_B-FPNzI6vneTgtk3tJU2rYDAsUeeSOLKHk3g63qGiCyPVFpSNG9vttayjWd0BpECiOUTRpHNG8a7otlrA&amp;_hsmi=134549002&amp;utm_content=134549002&amp;utm_source=hs_email\" target=\"_blank\" rel=\"noopener\">En savoir plus<\/a><\/p>\n<p>&nbsp;<\/p>\n<h2>ACTUALIT\u00c9S DU SECTEUR<\/h2>\n<hr>\n<h4>Une disposition obsol\u00e8te : le prix pourrait revenir \u00e0 Zurich<\/h4>\n<p><img decoding=\"async\" class=\"\" src=\"https:\/\/hs-25394010.f.hubspotstarter-eu1.net\/hub\/25394010\/hubfs\/Z%C3%BCrich%20Weinbergstrasse%20zVg%20von%20APG%7CSGA%20AG.jpg?upscale=true&amp;width=1120&amp;upscale=true&amp;name=Z%C3%BCrich%20Weinbergstrasse%20zVg%20von%20APG%7CSGA%20AG.jpg\" alt=\"Z\u00fcrich Weinbergstrasse zVg von APG|SGA AG\" width=\"751\" height=\"423\"><\/p>\n<p>Chaque ann\u00e9e, l&rsquo;<a href=\"https:\/\/d2-gws04.eu1.hubspotlinksstarter.com\/Ctc\/5F+113\/d2-gws04\/MWT-TF2LGfnVf2lg2935KNgW91lZlN5NtZ0fN3NdJGM9gHVYW7lDv8P6lZ3mSVK8nC04_XrB0W5yw-m91K2N4XW6b-7hx4qfVSfW6Kks0h4QHcYJM7t8y2Mlx8pW4C75kT6rgmp3W1Q2CNd1tSwNyW5zPNW-6FtSlnW2DGf3_4Y9B3HW16h3rC4djjhQW86wwWt6CqV3ZW2lNXQ01_wbr_W3MC6nZ2q2zB0W4kp84d1yr_8HW15hhkx5XQ5RSW2vzyQh1r3M9ZW6MGLnZ5cqr60W7dWH7W4fWjVkW5yhY8S3clZWzW719fVF7YgNRJV_59gG1bGxsdW2nVftZ6nzKssW6nWCcQ5VFK77W4N1ZVn7RGb2VW48Bb286dgwcbN3Sl88Z-dXshW3fKm7B6wfg8KW3tMD073Zm-t0W6R4W815nZPVKW7mkh7h7hY1xtN8ydg-qmKWt7VPZPLC6kX3GFW6tC-YX4yrxMzVMhMPQ8xSL20W6ysszn4ZFbfSW7D35Wc7ZLVNQW35BXC-4sBjnGW24fWq_4djblmW7rnjBG1pvk8nW4FVGjz80hZSBW4TYZMJ8MmgXSV_b3q_6F6GNbW3Tr9V-7MHpwrW1ZtR266sCFL4W57zstR32FLgcW8p2yln77gnCdW5TkCcm4GZSZCW2NF0Nd2kQ_KWVfRk2d1LGkYJN1lCzZ7cDQJ7W7hM3F_5nnfSPW3ll1rQ2KCG7mW3hfc9c2l1wQPW38L6y13hk4SjVyjdsP2ZmXYTN7H_QkXjcmSVVwqMJK6rk8ZGW54D9Df8Y0KpYW8NDgwH8hqQZZW9hnfYf7PyBl2W1C_hBG4ZSwk5W278GFM8KN2G3Vm5phs7lGhTlW6fJqZN6lzJkmN3pFfjf-dPNvN5T85DJFmFMtW6wtsX65F-PcvW5p1GqG6-jTcyW7zSMdm6LDG2tN61v2DrNmvMnW80Mk3n2Xh_MRW7zJTCv2cjJScdtsHmz04\" target=\"_blank\" rel=\"noopener\" data-hs-link-id=\"0\" data-hs-link-id-v2=\"qhBhay0c\">IG Freiheit<\/a> d\u00e9cerne le prix satirique \u00abRostiger Paragraph\u00bb \u00e0 la loi qui, selon elle, est la plus absurde de l&rsquo;ann\u00e9e. On trouve r\u00e9guli\u00e8rement sur la liste des nominations des interdictions ou des restrictions en mati\u00e8re de publicit\u00e9, comme c&rsquo;est le cas actuellement avec la <a href=\"https:\/\/d2-gws04.eu1.hubspotlinksstarter.com\/Ctc\/5F+113\/d2-gws04\/MWT-TF2LGfnVf2lg2935KNgW91lZlN5NtZ0fN3NdJHF9gHVYW95kKkH6lZ3mmW85zlFx3t220-W6vDLjG8WQDxtW3hc6jc8qyYlsN5QQrm03Wtt8W3bc7nf3X-KxWW2pB4q02HfKt7W5Bv5Ym41RL6mW81X6sc25jpsgW3Yp5123n-fZyW2Rdklp2FDmjwVbslmw8cJM7kW73X1MX6NJlJsW3hbLgV5tpvk7W2ZGmcx2spRMFW84t87Y1lprK3N9036B_ChsSkVqHt1z6TJWN3W5TN7nH6c3NyBVYM2yP2JmCymW1vdxB64trrgnW2vQx-12Jc9TXW1bgT9Q6mtNdZW24Rr3-1Cs6FjW1CPWXs16RpXNW1jtGHV3W1487W8l_kWG2txYX1W11-Gw_7hq3PhW22lFw550K5_5W1TsXm11kQ9zKW6yL4Hx4H8l__W1H1cdV2rfZKrW2yK_jV45lvj7W25XtNy7pzH-_W1BFqH56B9zx7Vrl9VZ1Fz5mcW7mWvvL544CsXW5VkTyT45grYkW1yykZ85-hyzRW3nY6xW2711FKW2wQZpJ73JYCKN5qnWBClDyPNW4rZgH13qd8m3W3YJY9S5LvFcgW727nwq7FlJvfW4x6DLX20vNBTW8Cr03D4cs1DTW2jvnmG4ndL3hVJDC0R7NhdHDW3tj4Yz5hvZ7WW8rcNFd1xM1s_W7nJp_c4tpC3TN3GmPqk6LlCqW3cd8y614Kv0WW3k11Q37CfVNwW67_y0P3CSBPPW6rbyTM8lX9bLW5yKg1_31YDpPW6069tr5vVJKKW1qzKW81SBy39W6kKj6m3NLh8DW5MJmzv1kw4RWW3sq_s-1rM38zW8MDZvR2Hsg5pW8rz17j83nzr9W4-fC2c4KdJKWM_Gqv0QGLw2W1V-n0h79GnPkW72gZ2D3rK8f8W6RGy1l4NSwKCW487LKn7jq8PYW4Lw95j6HFmW-W6Hs3vf6RcnnZW8twj162x8Jr1W10hQ1r7Q9hdNW5QQpFR2K5Vp_W442fdT61L7NCW5Y09zM4mQTFGW1pvK5-7Tghq5f53__6004\" target=\"_blank\" rel=\"noopener\" data-hs-link-id=\"0\" data-hs-link-id-v2=\"AjQ0iW7U\">motion<\/a> visant \u00e0 interdire la publicit\u00e9 dans la ville de Zurich. Cette initiative demande une restriction drastique de la publicit\u00e9 ext\u00e9rieure commerciale en r\u00e9duisant les surfaces publicitaires et en interdisant totalement les \u00e9crans num\u00e9riques. Ce qui est officiellement justifi\u00e9 par la protection de l\u2019environnement et la r\u00e9duction de la consommation a des cons\u00e9quences financi\u00e8res concr\u00e8tes. Les espaces publicitaires dans l\u2019espace public g\u00e9n\u00e8rent environ 28 millions de francs de recettes pour la ville. Ces pertes devraient finalement \u00eatre compens\u00e9es par l\u2019argent des contribuables ou par des r\u00e9ductions des prestations du service public. Apr\u00e8s les \u00e9lections de renouvellement des autorit\u00e9s d\u00e9but mars, KS\/CS se concentre d\u00e9sormais sur la poursuite de l\u2019\u00e9laboration du projet par le Conseil municipal.&nbsp;<\/p>\n<p><a href=\"https:\/\/www.nzz.ch\/zuerich\/rostiger-paragraph-geht-auffaellig-oft-in-die-stadt-zuerich-nun-ist-werbeverbot-nominiert-ld.10003719?utm_medium=email&amp;_hsenc=p2ANqtz--stF6yKHTlqq5BeSAWhfGRd_wiv6iwvLR4LLogb_NZXzFtDjl46Zwy9FaNKHIK80Xyt_r9AjXqnYcIh1-bvnEYLHukiw&amp;_hsmi=134702442&amp;utm_content=134702442&amp;utm_source=hs_email\" target=\"_blank\" rel=\"noopener\">En savoir plus<\/a><\/p>\n<p>&nbsp;<\/p>\n<hr>\n<h4>Amsterdam : interdiction de la publicit\u00e9 pour la viande, les voyages en avion et les combustibles fossiles<\/h4>\n<p><a href=\"https:\/\/d2-gws04.eu1.hubspotlinksstarter.com\/Ctc\/5F+113\/d2-gws04\/MWT-TF2LGfnVf2lg2935KNgW91lZlN5NtZ0fN3NdJGs3m2nnW6N1vHY6lZ3kCW31dp5h2tdjX3W2sdHDn3r-_nzW5jSJJh96L7CFW2b1zY42Qs6dSW381MV_5v7TTsW2WNdCh61S4y1W6mFGw71QdWlgW75JGWq1_h3CKW47_Y_62J-fGDW1h9_W-1D9gg9W81cLJs8rjlsvW7mkNV_3VpkNWW6FC3gF4KRgFRW1G6Wyb9kCg-XW1YvhyH7zT9mGN4zGkY8_nbKgW3vYvH154lPvmV7W8Cz1WX2fjW66NGyC2fDDJtW96TV9J32jsTzW3513T84Z98pTW1NMWYP1dSsjhf8d0Lm204\" target=\"_blank\" rel=\"noopener\" data-hs-link-id=\"0\" data-hs-link-id-v2=\"LX5x8F3T\"><img decoding=\"async\" class=\"stretch-on-mobile\" src=\"https:\/\/hs-25394010.f.hubspotstarter-eu1.net\/hub\/25394010\/hubfs\/pexels-hernan-berwart-1212356-33692641.jpg?width=1120&amp;upscale=true&amp;name=pexels-hernan-berwart-1212356-33692641.jpg\" alt=\"pexels-hernan-berwart-1212356-33692641\" width=\"741\" height=\"495\" align=\"middle\"><\/a><\/p>\n<p>\u00c0 compter du 1er mai, une nouvelle interdiction de la publicit\u00e9 dans l&rsquo;espace public pour la viande, les voyages en avion et les combustibles fossiles entrera en vigueur dans la capitale n\u00e9erlandaise. Mais ce qui est pr\u00e9sent\u00e9 comme une mesure de protection du climat s&rsquo;av\u00e8re, selon KS\/CS, \u00eatre une atteinte massive \u00e0 la libert\u00e9 \u00e9conomique et \u00e0 la concurrence. Tant que les produits peuvent \u00eatre fabriqu\u00e9s et vendus l\u00e9galement, les entreprises doivent \u00e9galement \u00eatre autoris\u00e9es \u00e0 en faire la promotion dans l&rsquo;espace public. Une interdiction porte atteinte de mani\u00e8re disproportionn\u00e9e \u00e0 la libert\u00e9 de commerce et de l&rsquo;industrie. M\u00eame l\u2019administration municipale d\u2019Amsterdam reconna\u00eet que la mise en \u0153uvre rapide est \u00abpresque impossible\u00bb, raison pour laquelle des d\u00e9lais de transition g\u00e9n\u00e9reux doivent \u00eatre accord\u00e9s. En Suisse aussi, le sujet est d\u2019actualit\u00e9&#8230; depuis longtemps. Au Parlement cantonal de Gen\u00e8ve, une <a href=\"https:\/\/d2-gws04.eu1.hubspotlinksstarter.com\/Ctc\/5F+113\/d2-gws04\/MWT-TF2LGfnVf2lg2935KNgW91lZlN5NtZ0fN3NdJH29gHVYW7YbdcM6lZ3myVs13my2Tl4q4W4H_g5V7mdDCKW9cFkt83mw-kGW9m2CJy9c68_xVlHX5q1g_f68W32J24x2PmzrYW2_TZwZ46L2L5W5Kn9R46B0ht9W8-qqS_1HNxZyW7x8Vmt2LLDSMVJ-Gf055VXRmW5MYJ585KQZxZW7_2ngd898_CqW19517y1jKzrLW1PzTbk2LsQ52VLmNgh1JkHd8W5-xHG65ztpFmW6FQ7n21v_nl_VxHWPt5BldXwW2klkF620Bgp4W6mYz6R6jj-m8W5d9sLP2gyw09W57D9w53vcs52W7b0ytx2sNK5kW1TC0hZ2jHPZmW2rDfWv37yYJ2W8_LctM2bx2qWN38qZqXxJ6WXW26-6MN2rL_DFW3V_fPT3rYZwZW27KjGT1DR729VRr8Pq4CvM5BW3xVMN8866VL1W45Q6vd2x4YrjW6Tx_9j8S17ZyW5qhpRx1B0tVSN5DkSf7FC2FxW4JsVMv3TqRkyW8_LvkB1h3MfBW93Lvmt7FJ7vDW6Xc5mk2xq_39VvSd-N2SdsnyW6-gkdZ9hq_7pW1tDrHC2dQmxVV5rZ498Cnl7CN1BSsnfL_PN9W3gzxXg7v9xGlW7JkY5h6S8r53W5dqTND5nmgDZW37_fBK12hHnVW1Wm3hK6jwsTKW3DwHw14jN_XJN2Jm69nGVj8-W2dQCQQ7dKhK3W6YvYtg1-Sr2xW1wY6Xx5v9rLjW7GHDrM5D6s1rW2LScYJ84jgdBN3TNfXz9nBV5W8cbRMZ2xnYNMW8r5Hbm9cd_xNW5ZPPdP8t0JnlN572TfzzvBpgVty1VJ7ppMvWW5--N_J6v0WmXW2ZCmw-1lcskbW5Rs47D80YhPGW21wk6K26zgcGW2gDTQh3b4N2LW3_NdCG3RyNt4W6Dzrc_5mrCXRW6k3m368qWcJyW47v1qQ11FRqlW8W2K6K3dFtLZdtsQnR04\" target=\"_blank\" rel=\"noopener\" data-hs-link-id=\"0\" data-hs-link-id-v2=\"8cYncjqS\">modification de la loi sur la publicit\u00e9<\/a> est actuellement en suspens, pr\u00e9voit une interdiction de la publicit\u00e9 pour les voyages en avion. KS\/CS s\u2019engage r\u00e9solument contre de telles interdictions.<\/p>\n<p><a href=\"https:\/\/berlin-werbefrei.de\/?utm_medium=email&amp;_hsenc=p2ANqtz-_aoNlIMOGjxxAsIqgQJgj_cvRdm_7uNIgK8bmIa-THD4Tz5JJOciXzGiJAV3bB_r4czW-Ja0sof-xmk5jhpOXCKykhsw&amp;_hsmi=134702442&amp;utm_content=134702442&amp;utm_source=hs_email\" target=\"_blank\" rel=\"noopener\">En savoir plus<\/a><\/p>\n<p>&nbsp;<\/p>\n<p>&nbsp;<\/p>\n<p style=\"text-align: center;\"><span style=\"color: #000000;\"><strong>Vous souhaitez \u00eatre tenu automatiquement au courant ?<\/strong><\/span><\/p>\n<h3 style=\"text-align: center;\"><a class=\"fasc-button fasc-size-large fasc-type-flat fasc-rounded-medium fasc-style-bold\" style=\"background-color: #ae1419; color: #ffffff;\" target=\"_blank\" rel=\"noopener\" href=\"https:\/\/ks-cs.ch\/fr\/bulletin-dinformation\/\">Inscrivez-vous d\u00e8s maintenant \u00e0 la newsletter !<\/a><\/h3>\n","protected":false},"excerpt":{"rendered":"<p>Si nous interdisons, aujourd\u2019hui, la publicit\u00e9 pour la viande et les vols en avion, la question se pose de savoir o\u00f9 sera la limite demain? Les interdictions publicitaires cr\u00e9ent un terrain glissant et m\u00e8nent \u00e0 une communication dirig\u00e9e par l\u2019\u00c9tat, n\u2019autorisant plus qu\u2019une consommation unilat\u00e9rale et politiquement opportune. C\u2019est pourquoi KS\/CS s\u2019oppose \u00e0 tous les niveaux aux initiatives qui visent \u00e0 r\u00e9soudre les d\u00e9fis \u00e9cologiques par des interdictions plut\u00f4t que par l\u2019innovation, la responsabilit\u00e9 individuelle et le progr\u00e8s technique.<\/p>\n","protected":false},"author":6,"featured_media":0,"comment_status":"closed","ping_status":"open","sticky":false,"template":"","format":"standard","meta":{"content-type":"","footnotes":""},"categories":[12],"tags":[],"class_list":["post-9152","post","type-post","status-publish","format-standard","hentry","category-nouvelles"],"yoast_head":"<!-- This site is optimized with the Yoast SEO plugin v27.5 - https:\/\/yoast.com\/product\/yoast-seo-wordpress\/ -->\n<title>Politique publicitaire : Encourager le progr\u00e8s, ne pas l&#039;interdire ! - KS\/CS Communication Suisse<\/title>\n<meta name=\"description\" content=\"Si nous interdisons, aujourd\u2019hui, la publicit\u00e9 pour la viande et les vols en avion, la question se pose de savoir o\u00f9 sera la limite demain? Les interdictions publicitaires cr\u00e9ent un terrain glissant et m\u00e8nent \u00e0 une communication dirig\u00e9e par l\u2019\u00c9tat, n\u2019autorisant plus qu\u2019une consommation unilat\u00e9rale et politiquement opportune. C\u2019est pourquoi KS\/CS s\u2019oppose \u00e0 tous les niveaux aux initiatives qui visent \u00e0 r\u00e9soudre les d\u00e9fis \u00e9cologiques par des interdictions plut\u00f4t que par l\u2019innovation, la responsabilit\u00e9 individuelle et le progr\u00e8s technique.\" \/>\n<meta name=\"robots\" content=\"index, follow, max-snippet:-1, max-image-preview:large, max-video-preview:-1\" \/>\n<link rel=\"canonical\" href=\"https:\/\/ks-cs.ch\/fr\/encourager-le-progres-ne-pas-linterdire\/\" \/>\n<meta property=\"og:locale\" content=\"fr_FR\" \/>\n<meta property=\"og:type\" content=\"article\" \/>\n<meta property=\"og:title\" content=\"Politique publicitaire : Encourager le progr\u00e8s, ne pas l&#039;interdire ! - KS\/CS Communication Suisse\" \/>\n<meta property=\"og:description\" content=\"Si nous interdisons, aujourd\u2019hui, la publicit\u00e9 pour la viande et les vols en avion, la question se pose de savoir o\u00f9 sera la limite demain? Les interdictions publicitaires cr\u00e9ent un terrain glissant et m\u00e8nent \u00e0 une communication dirig\u00e9e par l\u2019\u00c9tat, n\u2019autorisant plus qu\u2019une consommation unilat\u00e9rale et politiquement opportune. C\u2019est pourquoi KS\/CS s\u2019oppose \u00e0 tous les niveaux aux initiatives qui visent \u00e0 r\u00e9soudre les d\u00e9fis \u00e9cologiques par des interdictions plut\u00f4t que par l\u2019innovation, la responsabilit\u00e9 individuelle et le progr\u00e8s technique.\" \/>\n<meta property=\"og:url\" content=\"https:\/\/ks-cs.ch\/fr\/encourager-le-progres-ne-pas-linterdire\/\" \/>\n<meta property=\"og:site_name\" content=\"KS\/CS Communication Suisse\" \/>\n<meta property=\"article:published_time\" content=\"2026-04-28T19:36:26+00:00\" \/>\n<meta property=\"article:modified_time\" content=\"2026-04-30T09:08:11+00:00\" \/>\n<meta property=\"og:image\" content=\"https:\/\/hs-25394010.f.hubspotstarter-eu1.net\/hub\/25394010\/hubfs\/Statistik.jpg?width=1120&amp;upscale=true&amp;name=Statistik.jpg\" \/>\n<meta name=\"author\" content=\"Yasmin Spengler\" \/>\n<meta name=\"twitter:card\" content=\"summary_large_image\" \/>\n<meta name=\"twitter:label1\" content=\"\u00c9crit par\" \/>\n\t<meta name=\"twitter:data1\" content=\"Yasmin Spengler\" \/>\n\t<meta name=\"twitter:label2\" content=\"Dur\u00e9e de lecture estim\u00e9e\" \/>\n\t<meta name=\"twitter:data2\" content=\"4 minutes\" \/>\n<script type=\"application\/ld+json\" class=\"yoast-schema-graph\">{\"@context\":\"https:\\\/\\\/schema.org\",\"@graph\":[{\"@type\":\"Article\",\"@id\":\"https:\\\/\\\/ks-cs.ch\\\/fr\\\/encourager-le-progres-ne-pas-linterdire\\\/#article\",\"isPartOf\":{\"@id\":\"https:\\\/\\\/ks-cs.ch\\\/fr\\\/encourager-le-progres-ne-pas-linterdire\\\/\"},\"author\":{\"name\":\"Yasmin Spengler\",\"@id\":\"https:\\\/\\\/ks-cs.ch\\\/fr\\\/#\\\/schema\\\/person\\\/9d52779da2bedc35cb887cf481ae8cfb\"},\"headline\":\"Politique publicitaire : Encourager le progr\u00e8s, ne pas l&rsquo;interdire !\",\"datePublished\":\"2026-04-28T19:36:26+00:00\",\"dateModified\":\"2026-04-30T09:08:11+00:00\",\"mainEntityOfPage\":{\"@id\":\"https:\\\/\\\/ks-cs.ch\\\/fr\\\/encourager-le-progres-ne-pas-linterdire\\\/\"},\"wordCount\":627,\"publisher\":{\"@id\":\"https:\\\/\\\/ks-cs.ch\\\/fr\\\/#organization\"},\"image\":{\"@id\":\"https:\\\/\\\/ks-cs.ch\\\/fr\\\/encourager-le-progres-ne-pas-linterdire\\\/#primaryimage\"},\"thumbnailUrl\":\"https:\\\/\\\/hs-25394010.f.hubspotstarter-eu1.net\\\/hub\\\/25394010\\\/hubfs\\\/Statistik.jpg?width=1120&amp;upscale=true&amp;name=Statistik.jpg\",\"articleSection\":[\"Nouvelles\"],\"inLanguage\":\"fr-FR\"},{\"@type\":\"WebPage\",\"@id\":\"https:\\\/\\\/ks-cs.ch\\\/fr\\\/encourager-le-progres-ne-pas-linterdire\\\/\",\"url\":\"https:\\\/\\\/ks-cs.ch\\\/fr\\\/encourager-le-progres-ne-pas-linterdire\\\/\",\"name\":\"Politique publicitaire : Encourager le progr\u00e8s, ne pas l'interdire ! - KS\\\/CS Communication Suisse\",\"isPartOf\":{\"@id\":\"https:\\\/\\\/ks-cs.ch\\\/fr\\\/#website\"},\"primaryImageOfPage\":{\"@id\":\"https:\\\/\\\/ks-cs.ch\\\/fr\\\/encourager-le-progres-ne-pas-linterdire\\\/#primaryimage\"},\"image\":{\"@id\":\"https:\\\/\\\/ks-cs.ch\\\/fr\\\/encourager-le-progres-ne-pas-linterdire\\\/#primaryimage\"},\"thumbnailUrl\":\"https:\\\/\\\/hs-25394010.f.hubspotstarter-eu1.net\\\/hub\\\/25394010\\\/hubfs\\\/Statistik.jpg?width=1120&amp;upscale=true&amp;name=Statistik.jpg\",\"datePublished\":\"2026-04-28T19:36:26+00:00\",\"dateModified\":\"2026-04-30T09:08:11+00:00\",\"description\":\"Si nous interdisons, aujourd\u2019hui, la publicit\u00e9 pour la viande et les vols en avion, la question se pose de savoir o\u00f9 sera la limite demain? Les interdictions publicitaires cr\u00e9ent un terrain glissant et m\u00e8nent \u00e0 une communication dirig\u00e9e par l\u2019\u00c9tat, n\u2019autorisant plus qu\u2019une consommation unilat\u00e9rale et politiquement opportune. C\u2019est pourquoi KS\\\/CS s\u2019oppose \u00e0 tous les niveaux aux initiatives qui visent \u00e0 r\u00e9soudre les d\u00e9fis \u00e9cologiques par des interdictions plut\u00f4t que par l\u2019innovation, la responsabilit\u00e9 individuelle et le progr\u00e8s technique.\",\"breadcrumb\":{\"@id\":\"https:\\\/\\\/ks-cs.ch\\\/fr\\\/encourager-le-progres-ne-pas-linterdire\\\/#breadcrumb\"},\"inLanguage\":\"fr-FR\",\"potentialAction\":[{\"@type\":\"ReadAction\",\"target\":[\"https:\\\/\\\/ks-cs.ch\\\/fr\\\/encourager-le-progres-ne-pas-linterdire\\\/\"]}]},{\"@type\":\"ImageObject\",\"inLanguage\":\"fr-FR\",\"@id\":\"https:\\\/\\\/ks-cs.ch\\\/fr\\\/encourager-le-progres-ne-pas-linterdire\\\/#primaryimage\",\"url\":\"https:\\\/\\\/hs-25394010.f.hubspotstarter-eu1.net\\\/hub\\\/25394010\\\/hubfs\\\/Statistik.jpg?width=1120&amp;upscale=true&amp;name=Statistik.jpg\",\"contentUrl\":\"https:\\\/\\\/hs-25394010.f.hubspotstarter-eu1.net\\\/hub\\\/25394010\\\/hubfs\\\/Statistik.jpg?width=1120&amp;upscale=true&amp;name=Statistik.jpg\"},{\"@type\":\"BreadcrumbList\",\"@id\":\"https:\\\/\\\/ks-cs.ch\\\/fr\\\/encourager-le-progres-ne-pas-linterdire\\\/#breadcrumb\",\"itemListElement\":[{\"@type\":\"ListItem\",\"position\":1,\"name\":\"Home\",\"item\":\"https:\\\/\\\/ks-cs.ch\\\/fr\\\/\"},{\"@type\":\"ListItem\",\"position\":2,\"name\":\"Politique publicitaire : Encourager le progr\u00e8s, ne pas l&#8217;interdire !\"}]},{\"@type\":\"WebSite\",\"@id\":\"https:\\\/\\\/ks-cs.ch\\\/fr\\\/#website\",\"url\":\"https:\\\/\\\/ks-cs.ch\\\/fr\\\/\",\"name\":\"KS\\\/CS Kommunikation Schweiz\",\"description\":\"Association des communications commerciales\",\"publisher\":{\"@id\":\"https:\\\/\\\/ks-cs.ch\\\/fr\\\/#organization\"},\"potentialAction\":[{\"@type\":\"SearchAction\",\"target\":{\"@type\":\"EntryPoint\",\"urlTemplate\":\"https:\\\/\\\/ks-cs.ch\\\/fr\\\/?s={search_term_string}\"},\"query-input\":{\"@type\":\"PropertyValueSpecification\",\"valueRequired\":true,\"valueName\":\"search_term_string\"}}],\"inLanguage\":\"fr-FR\"},{\"@type\":\"Organization\",\"@id\":\"https:\\\/\\\/ks-cs.ch\\\/fr\\\/#organization\",\"name\":\"KS\\\/CS Kommunikation Schweiz\",\"url\":\"https:\\\/\\\/ks-cs.ch\\\/fr\\\/\",\"logo\":{\"@type\":\"ImageObject\",\"inLanguage\":\"fr-FR\",\"@id\":\"https:\\\/\\\/ks-cs.ch\\\/fr\\\/#\\\/schema\\\/logo\\\/image\\\/\",\"url\":\"https:\\\/\\\/ks-cs.ch\\\/wp-content\\\/uploads\\\/2022\\\/12\\\/Logo-Social-Media-1.jpg\",\"contentUrl\":\"https:\\\/\\\/ks-cs.ch\\\/wp-content\\\/uploads\\\/2022\\\/12\\\/Logo-Social-Media-1.jpg\",\"width\":709,\"height\":608,\"caption\":\"KS\\\/CS Kommunikation Schweiz\"},\"image\":{\"@id\":\"https:\\\/\\\/ks-cs.ch\\\/fr\\\/#\\\/schema\\\/logo\\\/image\\\/\"},\"sameAs\":[\"https:\\\/\\\/www.linkedin.com\\\/company\\\/kommunikation-schweiz-communication-suisse-comunicazione-svizzera-communication-switzerland\\\/\"]},{\"@type\":\"Person\",\"@id\":\"https:\\\/\\\/ks-cs.ch\\\/fr\\\/#\\\/schema\\\/person\\\/9d52779da2bedc35cb887cf481ae8cfb\",\"name\":\"Yasmin Spengler\",\"image\":{\"@type\":\"ImageObject\",\"inLanguage\":\"fr-FR\",\"@id\":\"https:\\\/\\\/secure.gravatar.com\\\/avatar\\\/55e0188ff631f21ae4e1891d34a7a316edd8320e919b990bd18eab546364b283?s=96&d=mm&r=g\",\"url\":\"https:\\\/\\\/secure.gravatar.com\\\/avatar\\\/55e0188ff631f21ae4e1891d34a7a316edd8320e919b990bd18eab546364b283?s=96&d=mm&r=g\",\"contentUrl\":\"https:\\\/\\\/secure.gravatar.com\\\/avatar\\\/55e0188ff631f21ae4e1891d34a7a316edd8320e919b990bd18eab546364b283?s=96&d=mm&r=g\",\"caption\":\"Yasmin Spengler\"}}]}<\/script>\n<!-- \/ Yoast SEO plugin. -->","yoast_head_json":{"title":"Politique publicitaire : Encourager le progr\u00e8s, ne pas l'interdire ! - KS\/CS Communication Suisse","description":"Si nous interdisons, aujourd\u2019hui, la publicit\u00e9 pour la viande et les vols en avion, la question se pose de savoir o\u00f9 sera la limite demain? Les interdictions publicitaires cr\u00e9ent un terrain glissant et m\u00e8nent \u00e0 une communication dirig\u00e9e par l\u2019\u00c9tat, n\u2019autorisant plus qu\u2019une consommation unilat\u00e9rale et politiquement opportune. C\u2019est pourquoi KS\/CS s\u2019oppose \u00e0 tous les niveaux aux initiatives qui visent \u00e0 r\u00e9soudre les d\u00e9fis \u00e9cologiques par des interdictions plut\u00f4t que par l\u2019innovation, la responsabilit\u00e9 individuelle et le progr\u00e8s technique.","robots":{"index":"index","follow":"follow","max-snippet":"max-snippet:-1","max-image-preview":"max-image-preview:large","max-video-preview":"max-video-preview:-1"},"canonical":"https:\/\/ks-cs.ch\/fr\/encourager-le-progres-ne-pas-linterdire\/","og_locale":"fr_FR","og_type":"article","og_title":"Politique publicitaire : Encourager le progr\u00e8s, ne pas l'interdire ! - KS\/CS Communication Suisse","og_description":"Si nous interdisons, aujourd\u2019hui, la publicit\u00e9 pour la viande et les vols en avion, la question se pose de savoir o\u00f9 sera la limite demain? Les interdictions publicitaires cr\u00e9ent un terrain glissant et m\u00e8nent \u00e0 une communication dirig\u00e9e par l\u2019\u00c9tat, n\u2019autorisant plus qu\u2019une consommation unilat\u00e9rale et politiquement opportune. C\u2019est pourquoi KS\/CS s\u2019oppose \u00e0 tous les niveaux aux initiatives qui visent \u00e0 r\u00e9soudre les d\u00e9fis \u00e9cologiques par des interdictions plut\u00f4t que par l\u2019innovation, la responsabilit\u00e9 individuelle et le progr\u00e8s technique.","og_url":"https:\/\/ks-cs.ch\/fr\/encourager-le-progres-ne-pas-linterdire\/","og_site_name":"KS\/CS Communication Suisse","article_published_time":"2026-04-28T19:36:26+00:00","article_modified_time":"2026-04-30T09:08:11+00:00","og_image":[{"url":"https:\/\/hs-25394010.f.hubspotstarter-eu1.net\/hub\/25394010\/hubfs\/Statistik.jpg?width=1120&amp;upscale=true&amp;name=Statistik.jpg","type":"","width":"","height":""}],"author":"Yasmin Spengler","twitter_card":"summary_large_image","twitter_misc":{"\u00c9crit par":"Yasmin Spengler","Dur\u00e9e de lecture estim\u00e9e":"4 minutes"},"schema":{"@context":"https:\/\/schema.org","@graph":[{"@type":"Article","@id":"https:\/\/ks-cs.ch\/fr\/encourager-le-progres-ne-pas-linterdire\/#article","isPartOf":{"@id":"https:\/\/ks-cs.ch\/fr\/encourager-le-progres-ne-pas-linterdire\/"},"author":{"name":"Yasmin Spengler","@id":"https:\/\/ks-cs.ch\/fr\/#\/schema\/person\/9d52779da2bedc35cb887cf481ae8cfb"},"headline":"Politique publicitaire : Encourager le progr\u00e8s, ne pas l&rsquo;interdire !","datePublished":"2026-04-28T19:36:26+00:00","dateModified":"2026-04-30T09:08:11+00:00","mainEntityOfPage":{"@id":"https:\/\/ks-cs.ch\/fr\/encourager-le-progres-ne-pas-linterdire\/"},"wordCount":627,"publisher":{"@id":"https:\/\/ks-cs.ch\/fr\/#organization"},"image":{"@id":"https:\/\/ks-cs.ch\/fr\/encourager-le-progres-ne-pas-linterdire\/#primaryimage"},"thumbnailUrl":"https:\/\/hs-25394010.f.hubspotstarter-eu1.net\/hub\/25394010\/hubfs\/Statistik.jpg?width=1120&amp;upscale=true&amp;name=Statistik.jpg","articleSection":["Nouvelles"],"inLanguage":"fr-FR"},{"@type":"WebPage","@id":"https:\/\/ks-cs.ch\/fr\/encourager-le-progres-ne-pas-linterdire\/","url":"https:\/\/ks-cs.ch\/fr\/encourager-le-progres-ne-pas-linterdire\/","name":"Politique publicitaire : Encourager le progr\u00e8s, ne pas l'interdire ! - KS\/CS Communication Suisse","isPartOf":{"@id":"https:\/\/ks-cs.ch\/fr\/#website"},"primaryImageOfPage":{"@id":"https:\/\/ks-cs.ch\/fr\/encourager-le-progres-ne-pas-linterdire\/#primaryimage"},"image":{"@id":"https:\/\/ks-cs.ch\/fr\/encourager-le-progres-ne-pas-linterdire\/#primaryimage"},"thumbnailUrl":"https:\/\/hs-25394010.f.hubspotstarter-eu1.net\/hub\/25394010\/hubfs\/Statistik.jpg?width=1120&amp;upscale=true&amp;name=Statistik.jpg","datePublished":"2026-04-28T19:36:26+00:00","dateModified":"2026-04-30T09:08:11+00:00","description":"Si nous interdisons, aujourd\u2019hui, la publicit\u00e9 pour la viande et les vols en avion, la question se pose de savoir o\u00f9 sera la limite demain? Les interdictions publicitaires cr\u00e9ent un terrain glissant et m\u00e8nent \u00e0 une communication dirig\u00e9e par l\u2019\u00c9tat, n\u2019autorisant plus qu\u2019une consommation unilat\u00e9rale et politiquement opportune. C\u2019est pourquoi KS\/CS s\u2019oppose \u00e0 tous les niveaux aux initiatives qui visent \u00e0 r\u00e9soudre les d\u00e9fis \u00e9cologiques par des interdictions plut\u00f4t que par l\u2019innovation, la responsabilit\u00e9 individuelle et le progr\u00e8s technique.","breadcrumb":{"@id":"https:\/\/ks-cs.ch\/fr\/encourager-le-progres-ne-pas-linterdire\/#breadcrumb"},"inLanguage":"fr-FR","potentialAction":[{"@type":"ReadAction","target":["https:\/\/ks-cs.ch\/fr\/encourager-le-progres-ne-pas-linterdire\/"]}]},{"@type":"ImageObject","inLanguage":"fr-FR","@id":"https:\/\/ks-cs.ch\/fr\/encourager-le-progres-ne-pas-linterdire\/#primaryimage","url":"https:\/\/hs-25394010.f.hubspotstarter-eu1.net\/hub\/25394010\/hubfs\/Statistik.jpg?width=1120&amp;upscale=true&amp;name=Statistik.jpg","contentUrl":"https:\/\/hs-25394010.f.hubspotstarter-eu1.net\/hub\/25394010\/hubfs\/Statistik.jpg?width=1120&amp;upscale=true&amp;name=Statistik.jpg"},{"@type":"BreadcrumbList","@id":"https:\/\/ks-cs.ch\/fr\/encourager-le-progres-ne-pas-linterdire\/#breadcrumb","itemListElement":[{"@type":"ListItem","position":1,"name":"Home","item":"https:\/\/ks-cs.ch\/fr\/"},{"@type":"ListItem","position":2,"name":"Politique publicitaire : Encourager le progr\u00e8s, ne pas l&#8217;interdire !"}]},{"@type":"WebSite","@id":"https:\/\/ks-cs.ch\/fr\/#website","url":"https:\/\/ks-cs.ch\/fr\/","name":"KS\/CS Kommunikation Schweiz","description":"Association des communications commerciales","publisher":{"@id":"https:\/\/ks-cs.ch\/fr\/#organization"},"potentialAction":[{"@type":"SearchAction","target":{"@type":"EntryPoint","urlTemplate":"https:\/\/ks-cs.ch\/fr\/?s={search_term_string}"},"query-input":{"@type":"PropertyValueSpecification","valueRequired":true,"valueName":"search_term_string"}}],"inLanguage":"fr-FR"},{"@type":"Organization","@id":"https:\/\/ks-cs.ch\/fr\/#organization","name":"KS\/CS Kommunikation Schweiz","url":"https:\/\/ks-cs.ch\/fr\/","logo":{"@type":"ImageObject","inLanguage":"fr-FR","@id":"https:\/\/ks-cs.ch\/fr\/#\/schema\/logo\/image\/","url":"https:\/\/ks-cs.ch\/wp-content\/uploads\/2022\/12\/Logo-Social-Media-1.jpg","contentUrl":"https:\/\/ks-cs.ch\/wp-content\/uploads\/2022\/12\/Logo-Social-Media-1.jpg","width":709,"height":608,"caption":"KS\/CS Kommunikation Schweiz"},"image":{"@id":"https:\/\/ks-cs.ch\/fr\/#\/schema\/logo\/image\/"},"sameAs":["https:\/\/www.linkedin.com\/company\/kommunikation-schweiz-communication-suisse-comunicazione-svizzera-communication-switzerland\/"]},{"@type":"Person","@id":"https:\/\/ks-cs.ch\/fr\/#\/schema\/person\/9d52779da2bedc35cb887cf481ae8cfb","name":"Yasmin Spengler","image":{"@type":"ImageObject","inLanguage":"fr-FR","@id":"https:\/\/secure.gravatar.com\/avatar\/55e0188ff631f21ae4e1891d34a7a316edd8320e919b990bd18eab546364b283?s=96&d=mm&r=g","url":"https:\/\/secure.gravatar.com\/avatar\/55e0188ff631f21ae4e1891d34a7a316edd8320e919b990bd18eab546364b283?s=96&d=mm&r=g","contentUrl":"https:\/\/secure.gravatar.com\/avatar\/55e0188ff631f21ae4e1891d34a7a316edd8320e919b990bd18eab546364b283?s=96&d=mm&r=g","caption":"Yasmin Spengler"}}]}},"publishpress_future_action":{"enabled":false,"date":"2026-05-08 19:34:16","action":"change-status","newStatus":"draft","terms":[],"taxonomy":"category","extraData":[]},"publishpress_future_workflow_manual_trigger":{"enabledWorkflows":[]},"_links":{"self":[{"href":"https:\/\/ks-cs.ch\/fr\/wp-json\/wp\/v2\/posts\/9152","targetHints":{"allow":["GET"]}}],"collection":[{"href":"https:\/\/ks-cs.ch\/fr\/wp-json\/wp\/v2\/posts"}],"about":[{"href":"https:\/\/ks-cs.ch\/fr\/wp-json\/wp\/v2\/types\/post"}],"author":[{"embeddable":true,"href":"https:\/\/ks-cs.ch\/fr\/wp-json\/wp\/v2\/users\/6"}],"replies":[{"embeddable":true,"href":"https:\/\/ks-cs.ch\/fr\/wp-json\/wp\/v2\/comments?post=9152"}],"version-history":[{"count":3,"href":"https:\/\/ks-cs.ch\/fr\/wp-json\/wp\/v2\/posts\/9152\/revisions"}],"predecessor-version":[{"id":9172,"href":"https:\/\/ks-cs.ch\/fr\/wp-json\/wp\/v2\/posts\/9152\/revisions\/9172"}],"wp:attachment":[{"href":"https:\/\/ks-cs.ch\/fr\/wp-json\/wp\/v2\/media?parent=9152"}],"wp:term":[{"taxonomy":"category","embeddable":true,"href":"https:\/\/ks-cs.ch\/fr\/wp-json\/wp\/v2\/categories?post=9152"},{"taxonomy":"post_tag","embeddable":true,"href":"https:\/\/ks-cs.ch\/fr\/wp-json\/wp\/v2\/tags?post=9152"}],"curies":[{"name":"wp","href":"https:\/\/api.w.org\/{rel}","templated":true}]}}