{"id":8781,"date":"2026-02-04T10:13:09","date_gmt":"2026-02-04T09:13:09","guid":{"rendered":"https:\/\/ks-cs.ch\/?p=8781"},"modified":"2026-04-23T09:00:01","modified_gmt":"2026-04-23T07:00:01","slug":"assemblee-generale","status":"publish","type":"post","link":"https:\/\/ks-cs.ch\/fr\/assemblee-generale\/","title":{"rendered":"KS\/CS l&rsquo;assembl\u00e9e g\u00e9n\u00e9rale 2026"},"content":{"rendered":"<p>Nous avons le plaisir de vous informer de la tenue de l&rsquo;assembl\u00e9e g\u00e9n\u00e9rale annuelle de KS\/CS Communication Suisse, qui aura lieu <strong>le mardi 19 mai 2026 \u00e0 14h00 au Casino de Berne.&nbsp;<\/strong><\/p>\n<p>\u00c0 l\u2019issue des points statutaires, le Conseiller f\u00e9d\u00e9ral Albert Rosti adressera quelques mots aux participants. D\u2018autres interventions suivront; Gregor Rutz, Conseiller national et Pr\u00e9sident du groupe parlementaire \u00abMarch\u00e9 et publicit\u00e9\u00bb, Andrea Mas\u00fcger, Pr\u00e9sident de l\u2018Association des \u00e9diteurs suisses (VSM), puis, Roland Ehrler, directeur de l\u2019ASA, qui pr\u00e9sentera les statistiques publicitaires pour la Suisse.<br \/>\n&nbsp;<br \/>\nLa manifestation se terminera par un ap\u00e9ritif d\u00eenatoire et sera l\u2019occasion d\u2019\u00e9changes plus personnels.<\/p>\n<p>Les motions pour l&rsquo;assembl\u00e9e g\u00e9n\u00e9rale doivent \u00eatre envoy\u00e9es par courrier recommand\u00e9 au secr\u00e9tariat avant le <strong>5<\/strong><b>&nbsp;avril 2026<\/b>.<\/p>\n<p>Nous nous r\u00e9jouissons de vous accueillir en mai \u00e0 Berne.<\/p>\n<p><b>Adresse : <\/b><a href=\"https:\/\/maps.app.goo.gl\/MuaVSyHnYmSVuggWA\">Casino Bern, Casinoplatz 1, 3011 Berne.<\/a><\/p>\n<p>Veuillez vous inscrire avant le 5 mai 2026.<\/p>\n<p>&nbsp;<\/p>\n<p><a class=\"fasc-button fasc-size-large fasc-type-flat fasc-rounded-medium fasc-style-bold\" style=\"background-color: #ae1419; color: #ffffff;\" target=\"_blank\" rel=\"noopener\" href=\"https:\/\/share-eu1.hsforms.com\/13NWHGBoCSMCKwqkvMatS-wf4a56\">S&rsquo;inscrire maintenant<\/a>&nbsp; &nbsp; <a class=\"fasc-button fasc-size-large fasc-type-flat fasc-rounded-medium fasc-style-bold\" style=\"background-color: #ffffff; color: #ae1419;\" target=\"_blank\" rel=\"noopener\" href=\"https:\/\/share-eu1.hsforms.com\/1YRv3UYBkSG6bElA7Ghj2ygf4a56\">Se d\u00e9sinscrire<\/a><\/p>\n<p>&nbsp;<\/p>\n<p>&nbsp;<\/p>\n","protected":false},"excerpt":{"rendered":"<p>Mardi 19 mai 2026 \u00e0 14h00, Lieu: Casino de Berne<\/p>\n","protected":false},"author":6,"featured_media":7584,"comment_status":"closed","ping_status":"open","sticky":false,"template":"","format":"standard","meta":{"content-type":"","footnotes":""},"categories":[30],"tags":[],"class_list":["post-8781","post","type-post","status-publish","format-standard","has-post-thumbnail","hentry","category-evenements"],"yoast_head":"<!-- This site is optimized with the Yoast SEO plugin v27.4 - https:\/\/yoast.com\/product\/yoast-seo-wordpress\/ -->\n<title>KS\/CS l&#039;assembl\u00e9e g\u00e9n\u00e9rale 2026 - KS\/CS Communication Suisse<\/title>\n<meta name=\"description\" content=\"KS\/CS l&#039;assembl\u00e9e g\u00e9n\u00e9rale 2026\" \/>\n<meta name=\"robots\" content=\"index, follow, max-snippet:-1, max-image-preview:large, max-video-preview:-1\" \/>\n<link rel=\"canonical\" href=\"https:\/\/ks-cs.ch\/fr\/assemblee-generale\/\" \/>\n<meta property=\"og:locale\" content=\"fr_FR\" \/>\n<meta property=\"og:type\" content=\"article\" \/>\n<meta property=\"og:title\" content=\"KS\/CS l&#039;assembl\u00e9e g\u00e9n\u00e9rale 2026 - KS\/CS Communication Suisse\" \/>\n<meta property=\"og:description\" content=\"KS\/CS l&#039;assembl\u00e9e g\u00e9n\u00e9rale 2026\" \/>\n<meta property=\"og:url\" content=\"https:\/\/ks-cs.ch\/fr\/assemblee-generale\/\" \/>\n<meta property=\"og:site_name\" content=\"KS\/CS Communication Suisse\" \/>\n<meta property=\"article:published_time\" content=\"2026-02-04T09:13:09+00:00\" \/>\n<meta property=\"article:modified_time\" content=\"2026-04-23T07:00:01+00:00\" \/>\n<meta property=\"og:image\" content=\"https:\/\/ks-cs.ch\/wp-content\/uploads\/2025\/05\/Web_KS_CS_Mitgliederversammlung_2025-70.jpg\" \/>\n\t<meta property=\"og:image:width\" content=\"2362\" \/>\n\t<meta property=\"og:image:height\" content=\"1575\" \/>\n\t<meta property=\"og:image:type\" content=\"image\/jpeg\" \/>\n<meta name=\"author\" content=\"Yasmin Spengler\" \/>\n<meta name=\"twitter:card\" content=\"summary_large_image\" \/>\n<meta name=\"twitter:label1\" content=\"\u00c9crit par\" \/>\n\t<meta name=\"twitter:data1\" content=\"Yasmin Spengler\" \/>\n\t<meta name=\"twitter:label2\" content=\"Dur\u00e9e de lecture estim\u00e9e\" \/>\n\t<meta name=\"twitter:data2\" content=\"2 minutes\" \/>\n<script type=\"application\/ld+json\" class=\"yoast-schema-graph\">{\"@context\":\"https:\\\/\\\/schema.org\",\"@graph\":[{\"@type\":\"Article\",\"@id\":\"https:\\\/\\\/ks-cs.ch\\\/fr\\\/assemblee-generale\\\/#article\",\"isPartOf\":{\"@id\":\"https:\\\/\\\/ks-cs.ch\\\/fr\\\/assemblee-generale\\\/\"},\"author\":{\"name\":\"Yasmin Spengler\",\"@id\":\"https:\\\/\\\/ks-cs.ch\\\/fr\\\/#\\\/schema\\\/person\\\/9d52779da2bedc35cb887cf481ae8cfb\"},\"headline\":\"KS\\\/CS l&rsquo;assembl\u00e9e g\u00e9n\u00e9rale 2026\",\"datePublished\":\"2026-02-04T09:13:09+00:00\",\"dateModified\":\"2026-04-23T07:00:01+00:00\",\"mainEntityOfPage\":{\"@id\":\"https:\\\/\\\/ks-cs.ch\\\/fr\\\/assemblee-generale\\\/\"},\"wordCount\":175,\"publisher\":{\"@id\":\"https:\\\/\\\/ks-cs.ch\\\/fr\\\/#organization\"},\"image\":{\"@id\":\"https:\\\/\\\/ks-cs.ch\\\/fr\\\/assemblee-generale\\\/#primaryimage\"},\"thumbnailUrl\":\"https:\\\/\\\/ks-cs.ch\\\/wp-content\\\/uploads\\\/2025\\\/05\\\/Web_KS_CS_Mitgliederversammlung_2025-70.jpg\",\"articleSection\":[\"\u00c9v\u00e9nements\"],\"inLanguage\":\"fr-FR\"},{\"@type\":\"WebPage\",\"@id\":\"https:\\\/\\\/ks-cs.ch\\\/fr\\\/assemblee-generale\\\/\",\"url\":\"https:\\\/\\\/ks-cs.ch\\\/fr\\\/assemblee-generale\\\/\",\"name\":\"KS\\\/CS l'assembl\u00e9e g\u00e9n\u00e9rale 2026 - KS\\\/CS Communication Suisse\",\"isPartOf\":{\"@id\":\"https:\\\/\\\/ks-cs.ch\\\/fr\\\/#website\"},\"primaryImageOfPage\":{\"@id\":\"https:\\\/\\\/ks-cs.ch\\\/fr\\\/assemblee-generale\\\/#primaryimage\"},\"image\":{\"@id\":\"https:\\\/\\\/ks-cs.ch\\\/fr\\\/assemblee-generale\\\/#primaryimage\"},\"thumbnailUrl\":\"https:\\\/\\\/ks-cs.ch\\\/wp-content\\\/uploads\\\/2025\\\/05\\\/Web_KS_CS_Mitgliederversammlung_2025-70.jpg\",\"datePublished\":\"2026-02-04T09:13:09+00:00\",\"dateModified\":\"2026-04-23T07:00:01+00:00\",\"description\":\"KS\\\/CS l'assembl\u00e9e g\u00e9n\u00e9rale 2026\",\"breadcrumb\":{\"@id\":\"https:\\\/\\\/ks-cs.ch\\\/fr\\\/assemblee-generale\\\/#breadcrumb\"},\"inLanguage\":\"fr-FR\",\"potentialAction\":[{\"@type\":\"ReadAction\",\"target\":[\"https:\\\/\\\/ks-cs.ch\\\/fr\\\/assemblee-generale\\\/\"]}]},{\"@type\":\"ImageObject\",\"inLanguage\":\"fr-FR\",\"@id\":\"https:\\\/\\\/ks-cs.ch\\\/fr\\\/assemblee-generale\\\/#primaryimage\",\"url\":\"https:\\\/\\\/ks-cs.ch\\\/wp-content\\\/uploads\\\/2025\\\/05\\\/Web_KS_CS_Mitgliederversammlung_2025-70.jpg\",\"contentUrl\":\"https:\\\/\\\/ks-cs.ch\\\/wp-content\\\/uploads\\\/2025\\\/05\\\/Web_KS_CS_Mitgliederversammlung_2025-70.jpg\",\"width\":2362,\"height\":1575},{\"@type\":\"BreadcrumbList\",\"@id\":\"https:\\\/\\\/ks-cs.ch\\\/fr\\\/assemblee-generale\\\/#breadcrumb\",\"itemListElement\":[{\"@type\":\"ListItem\",\"position\":1,\"name\":\"Home\",\"item\":\"https:\\\/\\\/ks-cs.ch\\\/fr\\\/\"},{\"@type\":\"ListItem\",\"position\":2,\"name\":\"KS\\\/CS l&#8217;assembl\u00e9e g\u00e9n\u00e9rale 2026\"}]},{\"@type\":\"WebSite\",\"@id\":\"https:\\\/\\\/ks-cs.ch\\\/fr\\\/#website\",\"url\":\"https:\\\/\\\/ks-cs.ch\\\/fr\\\/\",\"name\":\"KS\\\/CS Kommunikation Schweiz\",\"description\":\"Association des communications commerciales\",\"publisher\":{\"@id\":\"https:\\\/\\\/ks-cs.ch\\\/fr\\\/#organization\"},\"potentialAction\":[{\"@type\":\"SearchAction\",\"target\":{\"@type\":\"EntryPoint\",\"urlTemplate\":\"https:\\\/\\\/ks-cs.ch\\\/fr\\\/?s={search_term_string}\"},\"query-input\":{\"@type\":\"PropertyValueSpecification\",\"valueRequired\":true,\"valueName\":\"search_term_string\"}}],\"inLanguage\":\"fr-FR\"},{\"@type\":\"Organization\",\"@id\":\"https:\\\/\\\/ks-cs.ch\\\/fr\\\/#organization\",\"name\":\"KS\\\/CS Kommunikation Schweiz\",\"url\":\"https:\\\/\\\/ks-cs.ch\\\/fr\\\/\",\"logo\":{\"@type\":\"ImageObject\",\"inLanguage\":\"fr-FR\",\"@id\":\"https:\\\/\\\/ks-cs.ch\\\/fr\\\/#\\\/schema\\\/logo\\\/image\\\/\",\"url\":\"https:\\\/\\\/ks-cs.ch\\\/wp-content\\\/uploads\\\/2022\\\/12\\\/Logo-Social-Media-1.jpg\",\"contentUrl\":\"https:\\\/\\\/ks-cs.ch\\\/wp-content\\\/uploads\\\/2022\\\/12\\\/Logo-Social-Media-1.jpg\",\"width\":709,\"height\":608,\"caption\":\"KS\\\/CS Kommunikation Schweiz\"},\"image\":{\"@id\":\"https:\\\/\\\/ks-cs.ch\\\/fr\\\/#\\\/schema\\\/logo\\\/image\\\/\"},\"sameAs\":[\"https:\\\/\\\/www.linkedin.com\\\/company\\\/kommunikation-schweiz-communication-suisse-comunicazione-svizzera-communication-switzerland\\\/\"]},{\"@type\":\"Person\",\"@id\":\"https:\\\/\\\/ks-cs.ch\\\/fr\\\/#\\\/schema\\\/person\\\/9d52779da2bedc35cb887cf481ae8cfb\",\"name\":\"Yasmin Spengler\",\"image\":{\"@type\":\"ImageObject\",\"inLanguage\":\"fr-FR\",\"@id\":\"https:\\\/\\\/secure.gravatar.com\\\/avatar\\\/55e0188ff631f21ae4e1891d34a7a316edd8320e919b990bd18eab546364b283?s=96&d=mm&r=g\",\"url\":\"https:\\\/\\\/secure.gravatar.com\\\/avatar\\\/55e0188ff631f21ae4e1891d34a7a316edd8320e919b990bd18eab546364b283?s=96&d=mm&r=g\",\"contentUrl\":\"https:\\\/\\\/secure.gravatar.com\\\/avatar\\\/55e0188ff631f21ae4e1891d34a7a316edd8320e919b990bd18eab546364b283?s=96&d=mm&r=g\",\"caption\":\"Yasmin Spengler\"}}]}<\/script>\n<!-- \/ Yoast SEO plugin. -->","yoast_head_json":{"title":"KS\/CS l'assembl\u00e9e g\u00e9n\u00e9rale 2026 - KS\/CS Communication Suisse","description":"KS\/CS l'assembl\u00e9e g\u00e9n\u00e9rale 2026","robots":{"index":"index","follow":"follow","max-snippet":"max-snippet:-1","max-image-preview":"max-image-preview:large","max-video-preview":"max-video-preview:-1"},"canonical":"https:\/\/ks-cs.ch\/fr\/assemblee-generale\/","og_locale":"fr_FR","og_type":"article","og_title":"KS\/CS l'assembl\u00e9e g\u00e9n\u00e9rale 2026 - KS\/CS Communication Suisse","og_description":"KS\/CS l'assembl\u00e9e g\u00e9n\u00e9rale 2026","og_url":"https:\/\/ks-cs.ch\/fr\/assemblee-generale\/","og_site_name":"KS\/CS Communication Suisse","article_published_time":"2026-02-04T09:13:09+00:00","article_modified_time":"2026-04-23T07:00:01+00:00","og_image":[{"width":2362,"height":1575,"url":"https:\/\/ks-cs.ch\/wp-content\/uploads\/2025\/05\/Web_KS_CS_Mitgliederversammlung_2025-70.jpg","type":"image\/jpeg"}],"author":"Yasmin Spengler","twitter_card":"summary_large_image","twitter_misc":{"\u00c9crit par":"Yasmin Spengler","Dur\u00e9e de lecture estim\u00e9e":"2 minutes"},"schema":{"@context":"https:\/\/schema.org","@graph":[{"@type":"Article","@id":"https:\/\/ks-cs.ch\/fr\/assemblee-generale\/#article","isPartOf":{"@id":"https:\/\/ks-cs.ch\/fr\/assemblee-generale\/"},"author":{"name":"Yasmin Spengler","@id":"https:\/\/ks-cs.ch\/fr\/#\/schema\/person\/9d52779da2bedc35cb887cf481ae8cfb"},"headline":"KS\/CS l&rsquo;assembl\u00e9e g\u00e9n\u00e9rale 2026","datePublished":"2026-02-04T09:13:09+00:00","dateModified":"2026-04-23T07:00:01+00:00","mainEntityOfPage":{"@id":"https:\/\/ks-cs.ch\/fr\/assemblee-generale\/"},"wordCount":175,"publisher":{"@id":"https:\/\/ks-cs.ch\/fr\/#organization"},"image":{"@id":"https:\/\/ks-cs.ch\/fr\/assemblee-generale\/#primaryimage"},"thumbnailUrl":"https:\/\/ks-cs.ch\/wp-content\/uploads\/2025\/05\/Web_KS_CS_Mitgliederversammlung_2025-70.jpg","articleSection":["\u00c9v\u00e9nements"],"inLanguage":"fr-FR"},{"@type":"WebPage","@id":"https:\/\/ks-cs.ch\/fr\/assemblee-generale\/","url":"https:\/\/ks-cs.ch\/fr\/assemblee-generale\/","name":"KS\/CS l'assembl\u00e9e g\u00e9n\u00e9rale 2026 - KS\/CS Communication Suisse","isPartOf":{"@id":"https:\/\/ks-cs.ch\/fr\/#website"},"primaryImageOfPage":{"@id":"https:\/\/ks-cs.ch\/fr\/assemblee-generale\/#primaryimage"},"image":{"@id":"https:\/\/ks-cs.ch\/fr\/assemblee-generale\/#primaryimage"},"thumbnailUrl":"https:\/\/ks-cs.ch\/wp-content\/uploads\/2025\/05\/Web_KS_CS_Mitgliederversammlung_2025-70.jpg","datePublished":"2026-02-04T09:13:09+00:00","dateModified":"2026-04-23T07:00:01+00:00","description":"KS\/CS l'assembl\u00e9e g\u00e9n\u00e9rale 2026","breadcrumb":{"@id":"https:\/\/ks-cs.ch\/fr\/assemblee-generale\/#breadcrumb"},"inLanguage":"fr-FR","potentialAction":[{"@type":"ReadAction","target":["https:\/\/ks-cs.ch\/fr\/assemblee-generale\/"]}]},{"@type":"ImageObject","inLanguage":"fr-FR","@id":"https:\/\/ks-cs.ch\/fr\/assemblee-generale\/#primaryimage","url":"https:\/\/ks-cs.ch\/wp-content\/uploads\/2025\/05\/Web_KS_CS_Mitgliederversammlung_2025-70.jpg","contentUrl":"https:\/\/ks-cs.ch\/wp-content\/uploads\/2025\/05\/Web_KS_CS_Mitgliederversammlung_2025-70.jpg","width":2362,"height":1575},{"@type":"BreadcrumbList","@id":"https:\/\/ks-cs.ch\/fr\/assemblee-generale\/#breadcrumb","itemListElement":[{"@type":"ListItem","position":1,"name":"Home","item":"https:\/\/ks-cs.ch\/fr\/"},{"@type":"ListItem","position":2,"name":"KS\/CS l&#8217;assembl\u00e9e g\u00e9n\u00e9rale 2026"}]},{"@type":"WebSite","@id":"https:\/\/ks-cs.ch\/fr\/#website","url":"https:\/\/ks-cs.ch\/fr\/","name":"KS\/CS Kommunikation Schweiz","description":"Association des communications commerciales","publisher":{"@id":"https:\/\/ks-cs.ch\/fr\/#organization"},"potentialAction":[{"@type":"SearchAction","target":{"@type":"EntryPoint","urlTemplate":"https:\/\/ks-cs.ch\/fr\/?s={search_term_string}"},"query-input":{"@type":"PropertyValueSpecification","valueRequired":true,"valueName":"search_term_string"}}],"inLanguage":"fr-FR"},{"@type":"Organization","@id":"https:\/\/ks-cs.ch\/fr\/#organization","name":"KS\/CS Kommunikation Schweiz","url":"https:\/\/ks-cs.ch\/fr\/","logo":{"@type":"ImageObject","inLanguage":"fr-FR","@id":"https:\/\/ks-cs.ch\/fr\/#\/schema\/logo\/image\/","url":"https:\/\/ks-cs.ch\/wp-content\/uploads\/2022\/12\/Logo-Social-Media-1.jpg","contentUrl":"https:\/\/ks-cs.ch\/wp-content\/uploads\/2022\/12\/Logo-Social-Media-1.jpg","width":709,"height":608,"caption":"KS\/CS Kommunikation Schweiz"},"image":{"@id":"https:\/\/ks-cs.ch\/fr\/#\/schema\/logo\/image\/"},"sameAs":["https:\/\/www.linkedin.com\/company\/kommunikation-schweiz-communication-suisse-comunicazione-svizzera-communication-switzerland\/"]},{"@type":"Person","@id":"https:\/\/ks-cs.ch\/fr\/#\/schema\/person\/9d52779da2bedc35cb887cf481ae8cfb","name":"Yasmin Spengler","image":{"@type":"ImageObject","inLanguage":"fr-FR","@id":"https:\/\/secure.gravatar.com\/avatar\/55e0188ff631f21ae4e1891d34a7a316edd8320e919b990bd18eab546364b283?s=96&d=mm&r=g","url":"https:\/\/secure.gravatar.com\/avatar\/55e0188ff631f21ae4e1891d34a7a316edd8320e919b990bd18eab546364b283?s=96&d=mm&r=g","contentUrl":"https:\/\/secure.gravatar.com\/avatar\/55e0188ff631f21ae4e1891d34a7a316edd8320e919b990bd18eab546364b283?s=96&d=mm&r=g","caption":"Yasmin Spengler"}}]}},"publishpress_future_action":{"enabled":false,"date":"2026-05-04 17:34:06","action":"change-status","newStatus":"draft","terms":[],"taxonomy":"category","extraData":[]},"publishpress_future_workflow_manual_trigger":{"enabledWorkflows":[]},"_links":{"self":[{"href":"https:\/\/ks-cs.ch\/fr\/wp-json\/wp\/v2\/posts\/8781","targetHints":{"allow":["GET"]}}],"collection":[{"href":"https:\/\/ks-cs.ch\/fr\/wp-json\/wp\/v2\/posts"}],"about":[{"href":"https:\/\/ks-cs.ch\/fr\/wp-json\/wp\/v2\/types\/post"}],"author":[{"embeddable":true,"href":"https:\/\/ks-cs.ch\/fr\/wp-json\/wp\/v2\/users\/6"}],"replies":[{"embeddable":true,"href":"https:\/\/ks-cs.ch\/fr\/wp-json\/wp\/v2\/comments?post=8781"}],"version-history":[{"count":9,"href":"https:\/\/ks-cs.ch\/fr\/wp-json\/wp\/v2\/posts\/8781\/revisions"}],"predecessor-version":[{"id":9116,"href":"https:\/\/ks-cs.ch\/fr\/wp-json\/wp\/v2\/posts\/8781\/revisions\/9116"}],"wp:featuredmedia":[{"embeddable":true,"href":"https:\/\/ks-cs.ch\/fr\/wp-json\/wp\/v2\/media\/7584"}],"wp:attachment":[{"href":"https:\/\/ks-cs.ch\/fr\/wp-json\/wp\/v2\/media?parent=8781"}],"wp:term":[{"taxonomy":"category","embeddable":true,"href":"https:\/\/ks-cs.ch\/fr\/wp-json\/wp\/v2\/categories?post=8781"},{"taxonomy":"post_tag","embeddable":true,"href":"https:\/\/ks-cs.ch\/fr\/wp-json\/wp\/v2\/tags?post=8781"}],"curies":[{"name":"wp","href":"https:\/\/api.w.org\/{rel}","templated":true}]}}