{"id":8551,"date":"2025-12-10T17:03:23","date_gmt":"2025-12-10T16:03:23","guid":{"rendered":"https:\/\/ks-cs.ch\/?p=8551"},"modified":"2025-12-10T17:10:08","modified_gmt":"2025-12-10T16:10:08","slug":"dans-les-coulisses-de-la-session-dhiver","status":"publish","type":"post","link":"https:\/\/ks-cs.ch\/fr\/dans-les-coulisses-de-la-session-dhiver\/","title":{"rendered":"News-Politiques : Dans les coulisses de la session d&rsquo;hiver !"},"content":{"rendered":"<h2 id=\"title-id-0\">ACTUALIT\u00c9S<\/h2>\n<hr>\n<h4><a href=\"https:\/\/d2-gws04.eu1.hubspotlinksstarter.com\/Ctc\/5F+113\/d2-gws04\/VVHlWP2vxFPJW7cJGGM93y46JW8wLjj95GWhNvN8_nRGR5kBVzW8wM7ks6lZ3lxW7VG2Zj3gPqNGVkZHxp21rTFFW22mHYP8M0xwXMfLNYrRW4B7W8-Hw751X_gJFV9n4Qx8BygZvW1Xd0bD7Pk0nXW4j2MC51pc6VjW9b_rxP8Cgc8GW7wDSDZ99m3KrW5SS9ZZ12tPD3VcZGL83Q0YC_W1M7zsk4PtBsBW68PDGD1VM606W49Zt4T3XHj-rW2Y0YV86szH_hW2-CrZm2b7GqxW3cmfGg6cdHB9W7fw3K51YhPkfW5sXgWj3vPpCmW8cq_nJ4ykGFmW8CRP4L84J1NjW1fF97b5Llt6jN4n2MrNyhFBkW712CR-6zQV4KW8Hw5bZ24khKKW8GQ8cT8mmzm4W7pvPry3R1hQ7W3CJdMc3422T8W4y4Wkr7skd6JW4KcHKV4jr60yW1PvzJW93-s9zW97xrCZ106ny1V3s36_8hw4p3W7qrHgq8bmRn-W3Q6pqY3THSvBW6Sxd9w7WYCBhW4JDxcD3DjH8cW1KLT2N8RHX35W69MJY55Sj7XqW5DSHdX9lnrhwN38V3034q7t6W1S296H6Pd6DJW1Z2htD73G5ppf8sV92M04\" target=\"_blank\" rel=\"noopener\" data-hs-link-id=\"0\" data-hs-link-id-v2=\"MAFa1aDv\">Canton de Gen\u00e8ve : consultation sur la loi pour un syst\u00e8me alimentaire solidaire et durable<\/a><\/h4>\n<p><a href=\"https:\/\/d2-gws04.eu1.hubspotlinksstarter.com\/Ctc\/5F+113\/d2-gws04\/VVHlWP2vxFPJW7cJGGM93y46JW8wLjj95GWhNvN8_nRGR5kBVzW8wM7ks6lZ3mYW3w2wZB7jDXqDW5WZPgM50K4z0W1Z62ms4-gQHTN8J2GPd1V1W6W33vP1F60v4hNW6XBGYN5Zb7nzW3TckhH7QZz_hW64QGls2-H5bcW3-_jFj6QbVR0W9bFgDs7Ph5sdN1FHltpPSkM8W4Q_jY_2_-q8kW3b3BZj3wJZj3W4dT7Md2_dVVWW4J757h53DkrcW7mtWZJ8VFkTqW4ZWk1s7TnWSVVN1nzv1Gl-MrW9lMk6-6kmD_XW1MPjbG7QJ_VXW5Mlw6Y86_BnKW1SPMRD5Mnd3dW2GWj5x5-4PJ9Vs4V4F31VW8XN6ZX4XcxbM-2W8hykkz2NZFWYW616N9r7wvqZ6W4N3-4p3gc4yVW796dL34ZDZbgW6fwzbw8rGFs4W1xqx6J2DvD3cW3X9rbn2Ts1jQW5-TTkR84GfDQW2Qz2R46WNNc0W5HlX371CLzgcVlV2dD3W-HSyW94lpCB96z1rvW8Gw4wy2PTH_ZN2nDcP6mpqxgV-pN345v8mHyW1mxL362BXq-9W1MTp0B7LvGCLW3ttfwF6p5KnlW48KHTw3BSMSBf4Y4thl04\" target=\"_blank\" rel=\"noopener\" data-hs-link-id=\"1\" data-hs-link-id-v2=\"mm995F5l\"><img decoding=\"async\" class=\"\" title=\"\" src=\"https:\/\/cy1er32c.cloudimg.io\/v7\/https:\/\/storage.googleapis.com\/scope-component-related-images\/componentimage-23318-1765372385755.jpg?func=crop&amp;w=600&amp;h=375\" alt=\"\" width=\"740\" height=\"463\"><\/a><\/p>\n<p>Le canton de Gen\u00e8ve a invit\u00e9 les parties int\u00e9ress\u00e9es \u00e0 s&rsquo;exprimer dans le cadre de la consultation publique sur le projet de loi pour un syst\u00e8me alimentaire solidaire et durable. KS\/CS soutient fondamentalement les objectifs de la loi, qui vise \u00e0 promouvoir une alimentation \u00e9quilibr\u00e9e, durable et \u00e9quitable pour tous. Nous sommes toutefois tr\u00e8s critiques \u00e0 l&rsquo;\u00e9gard de la restriction pr\u00e9vue de la commercialisation des produits hautement transform\u00e9s (art. 28, al. 3). Ce domaine est d\u00e9j\u00e0 pris en compte aujourd&rsquo;hui par des mesures d&rsquo;autor\u00e9gulation volontaires mises en place \u00e0 l&rsquo;\u00e9chelle nationale par la branche. De plus, cette autor\u00e9gulation est actuellement en cours de d\u00e9veloppement. Avant d&rsquo;adopter de nouvelles exigences l\u00e9gales au niveau cantonal, il convient donc d&rsquo;attendre les r\u00e9sultats des efforts d&rsquo;autor\u00e9gulation de l&rsquo;Office f\u00e9d\u00e9ral de la s\u00e9curit\u00e9 alimentaire et des affaires v\u00e9t\u00e9rinaires (OSAV) ainsi que de la branche. Vous trouverez ici la <a href=\"https:\/\/d2-gws04.eu1.hubspotlinksstarter.com\/Ctc\/5F+113\/d2-gws04\/VVHlWP2vxFPJW7cJGGM93y46JW8wLjj95GWhNvN8_nRFF9gHVYW69v02T6lZ3p6N1xLhCXjzmNqN4xYDpLMSHCSW8xTLbP6KwFP6W9bjkJZ8gZRVHW6xB_dL2rZZ6tV323WZ3JhTVbN1sqCxz19Z8nW79BKBW98R4VDW7XY4_Z7GGTvNN7mV3FBlvXQtW4mWC7V8zYPC1W5hRJKt3GfcznW7c-LDx3VvXp2W424NW62jpBh3W2xxrSz99rnQ2W4txkFg94D2R6N80Fd9DGWlYwW513vSp85WSb0N60QYSgGm73RW1vg_MC9lDtH_W6chp3p50gW7RN3prNcQ-F9wCW4mg5f21jCwltN44PDwbFTCWvW7qJlv-6FNGgxN2FdCS4FmJmrW6gBC3h5M88L8W2QwTmg9gB4-yW81hPD25DJqRLVP_Krp1C9ZBwW4vKyvX8mby8tW5VWDdd6T1yN4W4l9V376DjP39W2k4gXk4HTTTPW78ny3n2FfCRxW5YNFhx8CvXKdN1qZzRZZ_J9PW3xSwLV5Z699LW7w0r5c2Yn6GfW18Fjq83_qxZDN2bqXy_l8W0zW82YPM87lLMGBW85bNbM4mVsK6W1x-Bx54WVRXWV4C6ZH3JrtW8W2YsXhy1pzBZBVS32Hy1h4HMfW9bWH4y28mHcRW5lLSYh1N3QxvVtKBmC5nSHxYVf1G5S5LwGjXW1JL5hw14WrsCVmkVQ99gSBzMW2dscRV4C0-9tW6Hb3SP2LxxhTW1YgH-D4szl9hW8JGHjk8TfpZxW7TxQ8n21wrKZW5J_HwV6QdCm-W22bYWX8WXh7tW531HY_6_h_NvW7hZqJj8FFMTCVp7g652yFzyQW4t1gJg92n5LRW9kSqns1KHvpTW5tHt5y94B3D5VQZSQZ7gWkpGVVMZG55YY_3gf61VM7T04\" target=\"_blank\" rel=\"noopener\" data-hs-link-id=\"0\" data-hs-link-id-v2=\"VnRuW4WS\">prise de position compl\u00e8te de la KS\/CS<\/a>.<\/p>\n<p><a href=\"https:\/\/d2-gws04.eu1.hubspotlinksstarter.com\/Ctc\/5F+113\/d2-gws04\/VVHlWP2vxFPJW7cJGGM93y46JW8wLjj95GWhNvN8_nRGR5kBVzW8wM7ks6lZ3pZW4hZT2s4ztFkcW5sFJnb1mvgXfN71nMqdszPf3W2ClPYG20v2HGN8gYbt8kt-HRVFKC2Q8JYprxMfSd77ygKdcW5VJ8-X50mzFbW3jXr1l3kLjJdW87v1jD6m1VvFW7nV0yR8s0wlVW3HGl8m4w30lbVp2dXp909KtcW9cPrLM19N_WdMQWtc6bsdY6N98WpgHl1qLGW6BWHlL2gyfH4W9jtPWT3snnwPW3G-XgN1ZqKqLW5LLR1s7VVzZjW7dltSr1thzs4W2nV1LH69XNHBW2Z7QMp2blwTYW6Xbcq51qMW4NW4cs4k98sjY4CW79wrhX1ySf_5W2fGms_5NMsZZN2M61t0MHJmGW1mc_-N7f2GDlW760zLn3bj0fpN34p6N3czSpLW7wjDGX85Fh1gW4bQq4K8vQprfW2XC3sR4NWkpBW3kxvy19gPLwGV7vxW540nRsBW5v7mKQ2JS5m6N7qFm2f-80cNW5NRlJl8NXj5VN5j1nG2lqfP5W8xP2t02Py6HMW4xbsyP3T9SBjVZF4Gq6XtcJ9W3XNv4b3SXTYCf7hyVFW04\" target=\"_blank\" rel=\"noopener\" data-hs-link-id=\"2\" data-hs-link-id-v2=\"vx4JGkxs\">Plus&#8230;<\/a><\/p>\n<p>&nbsp;<\/p>\n<h2 id=\"title-id-2\">Actualit\u00e9s de Berne f\u00e9d\u00e9rale<\/h2>\n<hr>\n<h4><a href=\"https:\/\/d2-gws04.eu1.hubspotlinksstarter.com\/Ctc\/5F+113\/d2-gws04\/VVHlWP2vxFPJW7cJGGM93y46JW8wLjj95GWhNvN8_nRF25kBVzW50kH_H6lZ3nPMsljYzKNhPTW2-0BX04Y7HKnN8GtXPgfVcm1W76TGmj8jRnpDW67pCZ-6k6rfCN3nVmJ-NlFRxW54DLlT9cZN5HW7GbwrM2T8jVkW3ryWQ52LXWDvW4qggwJ6-LkwsW340sqc3dRZ5dVZntGK2T-6-LW5_zv0664Gln7W2YFqRc7ZLlTnVHvlrJ64_0ghW9gZZxL8FMS-FW8pT84Q6xQZjMW73WbXb7hyjBdW9j9Cwx7b1n2rN45FtKzYrfKzW1w1v0H562kykW3STb3_5JzlhtW99MFYq8QWV8mW11vGVZ4hpPKpN834W_C6FnljW26bFq94cXVPZW27gZF14qg65MVC2nf167jtSWW7vyw-S1hZsGjN37P3tC6jZZXW7JCGyF5Jt4C5W1HRkD24cvtLRf5P2Prg04\" target=\"_blank\" rel=\"noopener\" data-hs-link-id=\"0\" data-hs-link-id-v2=\"bq8771JT\">Le Conseil national est favorable \u00e0 de nouveaux titres dans la formation professionnelle sup\u00e9rieure !<\/a><\/h4>\n<p><a href=\"https:\/\/d2-gws04.eu1.hubspotlinksstarter.com\/Ctc\/5F+113\/d2-gws04\/VVHlWP2vxFPJW7cJGGM93y46JW8wLjj95GWhNvN8_nRF25kBVzW50kH_H6lZ3nhW7_RrnJ8DFYm5W5NczRd16_RSVW6CD8GY49fzhrW3r9yfG3lhn1CW1Dz4kw1-DfCMVS1Lk_1wJj9yW71Nt0N5nJSssW1MkGKx4pHYcVW5M6z167HdpTyW5_RHR77Q1gBpW3WngF34yRXXhW8l8m-421rYBPN5XgWg3qDZzQW8LcFdc3nHtLJW45C7Sl3JMypzW1KmzP_7Ys09CW30Yk2d6XdL4lN5Lv2Y-c0tcVW58xd2C3qS-x2W3p5ZWl1KHh-dW8f3VpZ4P2pg7W81g9SR77V4rZW5k8Kh_7c8w5dM_g6FSHl52DW3tpNvX6xTncXW7yh-FQ1p8CQHW83N6k-1lR1Y9W1sTkCs6XZBWSW5H163Q7cDmQ0W4L3YBY5TtfRCW1ByLyZ8CbGJNW5YM7D67ZZfR4f6W0bTH04\" target=\"_blank\" rel=\"noopener\" data-hs-link-id=\"1\" data-hs-link-id-v2=\"lXp5vScF\"><img decoding=\"async\" class=\"\" title=\"\" src=\"https:\/\/cy1er32c.cloudimg.io\/v7\/https:\/\/storage.googleapis.com\/scope-component-related-images\/componentimage-23318-1765373498051.jpg?func=crop&amp;w=600&amp;h=375\" alt=\"\" width=\"740\" height=\"463\"><\/a><\/p>\n<p>Apr\u00e8s le Conseil des \u00c9tats, le Conseil national adopte \u00e0 son tour la r\u00e9vision de la loi sur la formation professionnelle (LFPr) ! Cette r\u00e9vision renforce la formation professionnelle suisse, qui a fait ses preuves, en permettant aux dipl\u00f4m\u00e9s d&rsquo;un examen professionnel f\u00e9d\u00e9ral d&rsquo;obtenir les titres anglais \u00ab Professional Bachelor \u00bb et \u00ab Professional Master \u00bb. En outre, les \u00e9coles seront autoris\u00e9es \u00e0 proposer leurs examens en anglais. Ces mesures renforcent l&rsquo;attractivit\u00e9 des dipl\u00f4mes de nos sp\u00e9cialistes en communication et de nos responsables de communication au niveau national et international. Le projet est donc pr\u00eat pour le vote final \u00e0 la fin de la session. Nous vous tiendrons inform\u00e9s jusqu&rsquo;\u00e0 la mise en \u0153uvre d\u00e9finitive de la loi.<\/p>\n<p><a href=\"https:\/\/d2-gws04.eu1.hubspotlinksstarter.com\/Ctc\/5F+113\/d2-gws04\/VVHlWP2vxFPJW7cJGGM93y46JW8wLjj95GWhNvN8_nRF25kBVzW50kH_H6lZ3krN7_8hf6lVG06W9fvyJp48Jl2XW73HGxc1HZ3ZTW4YS-Pq80x2kTW6W047h4vWg4xW6RWX0t4YJpmtW5jW2fZ90dS3ZW61kkPN2Vnt70W2tsqxv40kRQJW47Gk9s393dNLW70jV665tY5D5W8ttz6t6-QHqxW1-zD0G5ncVFVW3WRG_j3y9yK7W8sLL758tynxrN7Q1KmFbNyrBW6_9wGW58jtXJW7JPChn5WR7zcW612LHj3Fk5C5V-Ls8b5zF02PN3DVl2gjg5jQW1n5_5G3qBM33W2wFSLz7r_7VtW5-BV0k66FLpzW37khJM14yRRXW7-zHmn7Bj3cPW7mB5Sf5r-gHKVwcCs74rVtlpW8lqcfM95xjjSW2fRrDC5mC0pbW3Gy9YV1llNgDVN0X-K1rtr4Xddqk7l04\" target=\"_blank\" rel=\"noopener\" data-hs-link-id=\"2\" data-hs-link-id-v2=\"4J+ZniZu\">Plus&#8230;<\/a><\/p>\n<p>&nbsp;<\/p>\n<h4><a href=\"https:\/\/d2-gws04.eu1.hubspotlinksstarter.com\/Ctc\/5F+113\/d2-gws04\/VVHlWP2vxFPJW7cJGGM93y46JW8wLjj95GWhNvN8_nRGx3m2nnW7Y8-PT6lZ3nsVJTGpy1c74DHVKbHHS82K_k1W73SKHt39BZnqW45SXcX3h-WxnN4Rld74KDYW-W6ltwSw1QJm0dW3Wr5SN7MZHlnW2Z-5gN5rky4SVnjDY35h2MCjVBzLq46c5n4TN4WHsF2PJ09FV2sVrt1YKZW7W1G3RYR6_4L7XW2txNtg1YBNkfW2t9vYg1LTv6rV1DjsW4gbN9JW66QfDL16xyJYW2tb7wv9bDGncVHbl-g2_WZWVW5lG10F8bQ7-YW7KjNWv8HXwSDVrLT6z41BJMQW92G5WT1Ft4VLW4HcHMS90gnJcM_5M9-n_rMfW8Cg-6b5pfYVTf7zwsvx04\" target=\"_blank\" rel=\"noopener\" data-hs-link-id=\"0\" data-hs-link-id-v2=\"0C6jpo9a\">Droits d&rsquo;auteur et IA en Suisse : quels sont les \u00e9l\u00e9ments \u00e0 prendre en compte dans la r\u00e9glementation ?<\/a><\/h4>\n<p><a href=\"https:\/\/d2-gws04.eu1.hubspotlinksstarter.com\/Ctc\/5F+113\/d2-gws04\/VWZKGL6xmZdlVHwcJV5tBJf1W7Kkhd55GlqSMN1zSXtx3m2nnW95jsWP6lZ3mqW4-tb5t77Rll_W58DqkQ6SYsd2W40Zkkm4fh_ZnW7FklPy22Fw1mW38T0X68G0zxrW5r6Lfq8B2nJyW791hS86K3zG6VcN8xV2dbHfwW4b61tc3jz6WfW4n7bWr1-JWS6W83ztJB80J-sMVGPdF92DLYBVW4DHg014zvW6BW85SZ9Q6rcsPVW9gFfzj3bjMPYW1yD00G1sNsq4W7qqRRD3w4tzxW83_T802KZgtPN3xwS6xWDKybVQ7H9-2bpZwDN2-04bK-H67QW1BTs648xD8zFM7_ClSfVc8nW4Q713-7FkyLkW1sgHp87KwN4FW2XkJz_8l87tbW8pYGN94SXRT7W6tdYmx72d8mRW7Q70XB5lnH_8W3k3GTx6Mdcw_f6CpS5K04\" target=\"_blank\" rel=\"noopener\" data-hs-link-id=\"1\" data-hs-link-id-v2=\"3l9+JCTb\"><img decoding=\"async\" class=\"\" title=\"\" src=\"https:\/\/cy1er32c.cloudimg.io\/v7\/https:\/\/storage.googleapis.com\/scope-component-related-images\/componentimage-22472-1756802740035.jpg?func=crop&amp;w=600&amp;h=375\" alt=\"\" width=\"740\" height=\"463\"><\/a><\/p>\n<p>Ce jeudi, la <a href=\"https:\/\/d2-gws04.eu1.hubspotlinksstarter.com\/Ctc\/5F+113\/d2-gws04\/VVHlWP2vxFPJW7cJGGM93y46JW8wLjj95GWhNvN8_nRFl7j7nMW5BWSxg6lZ3mdW5T3dGx1k4-tpW3cppHP6_XkY7W15Nnpx4BPn_RVXwysb1vqZ6wW2c8P6x6slCP8W4C6GpZ1D8K5ZW5wbzWD4GYdLtW97tVyr6b3g5JW3XMJjN403QNcVnK9D058SJH6W1FlD-J721gHvVNv76r13M29lW7sHBsW4_g58fW70yvt03w1D8HW6BF9QN2TsfrwW65jKxJ7gCq3xW79-WSn4d6JFTW1lR98Q7pCvDWW1FnMGf5QmCQNV6KWsq40p6_KN2g0q8Pl1jkDVHPZBH3-w2tWW6mM1T68sw4sgW57CjS38MS4YhW7SKGFT1GQF7FW98JxYz6tF5-xN6yfnP_7V_MvW2RR9j53VTg17W8m1BJG1Kcw7tW6Mt7k-13F410VVZYr44JKnr7W17xdDF14DLKLW2zcFmr49lLHdN6V-mB94rcjZW4q_fBJ6F3wRJW2NHsZ240tbZBN41kfp0wzVZJV7KfJx3tVrfSVHtWmF1hDrJ-W3X6Xry6PZtyCW23sN-T52cddzW5k43s18k2nDjW8n96PQ2smqtYW3KKVq26w0q8SW3XdnT87T4yBmW1q0Sgh73zDfqW4r2gN27fyRG0VzLWvk7QZWgGW3G740R3HgnTZW5C9dJd8wchY6f3vXKJ204\" target=\"_blank\" rel=\"noopener\" data-hs-link-id=\"0\" data-hs-link-id-v2=\"P4ASO7SX\">motion G\u00f6ssi<\/a> est \u00e0 l&rsquo;ordre du jour du Conseil des \u00c9tats. Apr\u00e8s que le Conseil national a approuv\u00e9 une <a href=\"https:\/\/d2-gws04.eu1.hubspotlinksstarter.com\/Ctc\/5F+113\/d2-gws04\/VVHlWP2vxFPJW7cJGGM93y46JW8wLjj95GWhNvN8_nRFF7j7nMW69tBBd6lZ3pcW7GNWSN6SKszvVtTLHg4zr22bVV2pMG19mB5jW8J9W6z2kXMghW66PN7b2CbSGjW7j18YG8b77P0N10KPjGcWR72W1yq-jf3zXBf1W4_HpHJ6X11lQW7lyRrb8hxjFPVP0tjg13b5jcW8ky1BN9hsSNkW65s98d5mZbb2W3f7lXr3XlXlWW5jPc812DhCQPW643k8C4T8NN-W2DmY9k37hBJKW4nWPdF3_XcN2W38lB6K5cnmDPMk1Z0M_kPltW8xtDqH6sNN88W5wWSHx2QFYm2W8rCvCb2Fd51LW7XjZ424jcqRRW6V4j0v767ZYcW5t1Xfl49YX01W4sFLTF5lHHfhW4MLGnF4S7LPsW3mSp_22dfzxbW3J0WT187Z6gnW1Y1G4k7bmsChW2hTPG86Hdm-6W5wx2g62bwJGYW4rTgDD667Hl_W6fSVFl3LC5vHW4KGqxS80RBHXW3cbK4P2ZVn4GW329gDS8Gp1ThW3K8Qp36LyGJ7N6kqfrB1l_c6W9c7JvZ30J7MhW3CfxRg6BMQWGVkj1NY5HckGMN6KNfy4R7lV-W190tZR9j-_68VQWc8-7GW8YmW5gNZqz6m0mndW4xk4VW88XtKXW7LBkJv8MhbGYW94xK_y7np9whW7WMKn14TltDxN7XTv7Vyhmrcf453Y6x04\" target=\"_blank\" rel=\"noopener\" data-hs-link-id=\"0\" data-hs-link-id-v2=\"KU5nZjy+\">version modifi\u00e9e<\/a> \u00e0 l&rsquo;automne, le Conseil des \u00c9tats doit maintenant d\u00e9cider s&rsquo;il l&rsquo;adopte \u00e9galement. KS\/CS s&rsquo;est pench\u00e9 de mani\u00e8re approfondie sur le sujet et a \u00e9labor\u00e9 un aper\u00e7u concis de la situation juridique actuelle, qui met en \u00e9vidence les points de la r\u00e9glementation qui doivent encore \u00eatre clarifi\u00e9s. Il est important que les adaptations soient pratiques, durables et flexibles afin de pouvoir r\u00e9agir aux \u00e9volutions constantes de l&rsquo;IA. Lire l&rsquo;article du blog <a href=\"https:\/\/d2-gws04.eu1.hubspotlinksstarter.com\/Ctc\/5F+113\/d2-gws04\/VVHlWP2vxFPJW7cJGGM93y46JW8wLjj95GWhNvN8_nRGR5kBVzW8wM7ks6lZ3lTV44qFQ7kW9tbW6Fcj9y4kcgfSW6w1Fc56KfhGJW7PJh621kVNwvW84d1YL109kqXW8shmvL48Kz8cVxp18W1p9xfHW1KJDf_6HmkkfW3q06kw2ByVHPW7V7rjP5symlVN5kpBpLCdDhKW1xQ4ND1Zl_B1MVVrT_rzPGWW15SyBK93r3tfW4RlkxQ8WkvsTW4NFcB_1yhnF3W7ckhfR2t5PsHW5_3DdP1cD_4RW1Y_KPL4B1w3qW67SGpT6jnMd4N93X0yslkB05W2gjB5S5WD2z3W5hZxHK4yjjTtW6wWKXc6sBnq4W8ZGxNK4r_G-MW6Gr_5T4mJfyrW2mp5qS4GXc_-W5QY2-r8y4w2dW7XlL--60rKGZVR2cwm99pGvHW1fRyMJ4yDKg6W97V8FS16j56KW3L43bb1WHR2vW4q07qX6Qm4m8W4HwWf-1_VvpfW1wPZd35x_2gSW7NZ3603kDmgTW4KmtKD446mw4W3h_QxW4hsVv5M9cyf340M29W7GrybF7H7V4fN83tdq6QQZDSW1yDtt93WnrqnW8N1R9j56Dy3hf7717DK04\" target=\"_blank\" rel=\"noopener\" data-hs-link-id=\"0\" data-hs-link-id-v2=\"HVyLBos\/\">ici<\/a>.<\/p>\n<p><a href=\"https:\/\/d2-gws04.eu1.hubspotlinksstarter.com\/Ctc\/5F+113\/d2-gws04\/VVHlWP2vxFPJW7cJGGM93y46JW8wLjj95GWhNvN8_nRGx3m2nnW7Y8-PT6lZ3nTV8V6Cd7_tKP1W7qbfX54nrgd5W5FDPKm3Ddd1gW1bBMhr5srFVxW4-f5F6823t_NW72FxYQ15xhtmW1tt_tb3PXsSWW2BMBJp7L-DMLVmd0B75m16rMW4szgq51C26GvW7D13Kb6kB9X0W6_BPcS3zRmsHW79r4gg3n91BqN4CCZzt8c86JW46Gx3S20CVnYVgTsBB5ZhX9vW6Zp_nb3fJQ48W4bVnjz819PmhW4ZjLBH2XHC3jW5V01Tp56mr8KW1Qvw25377MlsW74CCcT1hH7n4VqSGTN81TmypW6TyYnq3j_j1gVgv8rV4RdCQkW4BBnwN245MTmdNqV0404\" target=\"_blank\" rel=\"noopener\" data-hs-link-id=\"2\" data-hs-link-id-v2=\"wob6ljts\">Plus&#8230;<\/a><\/p>\n<p>&nbsp;<\/p>\n<h2>Actualit\u00e9s du secteur<\/h2>\n<hr>\n<h4><a href=\"https:\/\/d2-gws04.eu1.hubspotlinksstarter.com\/Ctc\/5F+113\/d2-gws04\/VVHlWP2vxFPJW7cJGGM93y46JW8wLjj95GWhNvN8_nRGx3m2nnW7Y8-PT6lZ3kGW1yzwB97gn2X4W5HGrCS9kncPQW4Gm5VN2d7-hWW6QPfCy7ZwQWnW7yPJCQ1xPkvsW6krp-j7PLgzmW6bn1zW7QVm8VW6bzgsR3d8RNSW8Q1sSx43L0F3W56ymKt5nGVmdW4Fmx9_1q1mCcW3QQffY44lbMsN6rr4G9JBj_gTLtV38J67flW8PVFZG6l7LN3W6TfdKB8rb5ghW47wn7V3Ttw08W7xbDMR5KX9DtW3g9kLV2PrLb_W5HzT3H5PGFQXW8B12zm1GzVDPW3VnLbQ81-MpsW88ssy-7ZH4vHW2mbNz454DZ8fVbX4Jm7yzqTPW2ktV-t5TzY73f37gDsR04\" target=\"_blank\" rel=\"noopener\" data-hs-link-id=\"0\" data-hs-link-id-v2=\"Uwurcx1i\">Com&rsquo;ON 2026 : r\u00e9servez d\u00e8s maintenant vos billets pour notre \u00e9v\u00e9nement annuel en Suisse romande !<\/a><\/h4>\n<p><img decoding=\"async\" class=\"alignnone  wp-image-8447\" src=\"https:\/\/ks-cs.ch\/wp-content\/uploads\/2025\/11\/website.jpg\" alt=\"\" width=\"739\" height=\"386\" srcset=\"https:\/\/ks-cs.ch\/wp-content\/uploads\/2025\/11\/website.jpg 1200w, https:\/\/ks-cs.ch\/wp-content\/uploads\/2025\/11\/website-300x157.jpg 300w, https:\/\/ks-cs.ch\/wp-content\/uploads\/2025\/11\/website-1024x535.jpg 1024w, https:\/\/ks-cs.ch\/wp-content\/uploads\/2025\/11\/website-768x401.jpg 768w, https:\/\/ks-cs.ch\/wp-content\/uploads\/2025\/11\/website-350x183.jpg 350w\" sizes=\"(max-width: 739px) 100vw, 739px\" \/><\/p>\n<p>Avec les derni\u00e8res semaines de cette ann\u00e9e, une chose est s\u00fbre : l&rsquo;\u00e9v\u00e9nement annuel de notre Commission r\u00e9gionale Suisse romande approche \u00e0 grands pas ! Venez nous rencontrer en personne le 20 janvier 2026 \u00e0 Lausanne. Le secteur de la publicit\u00e9 se r\u00e9unira \u00e0 l&rsquo;h\u00f4tel Alpha Palmiers pour discuter des d\u00e9veloppements actuels dans le domaine de la publicit\u00e9 et \u00e9changer avec environ 150 participants. Vous trouverez <a href=\"https:\/\/d2-gws04.eu1.hubspotlinksstarter.com\/Ctc\/5F+113\/d2-gws04\/VVHlWP2vxFPJW7cJGGM93y46JW8wLjj95GWhNvN8_nRH65kBVzW95jVnq6lZ3lVW474DMK8yZ1jlMyn9T9wQRTXW3kfcdj8-mS_dN2SMHb07VM_XN7wl3hRKgCM2W7bLXhN8HJPvVW7G5Ngl1jMby9N16JFxdX57RJW86LTQ76Z0d9QN62N81J_cBK8W2gD5Xl5LXhQvW7nw73j4rx3kLW7d1FRw1cb7n7W73lm7T5h076fW3_HZnk2njzdQW3S_dzW46_v0GW2XBjfB1pzQ4YW15mRQC22ppcZN3s6lhBRl1bVW6Hs9gv2LXjm8W7GX2_27Y6nKsVc7YDj1WPlxtW4C8w6693s-msW4m0K7d8PP-pvN6P09pzSd7SkW6jC6LM1GLCPDW3nqdvN2f3z__W8FzZmB4vm63BW2LxgMn6cKh-hW31sStx8ZKZWKW2NGPs19hGtB8W4y_frF3pWrHtN4jCn_6mx9hKW29QJ8n5LkX43W7yzmY771NyghN82nWnCd88dRW8hkcyv7wqDt7W3k9xtg8hvrWQW71N_Lv5nk3nxW1LHSkP4gtg3kW2jtfmZ1lTjtkW4KYts65jvrtVW6V_ttK4mlcLPVxJnvr3VL_96W8yFhkJ4bjh6bW5ZRRFH3KJBljf4Mx4Cj04\" target=\"_blank\" rel=\"noopener\" data-hs-link-id=\"0\" data-hs-link-id-v2=\"pUxzp3nj\">ici<\/a> plus d&rsquo;informations sur le programme de cet \u00e9v\u00e9nement francophone !<\/p>\n<p><a href=\"https:\/\/d2-gws04.eu1.hubspotlinksstarter.com\/Ctc\/5F+113\/d2-gws04\/VVHlWP2vxFPJW7cJGGM93y46JW8wLjj95GWhNvN8_nRGx3m2nnW7Y8-PT6lZ3n8VRzrg157p5jSW6BQ72M6Zt9zdW19QPS28WPzzSW91Dplk9cLwXGW53BNSj4kdfTfW3Ml-vt5xmpp8N12gP5y5KCpxW8dRJH6228J8NW7XYrfC6S6lfgW5qJPBB1ymJYzW22j7Rx2ZnXc5W3XVWx71CP4HHW1KzqJ242LjTtW2HJWVB70hKtsW5bDXMW4sxYzmW1_pCs_6K-sz2W8CxQDj5CQhqqW40yypj5ftfMTN2MtfqrgwlGnW2W8Jl38j-JTDW2db9pp5G6jW_W2WY29941xmnpV98j7Z1Y0pjrN1Gkdk8fZbxsW1J6KmL1KndLPW99Q1jB4zgypff3WyCq404\" target=\"_blank\" rel=\"noopener\" data-hs-link-id=\"2\" data-hs-link-id-v2=\"OVTzbAsb\">Plus&#8230;<\/a><\/p>\n<p>&nbsp;<\/p>\n<h3 style=\"text-align: center;\"><a class=\"fasc-button fasc-size-large fasc-type-flat fasc-rounded-medium fasc-style-bold\" style=\"background-color: #ae1419; color: #ffffff;\" target=\"_blank\" rel=\"noopener\" href=\"https:\/\/ks-cs.ch\/fr\/bulletin-dinformation\/\">S&rsquo;abonner maintenant<\/a><\/h3>\n","protected":false},"excerpt":{"rendered":"<p>Alors que les projecteurs politiques sont braqu\u00e9s sur la session d&rsquo;hiver \u00e0 Berne, de nombreux d\u00e9veloppements pertinents en mati\u00e8re de publicit\u00e9 se d\u00e9roulent \u00e9galement sur le plan cantonal. C&rsquo;est pourquoi nous vous emmenons aujourd&rsquo;hui en Suisse romande pour vous pr\u00e9senter des nouvelles provenant du canton de Gen\u00e8ve et qui concernent directement la branche publicitaire.<\/p>\n","protected":false},"author":6,"featured_media":0,"comment_status":"closed","ping_status":"open","sticky":false,"template":"","format":"standard","meta":{"content-type":"","footnotes":""},"categories":[12],"tags":[],"class_list":["post-8551","post","type-post","status-publish","format-standard","hentry","category-nouvelles"],"yoast_head":"<!-- This site is optimized with the Yoast SEO plugin v27.4 - https:\/\/yoast.com\/product\/yoast-seo-wordpress\/ -->\n<title>News-Politiques : Dans les coulisses de la session d&#039;hiver ! - KS\/CS Communication Suisse<\/title>\n<meta name=\"description\" content=\"Alors que les projecteurs politiques sont braqu\u00e9s sur la session d&#039;hiver \u00e0 Berne, de nombreux d\u00e9veloppements pertinents en mati\u00e8re de publicit\u00e9 se d\u00e9roulent \u00e9galement sur le plan cantonal. C&#039;est pourquoi nous vous emmenons aujourd&#039;hui en Suisse romande pour vous pr\u00e9senter des nouvelles provenant du canton de Gen\u00e8ve et qui concernent directement la branche publicitaire.\" \/>\n<meta name=\"robots\" content=\"index, follow, max-snippet:-1, max-image-preview:large, max-video-preview:-1\" \/>\n<link rel=\"canonical\" href=\"https:\/\/ks-cs.ch\/fr\/dans-les-coulisses-de-la-session-dhiver\/\" \/>\n<meta property=\"og:locale\" content=\"fr_FR\" \/>\n<meta property=\"og:type\" content=\"article\" \/>\n<meta property=\"og:title\" content=\"News-Politiques : Dans les coulisses de la session d&#039;hiver ! - KS\/CS Communication Suisse\" \/>\n<meta property=\"og:description\" content=\"Alors que les projecteurs politiques sont braqu\u00e9s sur la session d&#039;hiver \u00e0 Berne, de nombreux d\u00e9veloppements pertinents en mati\u00e8re de publicit\u00e9 se d\u00e9roulent \u00e9galement sur le plan cantonal. C&#039;est pourquoi nous vous emmenons aujourd&#039;hui en Suisse romande pour vous pr\u00e9senter des nouvelles provenant du canton de Gen\u00e8ve et qui concernent directement la branche publicitaire.\" \/>\n<meta property=\"og:url\" content=\"https:\/\/ks-cs.ch\/fr\/dans-les-coulisses-de-la-session-dhiver\/\" \/>\n<meta property=\"og:site_name\" content=\"KS\/CS Communication Suisse\" \/>\n<meta property=\"article:published_time\" content=\"2025-12-10T16:03:23+00:00\" \/>\n<meta property=\"article:modified_time\" content=\"2025-12-10T16:10:08+00:00\" \/>\n<meta property=\"og:image\" content=\"https:\/\/cy1er32c.cloudimg.io\/v7\/https:\/\/storage.googleapis.com\/scope-component-related-images\/componentimage-23318-1765372385755.jpg?func=crop&amp;w=600&amp;h=375\" \/>\n<meta name=\"author\" content=\"Yasmin Spengler\" \/>\n<meta name=\"twitter:card\" content=\"summary_large_image\" \/>\n<meta name=\"twitter:label1\" content=\"\u00c9crit par\" \/>\n\t<meta name=\"twitter:data1\" content=\"Yasmin Spengler\" \/>\n\t<meta name=\"twitter:label2\" content=\"Dur\u00e9e de lecture estim\u00e9e\" \/>\n\t<meta name=\"twitter:data2\" content=\"4 minutes\" \/>\n<script type=\"application\/ld+json\" class=\"yoast-schema-graph\">{\"@context\":\"https:\\\/\\\/schema.org\",\"@graph\":[{\"@type\":\"Article\",\"@id\":\"https:\\\/\\\/ks-cs.ch\\\/fr\\\/dans-les-coulisses-de-la-session-dhiver\\\/#article\",\"isPartOf\":{\"@id\":\"https:\\\/\\\/ks-cs.ch\\\/fr\\\/dans-les-coulisses-de-la-session-dhiver\\\/\"},\"author\":{\"name\":\"Yasmin Spengler\",\"@id\":\"https:\\\/\\\/ks-cs.ch\\\/fr\\\/#\\\/schema\\\/person\\\/9d52779da2bedc35cb887cf481ae8cfb\"},\"headline\":\"News-Politiques : Dans les coulisses de la session d&rsquo;hiver !\",\"datePublished\":\"2025-12-10T16:03:23+00:00\",\"dateModified\":\"2025-12-10T16:10:08+00:00\",\"mainEntityOfPage\":{\"@id\":\"https:\\\/\\\/ks-cs.ch\\\/fr\\\/dans-les-coulisses-de-la-session-dhiver\\\/\"},\"wordCount\":568,\"publisher\":{\"@id\":\"https:\\\/\\\/ks-cs.ch\\\/fr\\\/#organization\"},\"image\":{\"@id\":\"https:\\\/\\\/ks-cs.ch\\\/fr\\\/dans-les-coulisses-de-la-session-dhiver\\\/#primaryimage\"},\"thumbnailUrl\":\"https:\\\/\\\/cy1er32c.cloudimg.io\\\/v7\\\/https:\\\/\\\/storage.googleapis.com\\\/scope-component-related-images\\\/componentimage-23318-1765372385755.jpg?func=crop&amp;w=600&amp;h=375\",\"articleSection\":[\"Nouvelles\"],\"inLanguage\":\"fr-FR\"},{\"@type\":\"WebPage\",\"@id\":\"https:\\\/\\\/ks-cs.ch\\\/fr\\\/dans-les-coulisses-de-la-session-dhiver\\\/\",\"url\":\"https:\\\/\\\/ks-cs.ch\\\/fr\\\/dans-les-coulisses-de-la-session-dhiver\\\/\",\"name\":\"News-Politiques : Dans les coulisses de la session d'hiver ! - KS\\\/CS Communication Suisse\",\"isPartOf\":{\"@id\":\"https:\\\/\\\/ks-cs.ch\\\/fr\\\/#website\"},\"primaryImageOfPage\":{\"@id\":\"https:\\\/\\\/ks-cs.ch\\\/fr\\\/dans-les-coulisses-de-la-session-dhiver\\\/#primaryimage\"},\"image\":{\"@id\":\"https:\\\/\\\/ks-cs.ch\\\/fr\\\/dans-les-coulisses-de-la-session-dhiver\\\/#primaryimage\"},\"thumbnailUrl\":\"https:\\\/\\\/cy1er32c.cloudimg.io\\\/v7\\\/https:\\\/\\\/storage.googleapis.com\\\/scope-component-related-images\\\/componentimage-23318-1765372385755.jpg?func=crop&amp;w=600&amp;h=375\",\"datePublished\":\"2025-12-10T16:03:23+00:00\",\"dateModified\":\"2025-12-10T16:10:08+00:00\",\"description\":\"Alors que les projecteurs politiques sont braqu\u00e9s sur la session d'hiver \u00e0 Berne, de nombreux d\u00e9veloppements pertinents en mati\u00e8re de publicit\u00e9 se d\u00e9roulent \u00e9galement sur le plan cantonal. C'est pourquoi nous vous emmenons aujourd'hui en Suisse romande pour vous pr\u00e9senter des nouvelles provenant du canton de Gen\u00e8ve et qui concernent directement la branche publicitaire.\",\"breadcrumb\":{\"@id\":\"https:\\\/\\\/ks-cs.ch\\\/fr\\\/dans-les-coulisses-de-la-session-dhiver\\\/#breadcrumb\"},\"inLanguage\":\"fr-FR\",\"potentialAction\":[{\"@type\":\"ReadAction\",\"target\":[\"https:\\\/\\\/ks-cs.ch\\\/fr\\\/dans-les-coulisses-de-la-session-dhiver\\\/\"]}]},{\"@type\":\"ImageObject\",\"inLanguage\":\"fr-FR\",\"@id\":\"https:\\\/\\\/ks-cs.ch\\\/fr\\\/dans-les-coulisses-de-la-session-dhiver\\\/#primaryimage\",\"url\":\"https:\\\/\\\/cy1er32c.cloudimg.io\\\/v7\\\/https:\\\/\\\/storage.googleapis.com\\\/scope-component-related-images\\\/componentimage-23318-1765372385755.jpg?func=crop&amp;w=600&amp;h=375\",\"contentUrl\":\"https:\\\/\\\/cy1er32c.cloudimg.io\\\/v7\\\/https:\\\/\\\/storage.googleapis.com\\\/scope-component-related-images\\\/componentimage-23318-1765372385755.jpg?func=crop&amp;w=600&amp;h=375\"},{\"@type\":\"BreadcrumbList\",\"@id\":\"https:\\\/\\\/ks-cs.ch\\\/fr\\\/dans-les-coulisses-de-la-session-dhiver\\\/#breadcrumb\",\"itemListElement\":[{\"@type\":\"ListItem\",\"position\":1,\"name\":\"Home\",\"item\":\"https:\\\/\\\/ks-cs.ch\\\/fr\\\/\"},{\"@type\":\"ListItem\",\"position\":2,\"name\":\"News-Politiques : Dans les coulisses de la session d&#8217;hiver !\"}]},{\"@type\":\"WebSite\",\"@id\":\"https:\\\/\\\/ks-cs.ch\\\/fr\\\/#website\",\"url\":\"https:\\\/\\\/ks-cs.ch\\\/fr\\\/\",\"name\":\"KS\\\/CS Kommunikation Schweiz\",\"description\":\"Association des communications commerciales\",\"publisher\":{\"@id\":\"https:\\\/\\\/ks-cs.ch\\\/fr\\\/#organization\"},\"potentialAction\":[{\"@type\":\"SearchAction\",\"target\":{\"@type\":\"EntryPoint\",\"urlTemplate\":\"https:\\\/\\\/ks-cs.ch\\\/fr\\\/?s={search_term_string}\"},\"query-input\":{\"@type\":\"PropertyValueSpecification\",\"valueRequired\":true,\"valueName\":\"search_term_string\"}}],\"inLanguage\":\"fr-FR\"},{\"@type\":\"Organization\",\"@id\":\"https:\\\/\\\/ks-cs.ch\\\/fr\\\/#organization\",\"name\":\"KS\\\/CS Kommunikation Schweiz\",\"url\":\"https:\\\/\\\/ks-cs.ch\\\/fr\\\/\",\"logo\":{\"@type\":\"ImageObject\",\"inLanguage\":\"fr-FR\",\"@id\":\"https:\\\/\\\/ks-cs.ch\\\/fr\\\/#\\\/schema\\\/logo\\\/image\\\/\",\"url\":\"https:\\\/\\\/ks-cs.ch\\\/wp-content\\\/uploads\\\/2022\\\/12\\\/Logo-Social-Media-1.jpg\",\"contentUrl\":\"https:\\\/\\\/ks-cs.ch\\\/wp-content\\\/uploads\\\/2022\\\/12\\\/Logo-Social-Media-1.jpg\",\"width\":709,\"height\":608,\"caption\":\"KS\\\/CS Kommunikation Schweiz\"},\"image\":{\"@id\":\"https:\\\/\\\/ks-cs.ch\\\/fr\\\/#\\\/schema\\\/logo\\\/image\\\/\"},\"sameAs\":[\"https:\\\/\\\/www.linkedin.com\\\/company\\\/kommunikation-schweiz-communication-suisse-comunicazione-svizzera-communication-switzerland\\\/\"]},{\"@type\":\"Person\",\"@id\":\"https:\\\/\\\/ks-cs.ch\\\/fr\\\/#\\\/schema\\\/person\\\/9d52779da2bedc35cb887cf481ae8cfb\",\"name\":\"Yasmin Spengler\",\"image\":{\"@type\":\"ImageObject\",\"inLanguage\":\"fr-FR\",\"@id\":\"https:\\\/\\\/secure.gravatar.com\\\/avatar\\\/55e0188ff631f21ae4e1891d34a7a316edd8320e919b990bd18eab546364b283?s=96&d=mm&r=g\",\"url\":\"https:\\\/\\\/secure.gravatar.com\\\/avatar\\\/55e0188ff631f21ae4e1891d34a7a316edd8320e919b990bd18eab546364b283?s=96&d=mm&r=g\",\"contentUrl\":\"https:\\\/\\\/secure.gravatar.com\\\/avatar\\\/55e0188ff631f21ae4e1891d34a7a316edd8320e919b990bd18eab546364b283?s=96&d=mm&r=g\",\"caption\":\"Yasmin Spengler\"}}]}<\/script>\n<!-- \/ Yoast SEO plugin. -->","yoast_head_json":{"title":"News-Politiques : Dans les coulisses de la session d'hiver ! - KS\/CS Communication Suisse","description":"Alors que les projecteurs politiques sont braqu\u00e9s sur la session d'hiver \u00e0 Berne, de nombreux d\u00e9veloppements pertinents en mati\u00e8re de publicit\u00e9 se d\u00e9roulent \u00e9galement sur le plan cantonal. C'est pourquoi nous vous emmenons aujourd'hui en Suisse romande pour vous pr\u00e9senter des nouvelles provenant du canton de Gen\u00e8ve et qui concernent directement la branche publicitaire.","robots":{"index":"index","follow":"follow","max-snippet":"max-snippet:-1","max-image-preview":"max-image-preview:large","max-video-preview":"max-video-preview:-1"},"canonical":"https:\/\/ks-cs.ch\/fr\/dans-les-coulisses-de-la-session-dhiver\/","og_locale":"fr_FR","og_type":"article","og_title":"News-Politiques : Dans les coulisses de la session d'hiver ! - KS\/CS Communication Suisse","og_description":"Alors que les projecteurs politiques sont braqu\u00e9s sur la session d'hiver \u00e0 Berne, de nombreux d\u00e9veloppements pertinents en mati\u00e8re de publicit\u00e9 se d\u00e9roulent \u00e9galement sur le plan cantonal. C'est pourquoi nous vous emmenons aujourd'hui en Suisse romande pour vous pr\u00e9senter des nouvelles provenant du canton de Gen\u00e8ve et qui concernent directement la branche publicitaire.","og_url":"https:\/\/ks-cs.ch\/fr\/dans-les-coulisses-de-la-session-dhiver\/","og_site_name":"KS\/CS Communication Suisse","article_published_time":"2025-12-10T16:03:23+00:00","article_modified_time":"2025-12-10T16:10:08+00:00","og_image":[{"url":"https:\/\/cy1er32c.cloudimg.io\/v7\/https:\/\/storage.googleapis.com\/scope-component-related-images\/componentimage-23318-1765372385755.jpg?func=crop&amp;w=600&amp;h=375","type":"","width":"","height":""}],"author":"Yasmin Spengler","twitter_card":"summary_large_image","twitter_misc":{"\u00c9crit par":"Yasmin Spengler","Dur\u00e9e de lecture estim\u00e9e":"4 minutes"},"schema":{"@context":"https:\/\/schema.org","@graph":[{"@type":"Article","@id":"https:\/\/ks-cs.ch\/fr\/dans-les-coulisses-de-la-session-dhiver\/#article","isPartOf":{"@id":"https:\/\/ks-cs.ch\/fr\/dans-les-coulisses-de-la-session-dhiver\/"},"author":{"name":"Yasmin Spengler","@id":"https:\/\/ks-cs.ch\/fr\/#\/schema\/person\/9d52779da2bedc35cb887cf481ae8cfb"},"headline":"News-Politiques : Dans les coulisses de la session d&rsquo;hiver !","datePublished":"2025-12-10T16:03:23+00:00","dateModified":"2025-12-10T16:10:08+00:00","mainEntityOfPage":{"@id":"https:\/\/ks-cs.ch\/fr\/dans-les-coulisses-de-la-session-dhiver\/"},"wordCount":568,"publisher":{"@id":"https:\/\/ks-cs.ch\/fr\/#organization"},"image":{"@id":"https:\/\/ks-cs.ch\/fr\/dans-les-coulisses-de-la-session-dhiver\/#primaryimage"},"thumbnailUrl":"https:\/\/cy1er32c.cloudimg.io\/v7\/https:\/\/storage.googleapis.com\/scope-component-related-images\/componentimage-23318-1765372385755.jpg?func=crop&amp;w=600&amp;h=375","articleSection":["Nouvelles"],"inLanguage":"fr-FR"},{"@type":"WebPage","@id":"https:\/\/ks-cs.ch\/fr\/dans-les-coulisses-de-la-session-dhiver\/","url":"https:\/\/ks-cs.ch\/fr\/dans-les-coulisses-de-la-session-dhiver\/","name":"News-Politiques : Dans les coulisses de la session d'hiver ! - KS\/CS Communication Suisse","isPartOf":{"@id":"https:\/\/ks-cs.ch\/fr\/#website"},"primaryImageOfPage":{"@id":"https:\/\/ks-cs.ch\/fr\/dans-les-coulisses-de-la-session-dhiver\/#primaryimage"},"image":{"@id":"https:\/\/ks-cs.ch\/fr\/dans-les-coulisses-de-la-session-dhiver\/#primaryimage"},"thumbnailUrl":"https:\/\/cy1er32c.cloudimg.io\/v7\/https:\/\/storage.googleapis.com\/scope-component-related-images\/componentimage-23318-1765372385755.jpg?func=crop&amp;w=600&amp;h=375","datePublished":"2025-12-10T16:03:23+00:00","dateModified":"2025-12-10T16:10:08+00:00","description":"Alors que les projecteurs politiques sont braqu\u00e9s sur la session d'hiver \u00e0 Berne, de nombreux d\u00e9veloppements pertinents en mati\u00e8re de publicit\u00e9 se d\u00e9roulent \u00e9galement sur le plan cantonal. C'est pourquoi nous vous emmenons aujourd'hui en Suisse romande pour vous pr\u00e9senter des nouvelles provenant du canton de Gen\u00e8ve et qui concernent directement la branche publicitaire.","breadcrumb":{"@id":"https:\/\/ks-cs.ch\/fr\/dans-les-coulisses-de-la-session-dhiver\/#breadcrumb"},"inLanguage":"fr-FR","potentialAction":[{"@type":"ReadAction","target":["https:\/\/ks-cs.ch\/fr\/dans-les-coulisses-de-la-session-dhiver\/"]}]},{"@type":"ImageObject","inLanguage":"fr-FR","@id":"https:\/\/ks-cs.ch\/fr\/dans-les-coulisses-de-la-session-dhiver\/#primaryimage","url":"https:\/\/cy1er32c.cloudimg.io\/v7\/https:\/\/storage.googleapis.com\/scope-component-related-images\/componentimage-23318-1765372385755.jpg?func=crop&amp;w=600&amp;h=375","contentUrl":"https:\/\/cy1er32c.cloudimg.io\/v7\/https:\/\/storage.googleapis.com\/scope-component-related-images\/componentimage-23318-1765372385755.jpg?func=crop&amp;w=600&amp;h=375"},{"@type":"BreadcrumbList","@id":"https:\/\/ks-cs.ch\/fr\/dans-les-coulisses-de-la-session-dhiver\/#breadcrumb","itemListElement":[{"@type":"ListItem","position":1,"name":"Home","item":"https:\/\/ks-cs.ch\/fr\/"},{"@type":"ListItem","position":2,"name":"News-Politiques : Dans les coulisses de la session d&#8217;hiver !"}]},{"@type":"WebSite","@id":"https:\/\/ks-cs.ch\/fr\/#website","url":"https:\/\/ks-cs.ch\/fr\/","name":"KS\/CS Kommunikation Schweiz","description":"Association des communications commerciales","publisher":{"@id":"https:\/\/ks-cs.ch\/fr\/#organization"},"potentialAction":[{"@type":"SearchAction","target":{"@type":"EntryPoint","urlTemplate":"https:\/\/ks-cs.ch\/fr\/?s={search_term_string}"},"query-input":{"@type":"PropertyValueSpecification","valueRequired":true,"valueName":"search_term_string"}}],"inLanguage":"fr-FR"},{"@type":"Organization","@id":"https:\/\/ks-cs.ch\/fr\/#organization","name":"KS\/CS Kommunikation Schweiz","url":"https:\/\/ks-cs.ch\/fr\/","logo":{"@type":"ImageObject","inLanguage":"fr-FR","@id":"https:\/\/ks-cs.ch\/fr\/#\/schema\/logo\/image\/","url":"https:\/\/ks-cs.ch\/wp-content\/uploads\/2022\/12\/Logo-Social-Media-1.jpg","contentUrl":"https:\/\/ks-cs.ch\/wp-content\/uploads\/2022\/12\/Logo-Social-Media-1.jpg","width":709,"height":608,"caption":"KS\/CS Kommunikation Schweiz"},"image":{"@id":"https:\/\/ks-cs.ch\/fr\/#\/schema\/logo\/image\/"},"sameAs":["https:\/\/www.linkedin.com\/company\/kommunikation-schweiz-communication-suisse-comunicazione-svizzera-communication-switzerland\/"]},{"@type":"Person","@id":"https:\/\/ks-cs.ch\/fr\/#\/schema\/person\/9d52779da2bedc35cb887cf481ae8cfb","name":"Yasmin Spengler","image":{"@type":"ImageObject","inLanguage":"fr-FR","@id":"https:\/\/secure.gravatar.com\/avatar\/55e0188ff631f21ae4e1891d34a7a316edd8320e919b990bd18eab546364b283?s=96&d=mm&r=g","url":"https:\/\/secure.gravatar.com\/avatar\/55e0188ff631f21ae4e1891d34a7a316edd8320e919b990bd18eab546364b283?s=96&d=mm&r=g","contentUrl":"https:\/\/secure.gravatar.com\/avatar\/55e0188ff631f21ae4e1891d34a7a316edd8320e919b990bd18eab546364b283?s=96&d=mm&r=g","caption":"Yasmin Spengler"}}]}},"publishpress_future_action":{"enabled":false,"date":"2026-05-04 19:29:33","action":"change-status","newStatus":"draft","terms":[],"taxonomy":"category","extraData":[]},"publishpress_future_workflow_manual_trigger":{"enabledWorkflows":[]},"_links":{"self":[{"href":"https:\/\/ks-cs.ch\/fr\/wp-json\/wp\/v2\/posts\/8551","targetHints":{"allow":["GET"]}}],"collection":[{"href":"https:\/\/ks-cs.ch\/fr\/wp-json\/wp\/v2\/posts"}],"about":[{"href":"https:\/\/ks-cs.ch\/fr\/wp-json\/wp\/v2\/types\/post"}],"author":[{"embeddable":true,"href":"https:\/\/ks-cs.ch\/fr\/wp-json\/wp\/v2\/users\/6"}],"replies":[{"embeddable":true,"href":"https:\/\/ks-cs.ch\/fr\/wp-json\/wp\/v2\/comments?post=8551"}],"version-history":[{"count":1,"href":"https:\/\/ks-cs.ch\/fr\/wp-json\/wp\/v2\/posts\/8551\/revisions"}],"predecessor-version":[{"id":8553,"href":"https:\/\/ks-cs.ch\/fr\/wp-json\/wp\/v2\/posts\/8551\/revisions\/8553"}],"wp:attachment":[{"href":"https:\/\/ks-cs.ch\/fr\/wp-json\/wp\/v2\/media?parent=8551"}],"wp:term":[{"taxonomy":"category","embeddable":true,"href":"https:\/\/ks-cs.ch\/fr\/wp-json\/wp\/v2\/categories?post=8551"},{"taxonomy":"post_tag","embeddable":true,"href":"https:\/\/ks-cs.ch\/fr\/wp-json\/wp\/v2\/tags?post=8551"}],"curies":[{"name":"wp","href":"https:\/\/api.w.org\/{rel}","templated":true}]}}