{"id":8130,"date":"2025-08-29T08:38:39","date_gmt":"2025-08-29T06:38:39","guid":{"rendered":"https:\/\/ks-cs.ch\/?p=8130"},"modified":"2025-09-01T16:23:51","modified_gmt":"2025-09-01T14:23:51","slug":"48-nouveaux-specialistes-en-communication-obtiennent-leur-brevet-federal","status":"publish","type":"post","link":"https:\/\/ks-cs.ch\/fr\/48-nouveaux-specialistes-en-communication-obtiennent-leur-brevet-federal\/","title":{"rendered":"48 nouveaux sp\u00e9cialistes en communication obtiennent leur brevet f\u00e9d\u00e9ral"},"content":{"rendered":"<figure id=\"attachment_8123\" aria-describedby=\"caption-attachment-8123\" style=\"width: 840px\" class=\"wp-caption aligncenter\"><img decoding=\"async\" class=\"wp-image-8123 size-large\" src=\"https:\/\/ks-cs.ch\/wp-content\/uploads\/2025\/08\/KS_CS_Diplomfeier_2025-1024x683.jpg\" alt=\"\" width=\"840\" height=\"560\" srcset=\"https:\/\/ks-cs.ch\/wp-content\/uploads\/2025\/08\/KS_CS_Diplomfeier_2025-1024x683.jpg 1024w, https:\/\/ks-cs.ch\/wp-content\/uploads\/2025\/08\/KS_CS_Diplomfeier_2025-300x200.jpg 300w, https:\/\/ks-cs.ch\/wp-content\/uploads\/2025\/08\/KS_CS_Diplomfeier_2025-768x512.jpg 768w, https:\/\/ks-cs.ch\/wp-content\/uploads\/2025\/08\/KS_CS_Diplomfeier_2025-1536x1024.jpg 1536w, https:\/\/ks-cs.ch\/wp-content\/uploads\/2025\/08\/KS_CS_Diplomfeier_2025-2048x1365.jpg 2048w, https:\/\/ks-cs.ch\/wp-content\/uploads\/2025\/08\/KS_CS_Diplomfeier_2025-350x233.jpg 350w, https:\/\/ks-cs.ch\/wp-content\/uploads\/2025\/08\/KS_CS_Diplomfeier_2025-scaled.jpg 2560w\" sizes=\"(max-width: 840px) 100vw, 840px\" \/><figcaption id=\"caption-attachment-8123\" class=\"wp-caption-text\">Les meilleurs candidats de cette ann\u00e9e (de gauche \u00e0 droite) : Pablo Rial D\u00edaz et Jean Fabien Eckert (tous deux avec une note de 5,3) ainsi qu\u2019Ana\u00efs Reine Yvonne Beatrice Marceau (note de 5,5).<\/figcaption><\/figure>\n<p>La c\u00e9r\u00e9monie de remise des dipl\u00f4mes n&rsquo;\u00e9tait pas seulement la conclusion festive d&rsquo;une formation instructive et d&rsquo;une phase d&rsquo;apprentissage intense, mais aussi un signal fort et tourn\u00e9 vers l&rsquo;avenir pour la qualit\u00e9 de la formation professionnelle sup\u00e9rieure en Suisse. Avec un taux de r\u00e9ussite de 80 %, le r\u00e9sultat de cette ann\u00e9e est nettement au-dessus de la moyenne suisse des examens professionnels f\u00e9d\u00e9raux. De nombreux dipl\u00f4m\u00e9s ont soulign\u00e9 que le brevet leur ouvrait de nouvelles perspectives de carri\u00e8re.<\/p>\n<p style=\"padding-left: 40px;\"><em>\u00abCe dipl\u00f4me m&rsquo;a permis d&rsquo;adopter une approche plus strat\u00e9gique de la communication et m&rsquo;a renforc\u00e9e non seulement sur le plan professionnel, mais aussi sur le plan personnel\u00bb<\/em><br \/>\n\u2013 Stefania Maggiori, dipl\u00f4m\u00e9e 2025<\/p>\n<p><strong>Une formation pratique qui convainc les employeurs<br \/>\n<\/strong>Le brevet ouvre des perspectives professionnelles, donne acc\u00e8s \u00e0 de nouveaux secteurs d&rsquo;activit\u00e9 et offre une alternative \u00e0 une carri\u00e8re universitaire, en particulier pour les professionnels qui souhaitent se former en parall\u00e8le de leur activit\u00e9. L\u2019obtention d\u2019un brevet f\u00e9d\u00e9ra est un signal important pour les agences et les clients : les examens sont synonymes de comp\u00e9tences \u00e9prouv\u00e9es, de connaissances m\u00e9thodologiques et de capacit\u00e9 \u00e0 mettre en \u0153uvre des projets de communication de mani\u00e8re efficace et responsable.<\/p>\n<p style=\"padding-left: 40px;\"><em>\u00abJ&rsquo;ai d\u00e9lib\u00e9r\u00e9ment choisi le brevet f\u00e9d\u00e9ral plut\u00f4t qu&rsquo;un CAS, car il est ax\u00e9 sur la pratique, compatible avec l&rsquo;activit\u00e9 professionnelle, soutenu par l&rsquo;\u00c9tat et, surtout, imm\u00e9diatement applicable\u00bb<\/em><br \/>\n\u2013 Ana\u00efs Marceau, dipl\u00f4m\u00e9e 2025<\/p>\n<p>L&rsquo;avantage d&rsquo;une formation ax\u00e9e sur la pratique: les professionnels peuvent rester dans le monde du travail, approfondir leurs connaissances et les mettre directement en application \u2013 et sont r\u00e9compens\u00e9s par un dipl\u00f4me reconnu au niveau f\u00e9d\u00e9ral.<\/p>\n<p><strong>KS\/CS Communication Suisse s&rsquo;engage \u00e9galement sur le plan politique en tant qu&rsquo;organisme responsable des examens<\/strong><br \/>\nKS\/CS Communication Suisse s&rsquo;engage \u00e9galement \u00e0 renforcer la formation professionnelle sur le plan politique. Par exemple, lors de l&rsquo;introduction des titres anglais \u00abProfessional Bachelor\u00bb et \u00abProfessional Master\u00bb pour les dipl\u00f4mes de la formation professionnelle sup\u00e9rieure. Une <a href=\"https:\/\/ks-cs.ch\/fr\/?p=5263\">motion sur l&rsquo;\u00e9quivalence des titres<\/a> est \u00e0 l&rsquo;ordre du jour de la prochaine session d&rsquo;automne des Chambres f\u00e9d\u00e9rales.<\/p>\n<p style=\"padding-left: 40px;\"><em>\u00abUne id\u00e9e forte. Beaucoup ne peuvent pas se permettre de faire des \u00e9tudes ou ne peuvent pas interrompre leur carri\u00e8re. Le titre \u00abProfessional Bachelor\u00bb donne \u00e0 la pratique la valeur qu&rsquo;elle m\u00e9rite\u00bb<\/em>, souligne Pablo Rial Diaz, dipl\u00f4m\u00e9.<\/p>\n<p><strong>Prochain objectif de carri\u00e8re: responsable de la communication avec examen professionnel sup\u00e9rieur<\/strong><br \/>\nLe brevet f\u00e9d\u00e9ral n&rsquo;est pas une fin en soi, mais un tremplin: les dipl\u00f4m\u00e9s peuvent passer \u00e0 l&rsquo;\u00e9tape suivante en passant l&rsquo;examen professionnel sup\u00e9rieur, jusqu&rsquo;\u00e0 atteindre des postes de direction et de direction g\u00e9n\u00e9rale. Le secteur a besoin de professionnels qualifi\u00e9s, capables de r\u00e9pondre aux exigences croissantes en mati\u00e8re de communication, de num\u00e9risation et de responsabilit\u00e9. C&rsquo;est pr\u00e9cis\u00e9ment pour cela que le certificat f\u00e9d\u00e9ral constitue une base solide.<\/p>\n<p style=\"padding-left: 40px;\"><em>\u00abLa qualit\u00e9 de la formation et de l&rsquo;examen \u00e9tait tr\u00e8s \u00e9lev\u00e9e \u2013 l&rsquo;organisation de l&rsquo;examen m\u00e9rite particuli\u00e8rement des \u00e9loges. Les exigences \u00e9taient justifi\u00e9es, mais r\u00e9alisables\u00bb<\/em>, a soulign\u00e9 Patricia Podoleanu.<\/p>\n<p><strong>Les sponsors de la c\u00e9r\u00e9monie montrent leur reconnaissance<\/strong><br \/>\nOutre les enseignants, les experts aux examens et les institutions, la c\u00e9r\u00e9monie de remise des dipl\u00f4mes de cette ann\u00e9e a \u00e9galement \u00e9t\u00e9 soutenue par des partenaires de longue date. Faber-Castell a remis aux dipl\u00f4m\u00e9s des stylos haut de gamme. Les 3 meilleurs dipl\u00f4m\u00e9s peuvent se r\u00e9jouir d&rsquo;un week-end exclusif \u00e0 l&rsquo;h\u00f4tel Belvedere de Locarno. L&rsquo;Association suisse des annonceurs (ASA) ainsi que l&rsquo;entreprise Shareforce soutient avec force la formation professionnelle et contribuent ainsi \u00e0 renforcer l&rsquo;ensemble du secteur.<\/p>\n<p><strong>Informations compl\u00e9mentaires<\/strong><br \/>\nVera Baldo-Tschan<br \/>\nResponsable des affaires publiques et de la communication<br \/>\n<a href=\"mailto:baldo-tschan@ks-cs.ch\">baldo-tschan@ks-cs.ch<\/a><br \/>\n+41 79 586 66 36<\/p>\n","protected":false},"excerpt":{"rendered":"<p>Bienne, le 28 ao\u00fbt 2025 &#8211; De nombreux visages rayonnants et une \u00e9tape importante franchie ensemble : 48 nouveaux sp\u00e9cialistes en communication ont re\u00e7u leur brevet f\u00e9d\u00e9ral \u00e0 la Farelhaus de Bienne. Le secteur de la publicit\u00e9 peut se r\u00e9jouir de l&rsquo;arriv\u00e9e de nouveaux experts qualifi\u00e9s dans les 3 r\u00e9gions linguistiques. <\/p>\n","protected":false},"author":5,"featured_media":0,"comment_status":"closed","ping_status":"open","sticky":false,"template":"","format":"standard","meta":{"content-type":"","footnotes":""},"categories":[27],"tags":[],"class_list":["post-8130","post","type-post","status-publish","format-standard","hentry","category-communique-de-presse"],"yoast_head":"<!-- This site is optimized with the Yoast SEO plugin v27.4 - https:\/\/yoast.com\/product\/yoast-seo-wordpress\/ -->\n<title>48 nouveaux sp\u00e9cialistes en communication obtiennent leur brevet f\u00e9d\u00e9ral - KS\/CS Communication Suisse<\/title>\n<meta name=\"description\" content=\"48 nouveaux sp\u00e9cialistes en communication ont re\u00e7u leur brevet f\u00e9d\u00e9ral \u00e0 la Farelhaus de Bienne. Le secteur de la publicit\u00e9 peut se r\u00e9jouir de l&#039;arriv\u00e9e de nouveaux experts qualifi\u00e9s dans les 3 r\u00e9gions linguistiques.\" \/>\n<meta name=\"robots\" content=\"index, follow, max-snippet:-1, max-image-preview:large, max-video-preview:-1\" \/>\n<link rel=\"canonical\" href=\"https:\/\/ks-cs.ch\/fr\/48-nouveaux-specialistes-en-communication-obtiennent-leur-brevet-federal\/\" \/>\n<meta property=\"og:locale\" content=\"fr_FR\" \/>\n<meta property=\"og:type\" content=\"article\" \/>\n<meta property=\"og:title\" content=\"48 nouveaux sp\u00e9cialistes en communication obtiennent leur brevet f\u00e9d\u00e9ral - KS\/CS Communication Suisse\" \/>\n<meta property=\"og:description\" content=\"48 nouveaux sp\u00e9cialistes en communication ont re\u00e7u leur brevet f\u00e9d\u00e9ral \u00e0 la Farelhaus de Bienne. Le secteur de la publicit\u00e9 peut se r\u00e9jouir de l&#039;arriv\u00e9e de nouveaux experts qualifi\u00e9s dans les 3 r\u00e9gions linguistiques.\" \/>\n<meta property=\"og:url\" content=\"https:\/\/ks-cs.ch\/fr\/48-nouveaux-specialistes-en-communication-obtiennent-leur-brevet-federal\/\" \/>\n<meta property=\"og:site_name\" content=\"KS\/CS Communication Suisse\" \/>\n<meta property=\"article:published_time\" content=\"2025-08-29T06:38:39+00:00\" \/>\n<meta property=\"article:modified_time\" content=\"2025-09-01T14:23:51+00:00\" \/>\n<meta property=\"og:image\" content=\"https:\/\/ks-cs.ch\/wp-content\/uploads\/2025\/08\/KS_CS_Diplomfeier_2025-scaled.jpg\" \/>\n\t<meta property=\"og:image:width\" content=\"2560\" \/>\n\t<meta property=\"og:image:height\" content=\"1707\" \/>\n\t<meta property=\"og:image:type\" content=\"image\/jpeg\" \/>\n<meta name=\"author\" content=\"Hendrik Fischer\" \/>\n<meta name=\"twitter:card\" content=\"summary_large_image\" \/>\n<meta name=\"twitter:label1\" content=\"\u00c9crit par\" \/>\n\t<meta name=\"twitter:data1\" content=\"Hendrik Fischer\" \/>\n\t<meta name=\"twitter:label2\" content=\"Dur\u00e9e de lecture estim\u00e9e\" \/>\n\t<meta name=\"twitter:data2\" content=\"4 minutes\" \/>\n<script type=\"application\/ld+json\" class=\"yoast-schema-graph\">{\"@context\":\"https:\\\/\\\/schema.org\",\"@graph\":[{\"@type\":\"Article\",\"@id\":\"https:\\\/\\\/ks-cs.ch\\\/fr\\\/48-nouveaux-specialistes-en-communication-obtiennent-leur-brevet-federal\\\/#article\",\"isPartOf\":{\"@id\":\"https:\\\/\\\/ks-cs.ch\\\/fr\\\/48-nouveaux-specialistes-en-communication-obtiennent-leur-brevet-federal\\\/\"},\"author\":{\"name\":\"Hendrik Fischer\",\"@id\":\"https:\\\/\\\/ks-cs.ch\\\/fr\\\/#\\\/schema\\\/person\\\/757c9eea7858086d44d1a415e371e005\"},\"headline\":\"48 nouveaux sp\u00e9cialistes en communication obtiennent leur brevet f\u00e9d\u00e9ral\",\"datePublished\":\"2025-08-29T06:38:39+00:00\",\"dateModified\":\"2025-09-01T14:23:51+00:00\",\"mainEntityOfPage\":{\"@id\":\"https:\\\/\\\/ks-cs.ch\\\/fr\\\/48-nouveaux-specialistes-en-communication-obtiennent-leur-brevet-federal\\\/\"},\"wordCount\":703,\"publisher\":{\"@id\":\"https:\\\/\\\/ks-cs.ch\\\/fr\\\/#organization\"},\"image\":{\"@id\":\"https:\\\/\\\/ks-cs.ch\\\/fr\\\/48-nouveaux-specialistes-en-communication-obtiennent-leur-brevet-federal\\\/#primaryimage\"},\"thumbnailUrl\":\"https:\\\/\\\/ks-cs.ch\\\/wp-content\\\/uploads\\\/2025\\\/08\\\/KS_CS_Diplomfeier_2025-1024x683.jpg\",\"articleSection\":[\"Communiqu\u00e9 de presse\"],\"inLanguage\":\"fr-FR\"},{\"@type\":\"WebPage\",\"@id\":\"https:\\\/\\\/ks-cs.ch\\\/fr\\\/48-nouveaux-specialistes-en-communication-obtiennent-leur-brevet-federal\\\/\",\"url\":\"https:\\\/\\\/ks-cs.ch\\\/fr\\\/48-nouveaux-specialistes-en-communication-obtiennent-leur-brevet-federal\\\/\",\"name\":\"48 nouveaux sp\u00e9cialistes en communication obtiennent leur brevet f\u00e9d\u00e9ral - KS\\\/CS Communication Suisse\",\"isPartOf\":{\"@id\":\"https:\\\/\\\/ks-cs.ch\\\/fr\\\/#website\"},\"primaryImageOfPage\":{\"@id\":\"https:\\\/\\\/ks-cs.ch\\\/fr\\\/48-nouveaux-specialistes-en-communication-obtiennent-leur-brevet-federal\\\/#primaryimage\"},\"image\":{\"@id\":\"https:\\\/\\\/ks-cs.ch\\\/fr\\\/48-nouveaux-specialistes-en-communication-obtiennent-leur-brevet-federal\\\/#primaryimage\"},\"thumbnailUrl\":\"https:\\\/\\\/ks-cs.ch\\\/wp-content\\\/uploads\\\/2025\\\/08\\\/KS_CS_Diplomfeier_2025-1024x683.jpg\",\"datePublished\":\"2025-08-29T06:38:39+00:00\",\"dateModified\":\"2025-09-01T14:23:51+00:00\",\"description\":\"48 nouveaux sp\u00e9cialistes en communication ont re\u00e7u leur brevet f\u00e9d\u00e9ral \u00e0 la Farelhaus de Bienne. Le secteur de la publicit\u00e9 peut se r\u00e9jouir de l'arriv\u00e9e de nouveaux experts qualifi\u00e9s dans les 3 r\u00e9gions linguistiques.\",\"breadcrumb\":{\"@id\":\"https:\\\/\\\/ks-cs.ch\\\/fr\\\/48-nouveaux-specialistes-en-communication-obtiennent-leur-brevet-federal\\\/#breadcrumb\"},\"inLanguage\":\"fr-FR\",\"potentialAction\":[{\"@type\":\"ReadAction\",\"target\":[\"https:\\\/\\\/ks-cs.ch\\\/fr\\\/48-nouveaux-specialistes-en-communication-obtiennent-leur-brevet-federal\\\/\"]}]},{\"@type\":\"ImageObject\",\"inLanguage\":\"fr-FR\",\"@id\":\"https:\\\/\\\/ks-cs.ch\\\/fr\\\/48-nouveaux-specialistes-en-communication-obtiennent-leur-brevet-federal\\\/#primaryimage\",\"url\":\"https:\\\/\\\/ks-cs.ch\\\/wp-content\\\/uploads\\\/2025\\\/08\\\/KS_CS_Diplomfeier_2025-1024x683.jpg\",\"contentUrl\":\"https:\\\/\\\/ks-cs.ch\\\/wp-content\\\/uploads\\\/2025\\\/08\\\/KS_CS_Diplomfeier_2025-1024x683.jpg\"},{\"@type\":\"BreadcrumbList\",\"@id\":\"https:\\\/\\\/ks-cs.ch\\\/fr\\\/48-nouveaux-specialistes-en-communication-obtiennent-leur-brevet-federal\\\/#breadcrumb\",\"itemListElement\":[{\"@type\":\"ListItem\",\"position\":1,\"name\":\"Home\",\"item\":\"https:\\\/\\\/ks-cs.ch\\\/fr\\\/\"},{\"@type\":\"ListItem\",\"position\":2,\"name\":\"48 nouveaux sp\u00e9cialistes en communication obtiennent leur brevet f\u00e9d\u00e9ral\"}]},{\"@type\":\"WebSite\",\"@id\":\"https:\\\/\\\/ks-cs.ch\\\/fr\\\/#website\",\"url\":\"https:\\\/\\\/ks-cs.ch\\\/fr\\\/\",\"name\":\"KS\\\/CS Kommunikation Schweiz\",\"description\":\"Association des communications commerciales\",\"publisher\":{\"@id\":\"https:\\\/\\\/ks-cs.ch\\\/fr\\\/#organization\"},\"potentialAction\":[{\"@type\":\"SearchAction\",\"target\":{\"@type\":\"EntryPoint\",\"urlTemplate\":\"https:\\\/\\\/ks-cs.ch\\\/fr\\\/?s={search_term_string}\"},\"query-input\":{\"@type\":\"PropertyValueSpecification\",\"valueRequired\":true,\"valueName\":\"search_term_string\"}}],\"inLanguage\":\"fr-FR\"},{\"@type\":\"Organization\",\"@id\":\"https:\\\/\\\/ks-cs.ch\\\/fr\\\/#organization\",\"name\":\"KS\\\/CS Kommunikation Schweiz\",\"url\":\"https:\\\/\\\/ks-cs.ch\\\/fr\\\/\",\"logo\":{\"@type\":\"ImageObject\",\"inLanguage\":\"fr-FR\",\"@id\":\"https:\\\/\\\/ks-cs.ch\\\/fr\\\/#\\\/schema\\\/logo\\\/image\\\/\",\"url\":\"https:\\\/\\\/ks-cs.ch\\\/wp-content\\\/uploads\\\/2022\\\/12\\\/Logo-Social-Media-1.jpg\",\"contentUrl\":\"https:\\\/\\\/ks-cs.ch\\\/wp-content\\\/uploads\\\/2022\\\/12\\\/Logo-Social-Media-1.jpg\",\"width\":709,\"height\":608,\"caption\":\"KS\\\/CS Kommunikation Schweiz\"},\"image\":{\"@id\":\"https:\\\/\\\/ks-cs.ch\\\/fr\\\/#\\\/schema\\\/logo\\\/image\\\/\"},\"sameAs\":[\"https:\\\/\\\/www.linkedin.com\\\/company\\\/kommunikation-schweiz-communication-suisse-comunicazione-svizzera-communication-switzerland\\\/\"]},{\"@type\":\"Person\",\"@id\":\"https:\\\/\\\/ks-cs.ch\\\/fr\\\/#\\\/schema\\\/person\\\/757c9eea7858086d44d1a415e371e005\",\"name\":\"Hendrik Fischer\",\"image\":{\"@type\":\"ImageObject\",\"inLanguage\":\"fr-FR\",\"@id\":\"https:\\\/\\\/secure.gravatar.com\\\/avatar\\\/53cc83626804a21e731fe1b5f49d38c46710f65192dda8fbe5b5fe16ad0804b8?s=96&d=mm&r=g\",\"url\":\"https:\\\/\\\/secure.gravatar.com\\\/avatar\\\/53cc83626804a21e731fe1b5f49d38c46710f65192dda8fbe5b5fe16ad0804b8?s=96&d=mm&r=g\",\"contentUrl\":\"https:\\\/\\\/secure.gravatar.com\\\/avatar\\\/53cc83626804a21e731fe1b5f49d38c46710f65192dda8fbe5b5fe16ad0804b8?s=96&d=mm&r=g\",\"caption\":\"Hendrik Fischer\"}}]}<\/script>\n<!-- \/ Yoast SEO plugin. -->","yoast_head_json":{"title":"48 nouveaux sp\u00e9cialistes en communication obtiennent leur brevet f\u00e9d\u00e9ral - KS\/CS Communication Suisse","description":"48 nouveaux sp\u00e9cialistes en communication ont re\u00e7u leur brevet f\u00e9d\u00e9ral \u00e0 la Farelhaus de Bienne. Le secteur de la publicit\u00e9 peut se r\u00e9jouir de l'arriv\u00e9e de nouveaux experts qualifi\u00e9s dans les 3 r\u00e9gions linguistiques.","robots":{"index":"index","follow":"follow","max-snippet":"max-snippet:-1","max-image-preview":"max-image-preview:large","max-video-preview":"max-video-preview:-1"},"canonical":"https:\/\/ks-cs.ch\/fr\/48-nouveaux-specialistes-en-communication-obtiennent-leur-brevet-federal\/","og_locale":"fr_FR","og_type":"article","og_title":"48 nouveaux sp\u00e9cialistes en communication obtiennent leur brevet f\u00e9d\u00e9ral - KS\/CS Communication Suisse","og_description":"48 nouveaux sp\u00e9cialistes en communication ont re\u00e7u leur brevet f\u00e9d\u00e9ral \u00e0 la Farelhaus de Bienne. Le secteur de la publicit\u00e9 peut se r\u00e9jouir de l'arriv\u00e9e de nouveaux experts qualifi\u00e9s dans les 3 r\u00e9gions linguistiques.","og_url":"https:\/\/ks-cs.ch\/fr\/48-nouveaux-specialistes-en-communication-obtiennent-leur-brevet-federal\/","og_site_name":"KS\/CS Communication Suisse","article_published_time":"2025-08-29T06:38:39+00:00","article_modified_time":"2025-09-01T14:23:51+00:00","og_image":[{"width":2560,"height":1707,"url":"https:\/\/ks-cs.ch\/wp-content\/uploads\/2025\/08\/KS_CS_Diplomfeier_2025-scaled.jpg","type":"image\/jpeg"}],"author":"Hendrik Fischer","twitter_card":"summary_large_image","twitter_misc":{"\u00c9crit par":"Hendrik Fischer","Dur\u00e9e de lecture estim\u00e9e":"4 minutes"},"schema":{"@context":"https:\/\/schema.org","@graph":[{"@type":"Article","@id":"https:\/\/ks-cs.ch\/fr\/48-nouveaux-specialistes-en-communication-obtiennent-leur-brevet-federal\/#article","isPartOf":{"@id":"https:\/\/ks-cs.ch\/fr\/48-nouveaux-specialistes-en-communication-obtiennent-leur-brevet-federal\/"},"author":{"name":"Hendrik Fischer","@id":"https:\/\/ks-cs.ch\/fr\/#\/schema\/person\/757c9eea7858086d44d1a415e371e005"},"headline":"48 nouveaux sp\u00e9cialistes en communication obtiennent leur brevet f\u00e9d\u00e9ral","datePublished":"2025-08-29T06:38:39+00:00","dateModified":"2025-09-01T14:23:51+00:00","mainEntityOfPage":{"@id":"https:\/\/ks-cs.ch\/fr\/48-nouveaux-specialistes-en-communication-obtiennent-leur-brevet-federal\/"},"wordCount":703,"publisher":{"@id":"https:\/\/ks-cs.ch\/fr\/#organization"},"image":{"@id":"https:\/\/ks-cs.ch\/fr\/48-nouveaux-specialistes-en-communication-obtiennent-leur-brevet-federal\/#primaryimage"},"thumbnailUrl":"https:\/\/ks-cs.ch\/wp-content\/uploads\/2025\/08\/KS_CS_Diplomfeier_2025-1024x683.jpg","articleSection":["Communiqu\u00e9 de presse"],"inLanguage":"fr-FR"},{"@type":"WebPage","@id":"https:\/\/ks-cs.ch\/fr\/48-nouveaux-specialistes-en-communication-obtiennent-leur-brevet-federal\/","url":"https:\/\/ks-cs.ch\/fr\/48-nouveaux-specialistes-en-communication-obtiennent-leur-brevet-federal\/","name":"48 nouveaux sp\u00e9cialistes en communication obtiennent leur brevet f\u00e9d\u00e9ral - KS\/CS Communication Suisse","isPartOf":{"@id":"https:\/\/ks-cs.ch\/fr\/#website"},"primaryImageOfPage":{"@id":"https:\/\/ks-cs.ch\/fr\/48-nouveaux-specialistes-en-communication-obtiennent-leur-brevet-federal\/#primaryimage"},"image":{"@id":"https:\/\/ks-cs.ch\/fr\/48-nouveaux-specialistes-en-communication-obtiennent-leur-brevet-federal\/#primaryimage"},"thumbnailUrl":"https:\/\/ks-cs.ch\/wp-content\/uploads\/2025\/08\/KS_CS_Diplomfeier_2025-1024x683.jpg","datePublished":"2025-08-29T06:38:39+00:00","dateModified":"2025-09-01T14:23:51+00:00","description":"48 nouveaux sp\u00e9cialistes en communication ont re\u00e7u leur brevet f\u00e9d\u00e9ral \u00e0 la Farelhaus de Bienne. Le secteur de la publicit\u00e9 peut se r\u00e9jouir de l'arriv\u00e9e de nouveaux experts qualifi\u00e9s dans les 3 r\u00e9gions linguistiques.","breadcrumb":{"@id":"https:\/\/ks-cs.ch\/fr\/48-nouveaux-specialistes-en-communication-obtiennent-leur-brevet-federal\/#breadcrumb"},"inLanguage":"fr-FR","potentialAction":[{"@type":"ReadAction","target":["https:\/\/ks-cs.ch\/fr\/48-nouveaux-specialistes-en-communication-obtiennent-leur-brevet-federal\/"]}]},{"@type":"ImageObject","inLanguage":"fr-FR","@id":"https:\/\/ks-cs.ch\/fr\/48-nouveaux-specialistes-en-communication-obtiennent-leur-brevet-federal\/#primaryimage","url":"https:\/\/ks-cs.ch\/wp-content\/uploads\/2025\/08\/KS_CS_Diplomfeier_2025-1024x683.jpg","contentUrl":"https:\/\/ks-cs.ch\/wp-content\/uploads\/2025\/08\/KS_CS_Diplomfeier_2025-1024x683.jpg"},{"@type":"BreadcrumbList","@id":"https:\/\/ks-cs.ch\/fr\/48-nouveaux-specialistes-en-communication-obtiennent-leur-brevet-federal\/#breadcrumb","itemListElement":[{"@type":"ListItem","position":1,"name":"Home","item":"https:\/\/ks-cs.ch\/fr\/"},{"@type":"ListItem","position":2,"name":"48 nouveaux sp\u00e9cialistes en communication obtiennent leur brevet f\u00e9d\u00e9ral"}]},{"@type":"WebSite","@id":"https:\/\/ks-cs.ch\/fr\/#website","url":"https:\/\/ks-cs.ch\/fr\/","name":"KS\/CS Kommunikation Schweiz","description":"Association des communications commerciales","publisher":{"@id":"https:\/\/ks-cs.ch\/fr\/#organization"},"potentialAction":[{"@type":"SearchAction","target":{"@type":"EntryPoint","urlTemplate":"https:\/\/ks-cs.ch\/fr\/?s={search_term_string}"},"query-input":{"@type":"PropertyValueSpecification","valueRequired":true,"valueName":"search_term_string"}}],"inLanguage":"fr-FR"},{"@type":"Organization","@id":"https:\/\/ks-cs.ch\/fr\/#organization","name":"KS\/CS Kommunikation Schweiz","url":"https:\/\/ks-cs.ch\/fr\/","logo":{"@type":"ImageObject","inLanguage":"fr-FR","@id":"https:\/\/ks-cs.ch\/fr\/#\/schema\/logo\/image\/","url":"https:\/\/ks-cs.ch\/wp-content\/uploads\/2022\/12\/Logo-Social-Media-1.jpg","contentUrl":"https:\/\/ks-cs.ch\/wp-content\/uploads\/2022\/12\/Logo-Social-Media-1.jpg","width":709,"height":608,"caption":"KS\/CS Kommunikation Schweiz"},"image":{"@id":"https:\/\/ks-cs.ch\/fr\/#\/schema\/logo\/image\/"},"sameAs":["https:\/\/www.linkedin.com\/company\/kommunikation-schweiz-communication-suisse-comunicazione-svizzera-communication-switzerland\/"]},{"@type":"Person","@id":"https:\/\/ks-cs.ch\/fr\/#\/schema\/person\/757c9eea7858086d44d1a415e371e005","name":"Hendrik Fischer","image":{"@type":"ImageObject","inLanguage":"fr-FR","@id":"https:\/\/secure.gravatar.com\/avatar\/53cc83626804a21e731fe1b5f49d38c46710f65192dda8fbe5b5fe16ad0804b8?s=96&d=mm&r=g","url":"https:\/\/secure.gravatar.com\/avatar\/53cc83626804a21e731fe1b5f49d38c46710f65192dda8fbe5b5fe16ad0804b8?s=96&d=mm&r=g","contentUrl":"https:\/\/secure.gravatar.com\/avatar\/53cc83626804a21e731fe1b5f49d38c46710f65192dda8fbe5b5fe16ad0804b8?s=96&d=mm&r=g","caption":"Hendrik Fischer"}}]}},"publishpress_future_action":{"enabled":false,"date":"2026-05-04 14:42:46","action":"change-status","newStatus":"draft","terms":[],"taxonomy":"category","extraData":[]},"publishpress_future_workflow_manual_trigger":{"enabledWorkflows":[]},"_links":{"self":[{"href":"https:\/\/ks-cs.ch\/fr\/wp-json\/wp\/v2\/posts\/8130","targetHints":{"allow":["GET"]}}],"collection":[{"href":"https:\/\/ks-cs.ch\/fr\/wp-json\/wp\/v2\/posts"}],"about":[{"href":"https:\/\/ks-cs.ch\/fr\/wp-json\/wp\/v2\/types\/post"}],"author":[{"embeddable":true,"href":"https:\/\/ks-cs.ch\/fr\/wp-json\/wp\/v2\/users\/5"}],"replies":[{"embeddable":true,"href":"https:\/\/ks-cs.ch\/fr\/wp-json\/wp\/v2\/comments?post=8130"}],"version-history":[{"count":5,"href":"https:\/\/ks-cs.ch\/fr\/wp-json\/wp\/v2\/posts\/8130\/revisions"}],"predecessor-version":[{"id":8145,"href":"https:\/\/ks-cs.ch\/fr\/wp-json\/wp\/v2\/posts\/8130\/revisions\/8145"}],"wp:attachment":[{"href":"https:\/\/ks-cs.ch\/fr\/wp-json\/wp\/v2\/media?parent=8130"}],"wp:term":[{"taxonomy":"category","embeddable":true,"href":"https:\/\/ks-cs.ch\/fr\/wp-json\/wp\/v2\/categories?post=8130"},{"taxonomy":"post_tag","embeddable":true,"href":"https:\/\/ks-cs.ch\/fr\/wp-json\/wp\/v2\/tags?post=8130"}],"curies":[{"name":"wp","href":"https:\/\/api.w.org\/{rel}","templated":true}]}}