{"id":7101,"date":"2025-03-05T10:11:49","date_gmt":"2025-03-05T09:11:49","guid":{"rendered":"https:\/\/ks-cs.ch\/?p=7101"},"modified":"2025-03-07T17:01:42","modified_gmt":"2025-03-07T16:01:42","slug":"premieres-decisions-de-la-session","status":"publish","type":"post","link":"https:\/\/ks-cs.ch\/fr\/premieres-decisions-de-la-session\/","title":{"rendered":"News-Politiques : Premi\u00e8res d\u00e9cisions de la session!"},"content":{"rendered":"<h2>ACTUALIT\u00c9S<\/h2>\n<hr>\n<h4>Le Parlement se met d&rsquo;accord sur le soutien indirect \u00e0 la presse<\/h4>\n<p><a href=\"https:\/\/www.rts.ch\/info\/suisse\/2025\/article\/aide-a-la-presse-35-millions-supplementaires-pour-les-medias-regionaux-28810754.html\" target=\"_blank\" rel=\"noopener\" data-saferedirecturl=\"https:\/\/www.google.com\/url?q=https:\/\/d2-gws04.eu1.hubspotlinksstarter.com\/Ctc\/5F%2B113\/d2-gws04\/VW7FLl1pbnCnVTx6py17xX2sW69sl4k5sP2-bN9k7M905kBVqW5BWr2F6lZ3nkW37ThFY3nQSg8W6j-9852Dvxn0N1zTxd-5cHP1W34nmmw3JdTv3W17t9rd35MQ65N3ygWrzDN2s4W8LF-gZ2t08NqN8lyw9j9r6vRW1G7-lM5S79qZW988tKd9d_T1KW9cL-5s6cs5_PW6fGHLb7Ws-2_W50RRYc8gRM2-W5sjXbV7tTp-ZW5t1_lP3lwC26W86D95M7V8__tW3Bn8nh95BgQSW5yWGrW20W8TNVpcGh99hwXvhW16Mkmj8zCv9RW1v6g1B8hKkvhVW3_Yq6DVHpCW2PjzrZ1LtB5tW8q2JND7g9CNTW8yhMsF6yG_cWW8rpQC880s5k6W6Y6YYP7WR5fzW53RxJV8hR4BXW1hMYDZ7RQYs0W8XR8v_3fr_fnW2tQW0p4_gxF5W88ChY25Q0wsnW8HD54N7w1jdcW3vKL8s34jCf2f7bhqkP04&amp;source=gmail&amp;ust=1741267889961000&amp;usg=AOvVaw3b7IzYRzl7nhJK01dV5XC5\"><img decoding=\"async\" class=\"CToWUd\" title=\"\" src=\"https:\/\/ci3.googleusercontent.com\/meips\/ADKq_Na8qbvJEHz0ITUMvxuF5DCiCgC7jKIxvhpbBZECcjkx5MJJ9tpzvhzQ3dIMiVxi6tAJjDJgoSsE0uZNqlaSWCbHwPOZ8MlUOdnyhclhoRpP_fty0MgwL2AKEgCtJ1dqOw7igT3pYKosgqlcx5AdP14weLwfbPHXV6BbghWJOuo2agM0DzfqZekp4La_oIJlsxyqot389hFyHaz_06LPGHDEltBrNEkhcl7SwwAMunoRnMwUHDA=s0-d-e1-ft#https:\/\/cy1er32c.cloudimg.io\/v7\/https:\/\/storage.googleapis.com\/scope-private-article-images\/privatearticleimage-213894-1741157994751.jpg?func=crop&amp;w=600&amp;h=375\" alt=\"\" width=\"672\" height=\"420\" data-bit=\"iit\"><\/a><\/p>\n<p>Le Conseil national et le Conseil des \u00c9tats ont pu aplanir leurs divergences concernant le futur soutien indirect \u00e0 la presse. Le Conseil national s&rsquo;est ralli\u00e9 \u00e0 la position de la Chambre haute sur <a href=\"https:\/\/www.persoenlich.com\/medien\/parlament-einigt-sich-bei-der-indirekten-presseforderung\" target=\"_blank\" rel=\"noopener\">3 points controvers\u00e9s<\/a>. Ainsi, la distribution quotidienne des journaux et hebdomadaires de la presse r\u00e9gionale et locale sera augment\u00e9e de 10 millions de francs par an pendant sept ans, et la distribution matinale des quotidiens et hebdomadaires en abonnement les jours ouvrables sera subventionn\u00e9e \u00e0 hauteur de 25 millions de francs par an. Les r\u00e9ductions pour la distribution de produits de la presse associative et de la presse des fondations ne sont pas supprim\u00e9es. KS\/CS salue la d\u00e9cision de renforcer cette importante mesure de soutien pour les sept prochaines ann\u00e9es. Le projet de loi doit maintenant \u00eatre soumis au vote des 2 chambres f\u00e9d\u00e9rales \u00e0 la fin de la session de ce printemps.<br \/>\n<a href=\"https:\/\/www.rts.ch\/info\/suisse\/2025\/article\/aide-a-la-presse-35-millions-supplementaires-pour-les-medias-regionaux-28810754.html\" target=\"_blank\" rel=\"noopener\">Plus&#8230;<\/a><\/p>\n<h2>Nouvelles de la Berne f\u00e9d\u00e9rale<\/h2>\n<hr>\n<h4>Tabac: le Conseil national veut conserver des \u00e9l\u00e9ments \u00e9trangers au projet<\/h4>\n<h4><a style=\"color: #00a4bd;\" href=\"https:\/\/www.parlament.ch\/de\/services\/news\/Seiten\/2025\/20250303190210913194158159026_bsd148.aspx\" target=\"_blank\" rel=\"noopener\" data-saferedirecturl=\"https:\/\/www.google.com\/url?q=https:\/\/d2-gws04.eu1.hubspotlinksstarter.com\/Ctc\/5F%2B113\/d2-gws04\/VX0YDZ2pnmrqN2hv6gGDZxnHW5g6HvJ5sM5JjN6tf6Yl3m2ndW95jsWP6lZ3nbW8B_vvY25dQpsW6gLCsc1hDCKNW9kfVk09d5F31N7XfbrCRz9HhW2sRSlX7KPDVXW4qLvHg1vVpxvW3mpw3014yGM8VKZQTF4hMLQJW4WvPr_7Wtnd8W7k39721SVGBKV1Qhsc44-rSfW3C5YYZ6qBQGXW69C2W-287Pq1W6TyNp75JBG9WW6lfFJR2zZMhLW36DCt01m-jLYW6SykFz7b-B9PVmG7-18_skY_W2GPWgx3Q9xSyN3rtVYVxXJZ5W2QBQwZ6DSSjhW4rD30C1VJc6hW79t3qp9060jLW2hZz3b997nMdW9gGGTg8n_BY0W5z4_dg4KkhtNW24fdmg6V9C92W3GxTCy6VszTdW86w4Jq5cs8jwW8KPKz_6v_-s2f3lfMlx04&amp;source=gmail&amp;ust=1741248122464000&amp;usg=AOvVaw2C5_GiKSjHe6QcnTfByKPM\"><img decoding=\"async\" class=\"CToWUd\" style=\"border: 0px none; display: block; outline: none; text-decoration: none; height: 421px; width: 673px; font-size: 13px;\" title=\"\" src=\"https:\/\/ci3.googleusercontent.com\/meips\/ADKq_NaG9EU48wFAWXCYi0diX69V2Fe-4F3rALbn_dbnbgID4WmJ5Ex6a6z8OTkbfNGoYfPsNr3oWLaCFX7k98r3vNTiv-Ic5F_WYBfe6mP1kF9xw-qVlVDrTJLsl7gdnZSZ7QhX3AyY1jhni0BpEIA2HLfore6GWmH0RNEqPie97Xcv9ZN4wPYwdsRFm6OE5RzAhgpTM_Iuw6U50X4JCZcCOpXHYXF_uImxXaqLWxONDnlMaA=s0-d-e1-ft#https:\/\/cy1er32c.cloudimg.io\/v7\/https:\/\/storage.googleapis.com\/scope-component-related-images\/componentimage-20815-1741086514967.jpg?func=crop&amp;w=600&amp;h=375\" alt=\"\" width=\"550\" height=\"auto\" data-bit=\"iit\"><\/a><\/h4>\n<p>Le Conseil national continue de d\u00e9passer en partie la volont\u00e9 du peuple dans la mise en \u0153uvre de l&rsquo;initiative populaire \u00ab Enfants et adolescents sans publicit\u00e9 pour le tabac \u00bb adopt\u00e9e en 2022. Par exemple, les \u00ab r\u00e9f\u00e9rences \u00e0 la promotion des ventes ou au parrainage \u00bb des produits du tabac devraient \u00eatre interdites. Dans les produits de presse, le Conseil national ne veut autoriser la publicit\u00e9 pour le tabac que si au moins 98 % des lecteurs sont des adultes et que la publicit\u00e9 n&rsquo;appara\u00eet qu&rsquo;\u00e0 l&rsquo;int\u00e9rieur de la publication concern\u00e9e. \u00c0 premi\u00e8re vue, cela pourrait \u00eatre qualifi\u00e9 de compromis. Dans la pratique, ce seuil de 98 % signifierait de facto la fin de la publicit\u00e9 pour le tabac dans les journaux destin\u00e9s aux adultes. Le Conseil national poursuivra le d\u00e9bat sur cette question le 13 mars. KS\/CS s&rsquo;engage en faveur d&rsquo;une mise en \u0153uvre qui corresponde \u00e0 l&rsquo;id\u00e9e premi\u00e8re de l&rsquo;initiative et qui n&rsquo;aboutisse pas \u00e0 une interdiction totale de la publicit\u00e9.<br \/>\n<a href=\"https:\/\/www.parlament.ch\/de\/services\/news\/Seiten\/2025\/20250303190210913194158159026_bsd148.aspx\" target=\"_blank\" rel=\"noopener\">Plus&#8230;<\/a><\/p>\n<h2>Actualit\u00e9s du monde de l&rsquo;industrie<\/h2>\n<hr>\n<h4>R\u00e9glementation de l&rsquo;IA: le Conseil f\u00e9d\u00e9ral veut ratifier la Convention du Conseil de l&rsquo;Europe<\/h4>\n<p><a style=\"color: #00a4bd;\" href=\"https:\/\/www.admin.ch\/gov\/fr\/accueil\/documentation\/communiques.msg-id-104110.html\" target=\"_blank\" rel=\"noopener\" data-saferedirecturl=\"https:\/\/www.google.com\/url?q=https:\/\/d2-gws04.eu1.hubspotlinksstarter.com\/Ctc\/5F%2B113\/d2-gws04\/VX0YDZ2pnmrqN2hv6gGDZxnHW5g6HvJ5sM5JjN6tf6Y23m2ndW8wLKSR6lZ3mQW1n_fq698k_WvW4ls_-l36f8slW3wY9Qr4gwBRLW57qvp-30LVzSW1jBhfk1zYrtmW5qgmV31d6sXjW8m3WR78HgklvW8z5rzr8nCNMHVWjB4y77X90rW6DD2PX6Ks3MmW2nfwQL4ZvLx_VVp9zn5sqz-RW6jwwch5m21XxW71c5DJ67ysk9W8MVJQz6vNN0NW6X0vRY56Hj28W1Q1WqL6tP2lBW82qswp1m3drlW6jnrS64TXmZ0W6BgDrF7PY9p5W4z_ZZv63gBvrW15nDDG1rQxDLW4rPcS174m4k_LQhzN5p2GWW81CyZX7c1mlCW374qk01hH2RCW858ZSk4nwzcKW7JKpPj2Kvdssf5w94Dl04&amp;source=gmail&amp;ust=1741248122464000&amp;usg=AOvVaw2ionVJy8ES-G8NzIFcTpBn\"><img decoding=\"async\" class=\"CToWUd\" style=\"border: 0px none; display: block; outline: none; text-decoration: none; height: 421px; width: 673px; font-size: 13px;\" title=\"\" src=\"https:\/\/ci3.googleusercontent.com\/meips\/ADKq_NZkqqx4KCf_aVOipmlebkHkTLM-y5xlaOrdzAcuIDto8btVfH_eo7fPGODnufFqnIo75NLEAevSNwN99qXUiFuTdM6ubnqd84rdSPjyFBaYk2HUtKQO6dVu-6vTP6lqS-7_0yaw2steh7GJioqvuXodf3gt_OHsQcaD54HPJwkT5VoDjmUs4-_fbzmr5qkEeqabxB4qmif4xj6PDxZaZZPiFzA9V_UGU7xAz838zDuHzw=s0-d-e1-ft#https:\/\/cy1er32c.cloudimg.io\/v7\/https:\/\/storage.googleapis.com\/scope-component-related-images\/componentimage-20815-1741087617046.jpg?func=crop&amp;w=600&amp;h=375\" alt=\"\" width=\"550\" height=\"auto\" data-bit=\"iit\"><\/a><\/p>\n<p>\u00c0 la mi-f\u00e9vrier, le Conseil f\u00e9d\u00e9ral a pr\u00e9sent\u00e9 son analyse compl\u00e8te et attendue sur la r\u00e9glementation de l&rsquo;intelligence artificielle (IA) en Suisse et a pris une d\u00e9cision d&rsquo;orientation r\u00e9glementaire. KS\/CS salue la d\u00e9cision du Conseil f\u00e9d\u00e9ral de limiter les interventions r\u00e9glementaires \u00e0 des ajustements ponctuels dans des lois sp\u00e9cifiques. Il est \u00e9galement positif que le Conseil f\u00e9d\u00e9ral souhaite, en plus de la voie l\u00e9gale, prendre des mesures telles que des accords sectoriels ou des obligations d&rsquo;autod\u00e9claration.<br \/>\n<a href=\"https:\/\/www.admin.ch\/gov\/fr\/accueil\/documentation\/communiques.msg-id-104110.html\" target=\"_blank\" rel=\"noopener\">Plus&#8230;<\/a><\/p>\n<p>&nbsp;<\/p>\n<h3 style=\"text-align: center;\"><a class=\"fasc-button fasc-size-large fasc-type-flat fasc-rounded-medium fasc-style-bold\" style=\"background-color: #ae1419; color: #ffffff;\" target=\"_blank\" rel=\"noopener\" href=\"https:\/\/ks-cs.ch\/fr\/bulletin-dinformation\/\">S&rsquo;abonner maintenant<\/a><\/h3>\n","protected":false},"excerpt":{"rendered":"<p>Le 3 mars, la session de printemps du Parlement f\u00e9d\u00e9ral d\u00e9bute. KS\/CS a \u00e9labor\u00e9 une prise de position sur cinq dossiers importants pour la publicit\u00e9. L&rsquo;association a ainsi fait entendre la voix de la branche publicitaire \u00e0 Berne. Nous pr\u00e9sentons ci-dessous tous les d\u00e9tails.<\/p>\n","protected":false},"author":10,"featured_media":0,"comment_status":"closed","ping_status":"open","sticky":false,"template":"","format":"standard","meta":{"content-type":"","footnotes":""},"categories":[12],"tags":[],"class_list":["post-7101","post","type-post","status-publish","format-standard","hentry","category-nouvelles"],"yoast_head":"<!-- This site is optimized with the Yoast SEO plugin v27.5 - https:\/\/yoast.com\/product\/yoast-seo-wordpress\/ -->\n<title>News-Politiques : Premi\u00e8res d\u00e9cisions de la session! - KS\/CS Communication Suisse<\/title>\n<meta name=\"description\" content=\"La session d&#039;hiver des Chambres f\u00e9d\u00e9rales. KS\/CS a \u00e9labor\u00e9 des prises positions sur 4 dossiers importants qui concerne la publicit\u00e9.\" \/>\n<meta name=\"robots\" content=\"index, follow, max-snippet:-1, max-image-preview:large, max-video-preview:-1\" \/>\n<link rel=\"canonical\" href=\"https:\/\/ks-cs.ch\/fr\/premieres-decisions-de-la-session\/\" \/>\n<meta property=\"og:locale\" content=\"fr_FR\" \/>\n<meta property=\"og:type\" content=\"article\" \/>\n<meta property=\"og:title\" content=\"News-Politiques : Premi\u00e8res d\u00e9cisions de la session! - KS\/CS Communication Suisse\" \/>\n<meta property=\"og:description\" content=\"La session d&#039;hiver des Chambres f\u00e9d\u00e9rales. KS\/CS a \u00e9labor\u00e9 des prises positions sur 4 dossiers importants qui concerne la publicit\u00e9.\" \/>\n<meta property=\"og:url\" content=\"https:\/\/ks-cs.ch\/fr\/premieres-decisions-de-la-session\/\" \/>\n<meta property=\"og:site_name\" content=\"KS\/CS Communication Suisse\" \/>\n<meta property=\"article:published_time\" content=\"2025-03-05T09:11:49+00:00\" \/>\n<meta property=\"article:modified_time\" content=\"2025-03-07T16:01:42+00:00\" \/>\n<meta property=\"og:image\" content=\"https:\/\/ci3.googleusercontent.com\/meips\/ADKq_Na8qbvJEHz0ITUMvxuF5DCiCgC7jKIxvhpbBZECcjkx5MJJ9tpzvhzQ3dIMiVxi6tAJjDJgoSsE0uZNqlaSWCbHwPOZ8MlUOdnyhclhoRpP_fty0MgwL2AKEgCtJ1dqOw7igT3pYKosgqlcx5AdP14weLwfbPHXV6BbghWJOuo2agM0DzfqZekp4La_oIJlsxyqot389hFyHaz_06LPGHDEltBrNEkhcl7SwwAMunoRnMwUHDA=s0-d-e1-ft#https:\/\/cy1er32c.cloudimg.io\/v7\/https:\/\/storage.googleapis.com\/scope-private-article-images\/privatearticleimage-213894-1741157994751.jpg?func=crop&amp;w=600&amp;h=375\" \/>\n<meta name=\"author\" content=\"Nino B\u00e4nninger\" \/>\n<meta name=\"twitter:card\" content=\"summary_large_image\" \/>\n<meta name=\"twitter:label1\" content=\"\u00c9crit par\" \/>\n\t<meta name=\"twitter:data1\" content=\"Nino B\u00e4nninger\" \/>\n\t<meta name=\"twitter:label2\" content=\"Dur\u00e9e de lecture estim\u00e9e\" \/>\n\t<meta name=\"twitter:data2\" content=\"4 minutes\" \/>\n<script type=\"application\/ld+json\" class=\"yoast-schema-graph\">{\"@context\":\"https:\\\/\\\/schema.org\",\"@graph\":[{\"@type\":\"Article\",\"@id\":\"https:\\\/\\\/ks-cs.ch\\\/fr\\\/premieres-decisions-de-la-session\\\/#article\",\"isPartOf\":{\"@id\":\"https:\\\/\\\/ks-cs.ch\\\/fr\\\/premieres-decisions-de-la-session\\\/\"},\"author\":{\"name\":\"Nino B\u00e4nninger\",\"@id\":\"https:\\\/\\\/ks-cs.ch\\\/fr\\\/#\\\/schema\\\/person\\\/3062fc9c386b90a7fbc748bc6c4d030c\"},\"headline\":\"News-Politiques : Premi\u00e8res d\u00e9cisions de la session!\",\"datePublished\":\"2025-03-05T09:11:49+00:00\",\"dateModified\":\"2025-03-07T16:01:42+00:00\",\"mainEntityOfPage\":{\"@id\":\"https:\\\/\\\/ks-cs.ch\\\/fr\\\/premieres-decisions-de-la-session\\\/\"},\"wordCount\":474,\"publisher\":{\"@id\":\"https:\\\/\\\/ks-cs.ch\\\/fr\\\/#organization\"},\"image\":{\"@id\":\"https:\\\/\\\/ks-cs.ch\\\/fr\\\/premieres-decisions-de-la-session\\\/#primaryimage\"},\"thumbnailUrl\":\"https:\\\/\\\/ci3.googleusercontent.com\\\/meips\\\/ADKq_Na8qbvJEHz0ITUMvxuF5DCiCgC7jKIxvhpbBZECcjkx5MJJ9tpzvhzQ3dIMiVxi6tAJjDJgoSsE0uZNqlaSWCbHwPOZ8MlUOdnyhclhoRpP_fty0MgwL2AKEgCtJ1dqOw7igT3pYKosgqlcx5AdP14weLwfbPHXV6BbghWJOuo2agM0DzfqZekp4La_oIJlsxyqot389hFyHaz_06LPGHDEltBrNEkhcl7SwwAMunoRnMwUHDA=s0-d-e1-ft#https:\\\/\\\/cy1er32c.cloudimg.io\\\/v7\\\/https:\\\/\\\/storage.googleapis.com\\\/scope-private-article-images\\\/privatearticleimage-213894-1741157994751.jpg?func=crop&amp;w=600&amp;h=375\",\"articleSection\":[\"Nouvelles\"],\"inLanguage\":\"fr-FR\"},{\"@type\":\"WebPage\",\"@id\":\"https:\\\/\\\/ks-cs.ch\\\/fr\\\/premieres-decisions-de-la-session\\\/\",\"url\":\"https:\\\/\\\/ks-cs.ch\\\/fr\\\/premieres-decisions-de-la-session\\\/\",\"name\":\"News-Politiques : Premi\u00e8res d\u00e9cisions de la session! - KS\\\/CS Communication Suisse\",\"isPartOf\":{\"@id\":\"https:\\\/\\\/ks-cs.ch\\\/fr\\\/#website\"},\"primaryImageOfPage\":{\"@id\":\"https:\\\/\\\/ks-cs.ch\\\/fr\\\/premieres-decisions-de-la-session\\\/#primaryimage\"},\"image\":{\"@id\":\"https:\\\/\\\/ks-cs.ch\\\/fr\\\/premieres-decisions-de-la-session\\\/#primaryimage\"},\"thumbnailUrl\":\"https:\\\/\\\/ci3.googleusercontent.com\\\/meips\\\/ADKq_Na8qbvJEHz0ITUMvxuF5DCiCgC7jKIxvhpbBZECcjkx5MJJ9tpzvhzQ3dIMiVxi6tAJjDJgoSsE0uZNqlaSWCbHwPOZ8MlUOdnyhclhoRpP_fty0MgwL2AKEgCtJ1dqOw7igT3pYKosgqlcx5AdP14weLwfbPHXV6BbghWJOuo2agM0DzfqZekp4La_oIJlsxyqot389hFyHaz_06LPGHDEltBrNEkhcl7SwwAMunoRnMwUHDA=s0-d-e1-ft#https:\\\/\\\/cy1er32c.cloudimg.io\\\/v7\\\/https:\\\/\\\/storage.googleapis.com\\\/scope-private-article-images\\\/privatearticleimage-213894-1741157994751.jpg?func=crop&amp;w=600&amp;h=375\",\"datePublished\":\"2025-03-05T09:11:49+00:00\",\"dateModified\":\"2025-03-07T16:01:42+00:00\",\"description\":\"La session d'hiver des Chambres f\u00e9d\u00e9rales. KS\\\/CS a \u00e9labor\u00e9 des prises positions sur 4 dossiers importants qui concerne la publicit\u00e9.\",\"breadcrumb\":{\"@id\":\"https:\\\/\\\/ks-cs.ch\\\/fr\\\/premieres-decisions-de-la-session\\\/#breadcrumb\"},\"inLanguage\":\"fr-FR\",\"potentialAction\":[{\"@type\":\"ReadAction\",\"target\":[\"https:\\\/\\\/ks-cs.ch\\\/fr\\\/premieres-decisions-de-la-session\\\/\"]}]},{\"@type\":\"ImageObject\",\"inLanguage\":\"fr-FR\",\"@id\":\"https:\\\/\\\/ks-cs.ch\\\/fr\\\/premieres-decisions-de-la-session\\\/#primaryimage\",\"url\":\"https:\\\/\\\/ci3.googleusercontent.com\\\/meips\\\/ADKq_Na8qbvJEHz0ITUMvxuF5DCiCgC7jKIxvhpbBZECcjkx5MJJ9tpzvhzQ3dIMiVxi6tAJjDJgoSsE0uZNqlaSWCbHwPOZ8MlUOdnyhclhoRpP_fty0MgwL2AKEgCtJ1dqOw7igT3pYKosgqlcx5AdP14weLwfbPHXV6BbghWJOuo2agM0DzfqZekp4La_oIJlsxyqot389hFyHaz_06LPGHDEltBrNEkhcl7SwwAMunoRnMwUHDA=s0-d-e1-ft#https:\\\/\\\/cy1er32c.cloudimg.io\\\/v7\\\/https:\\\/\\\/storage.googleapis.com\\\/scope-private-article-images\\\/privatearticleimage-213894-1741157994751.jpg?func=crop&amp;w=600&amp;h=375\",\"contentUrl\":\"https:\\\/\\\/ci3.googleusercontent.com\\\/meips\\\/ADKq_Na8qbvJEHz0ITUMvxuF5DCiCgC7jKIxvhpbBZECcjkx5MJJ9tpzvhzQ3dIMiVxi6tAJjDJgoSsE0uZNqlaSWCbHwPOZ8MlUOdnyhclhoRpP_fty0MgwL2AKEgCtJ1dqOw7igT3pYKosgqlcx5AdP14weLwfbPHXV6BbghWJOuo2agM0DzfqZekp4La_oIJlsxyqot389hFyHaz_06LPGHDEltBrNEkhcl7SwwAMunoRnMwUHDA=s0-d-e1-ft#https:\\\/\\\/cy1er32c.cloudimg.io\\\/v7\\\/https:\\\/\\\/storage.googleapis.com\\\/scope-private-article-images\\\/privatearticleimage-213894-1741157994751.jpg?func=crop&amp;w=600&amp;h=375\"},{\"@type\":\"BreadcrumbList\",\"@id\":\"https:\\\/\\\/ks-cs.ch\\\/fr\\\/premieres-decisions-de-la-session\\\/#breadcrumb\",\"itemListElement\":[{\"@type\":\"ListItem\",\"position\":1,\"name\":\"Home\",\"item\":\"https:\\\/\\\/ks-cs.ch\\\/fr\\\/\"},{\"@type\":\"ListItem\",\"position\":2,\"name\":\"News-Politiques : Premi\u00e8res d\u00e9cisions de la session!\"}]},{\"@type\":\"WebSite\",\"@id\":\"https:\\\/\\\/ks-cs.ch\\\/fr\\\/#website\",\"url\":\"https:\\\/\\\/ks-cs.ch\\\/fr\\\/\",\"name\":\"KS\\\/CS Kommunikation Schweiz\",\"description\":\"Association des communications commerciales\",\"publisher\":{\"@id\":\"https:\\\/\\\/ks-cs.ch\\\/fr\\\/#organization\"},\"potentialAction\":[{\"@type\":\"SearchAction\",\"target\":{\"@type\":\"EntryPoint\",\"urlTemplate\":\"https:\\\/\\\/ks-cs.ch\\\/fr\\\/?s={search_term_string}\"},\"query-input\":{\"@type\":\"PropertyValueSpecification\",\"valueRequired\":true,\"valueName\":\"search_term_string\"}}],\"inLanguage\":\"fr-FR\"},{\"@type\":\"Organization\",\"@id\":\"https:\\\/\\\/ks-cs.ch\\\/fr\\\/#organization\",\"name\":\"KS\\\/CS Kommunikation Schweiz\",\"url\":\"https:\\\/\\\/ks-cs.ch\\\/fr\\\/\",\"logo\":{\"@type\":\"ImageObject\",\"inLanguage\":\"fr-FR\",\"@id\":\"https:\\\/\\\/ks-cs.ch\\\/fr\\\/#\\\/schema\\\/logo\\\/image\\\/\",\"url\":\"https:\\\/\\\/ks-cs.ch\\\/wp-content\\\/uploads\\\/2022\\\/12\\\/Logo-Social-Media-1.jpg\",\"contentUrl\":\"https:\\\/\\\/ks-cs.ch\\\/wp-content\\\/uploads\\\/2022\\\/12\\\/Logo-Social-Media-1.jpg\",\"width\":709,\"height\":608,\"caption\":\"KS\\\/CS Kommunikation Schweiz\"},\"image\":{\"@id\":\"https:\\\/\\\/ks-cs.ch\\\/fr\\\/#\\\/schema\\\/logo\\\/image\\\/\"},\"sameAs\":[\"https:\\\/\\\/www.linkedin.com\\\/company\\\/kommunikation-schweiz-communication-suisse-comunicazione-svizzera-communication-switzerland\\\/\"]},{\"@type\":\"Person\",\"@id\":\"https:\\\/\\\/ks-cs.ch\\\/fr\\\/#\\\/schema\\\/person\\\/3062fc9c386b90a7fbc748bc6c4d030c\",\"name\":\"Nino B\u00e4nninger\",\"image\":{\"@type\":\"ImageObject\",\"inLanguage\":\"fr-FR\",\"@id\":\"https:\\\/\\\/secure.gravatar.com\\\/avatar\\\/0df43b2fc2e3bdf6628a9a9448387955a943262941a06cfae7be6953f2c33962?s=96&d=mm&r=g\",\"url\":\"https:\\\/\\\/secure.gravatar.com\\\/avatar\\\/0df43b2fc2e3bdf6628a9a9448387955a943262941a06cfae7be6953f2c33962?s=96&d=mm&r=g\",\"contentUrl\":\"https:\\\/\\\/secure.gravatar.com\\\/avatar\\\/0df43b2fc2e3bdf6628a9a9448387955a943262941a06cfae7be6953f2c33962?s=96&d=mm&r=g\",\"caption\":\"Nino B\u00e4nninger\"}}]}<\/script>\n<!-- \/ Yoast SEO plugin. -->","yoast_head_json":{"title":"News-Politiques : Premi\u00e8res d\u00e9cisions de la session! - KS\/CS Communication Suisse","description":"La session d'hiver des Chambres f\u00e9d\u00e9rales. KS\/CS a \u00e9labor\u00e9 des prises positions sur 4 dossiers importants qui concerne la publicit\u00e9.","robots":{"index":"index","follow":"follow","max-snippet":"max-snippet:-1","max-image-preview":"max-image-preview:large","max-video-preview":"max-video-preview:-1"},"canonical":"https:\/\/ks-cs.ch\/fr\/premieres-decisions-de-la-session\/","og_locale":"fr_FR","og_type":"article","og_title":"News-Politiques : Premi\u00e8res d\u00e9cisions de la session! - KS\/CS Communication Suisse","og_description":"La session d'hiver des Chambres f\u00e9d\u00e9rales. KS\/CS a \u00e9labor\u00e9 des prises positions sur 4 dossiers importants qui concerne la publicit\u00e9.","og_url":"https:\/\/ks-cs.ch\/fr\/premieres-decisions-de-la-session\/","og_site_name":"KS\/CS Communication Suisse","article_published_time":"2025-03-05T09:11:49+00:00","article_modified_time":"2025-03-07T16:01:42+00:00","og_image":[{"url":"https:\/\/ci3.googleusercontent.com\/meips\/ADKq_Na8qbvJEHz0ITUMvxuF5DCiCgC7jKIxvhpbBZECcjkx5MJJ9tpzvhzQ3dIMiVxi6tAJjDJgoSsE0uZNqlaSWCbHwPOZ8MlUOdnyhclhoRpP_fty0MgwL2AKEgCtJ1dqOw7igT3pYKosgqlcx5AdP14weLwfbPHXV6BbghWJOuo2agM0DzfqZekp4La_oIJlsxyqot389hFyHaz_06LPGHDEltBrNEkhcl7SwwAMunoRnMwUHDA=s0-d-e1-ft#https:\/\/cy1er32c.cloudimg.io\/v7\/https:\/\/storage.googleapis.com\/scope-private-article-images\/privatearticleimage-213894-1741157994751.jpg?func=crop&amp;w=600&amp;h=375","type":"","width":"","height":""}],"author":"Nino B\u00e4nninger","twitter_card":"summary_large_image","twitter_misc":{"\u00c9crit par":"Nino B\u00e4nninger","Dur\u00e9e de lecture estim\u00e9e":"4 minutes"},"schema":{"@context":"https:\/\/schema.org","@graph":[{"@type":"Article","@id":"https:\/\/ks-cs.ch\/fr\/premieres-decisions-de-la-session\/#article","isPartOf":{"@id":"https:\/\/ks-cs.ch\/fr\/premieres-decisions-de-la-session\/"},"author":{"name":"Nino B\u00e4nninger","@id":"https:\/\/ks-cs.ch\/fr\/#\/schema\/person\/3062fc9c386b90a7fbc748bc6c4d030c"},"headline":"News-Politiques : Premi\u00e8res d\u00e9cisions de la session!","datePublished":"2025-03-05T09:11:49+00:00","dateModified":"2025-03-07T16:01:42+00:00","mainEntityOfPage":{"@id":"https:\/\/ks-cs.ch\/fr\/premieres-decisions-de-la-session\/"},"wordCount":474,"publisher":{"@id":"https:\/\/ks-cs.ch\/fr\/#organization"},"image":{"@id":"https:\/\/ks-cs.ch\/fr\/premieres-decisions-de-la-session\/#primaryimage"},"thumbnailUrl":"https:\/\/ci3.googleusercontent.com\/meips\/ADKq_Na8qbvJEHz0ITUMvxuF5DCiCgC7jKIxvhpbBZECcjkx5MJJ9tpzvhzQ3dIMiVxi6tAJjDJgoSsE0uZNqlaSWCbHwPOZ8MlUOdnyhclhoRpP_fty0MgwL2AKEgCtJ1dqOw7igT3pYKosgqlcx5AdP14weLwfbPHXV6BbghWJOuo2agM0DzfqZekp4La_oIJlsxyqot389hFyHaz_06LPGHDEltBrNEkhcl7SwwAMunoRnMwUHDA=s0-d-e1-ft#https:\/\/cy1er32c.cloudimg.io\/v7\/https:\/\/storage.googleapis.com\/scope-private-article-images\/privatearticleimage-213894-1741157994751.jpg?func=crop&amp;w=600&amp;h=375","articleSection":["Nouvelles"],"inLanguage":"fr-FR"},{"@type":"WebPage","@id":"https:\/\/ks-cs.ch\/fr\/premieres-decisions-de-la-session\/","url":"https:\/\/ks-cs.ch\/fr\/premieres-decisions-de-la-session\/","name":"News-Politiques : Premi\u00e8res d\u00e9cisions de la session! - KS\/CS Communication Suisse","isPartOf":{"@id":"https:\/\/ks-cs.ch\/fr\/#website"},"primaryImageOfPage":{"@id":"https:\/\/ks-cs.ch\/fr\/premieres-decisions-de-la-session\/#primaryimage"},"image":{"@id":"https:\/\/ks-cs.ch\/fr\/premieres-decisions-de-la-session\/#primaryimage"},"thumbnailUrl":"https:\/\/ci3.googleusercontent.com\/meips\/ADKq_Na8qbvJEHz0ITUMvxuF5DCiCgC7jKIxvhpbBZECcjkx5MJJ9tpzvhzQ3dIMiVxi6tAJjDJgoSsE0uZNqlaSWCbHwPOZ8MlUOdnyhclhoRpP_fty0MgwL2AKEgCtJ1dqOw7igT3pYKosgqlcx5AdP14weLwfbPHXV6BbghWJOuo2agM0DzfqZekp4La_oIJlsxyqot389hFyHaz_06LPGHDEltBrNEkhcl7SwwAMunoRnMwUHDA=s0-d-e1-ft#https:\/\/cy1er32c.cloudimg.io\/v7\/https:\/\/storage.googleapis.com\/scope-private-article-images\/privatearticleimage-213894-1741157994751.jpg?func=crop&amp;w=600&amp;h=375","datePublished":"2025-03-05T09:11:49+00:00","dateModified":"2025-03-07T16:01:42+00:00","description":"La session d'hiver des Chambres f\u00e9d\u00e9rales. KS\/CS a \u00e9labor\u00e9 des prises positions sur 4 dossiers importants qui concerne la publicit\u00e9.","breadcrumb":{"@id":"https:\/\/ks-cs.ch\/fr\/premieres-decisions-de-la-session\/#breadcrumb"},"inLanguage":"fr-FR","potentialAction":[{"@type":"ReadAction","target":["https:\/\/ks-cs.ch\/fr\/premieres-decisions-de-la-session\/"]}]},{"@type":"ImageObject","inLanguage":"fr-FR","@id":"https:\/\/ks-cs.ch\/fr\/premieres-decisions-de-la-session\/#primaryimage","url":"https:\/\/ci3.googleusercontent.com\/meips\/ADKq_Na8qbvJEHz0ITUMvxuF5DCiCgC7jKIxvhpbBZECcjkx5MJJ9tpzvhzQ3dIMiVxi6tAJjDJgoSsE0uZNqlaSWCbHwPOZ8MlUOdnyhclhoRpP_fty0MgwL2AKEgCtJ1dqOw7igT3pYKosgqlcx5AdP14weLwfbPHXV6BbghWJOuo2agM0DzfqZekp4La_oIJlsxyqot389hFyHaz_06LPGHDEltBrNEkhcl7SwwAMunoRnMwUHDA=s0-d-e1-ft#https:\/\/cy1er32c.cloudimg.io\/v7\/https:\/\/storage.googleapis.com\/scope-private-article-images\/privatearticleimage-213894-1741157994751.jpg?func=crop&amp;w=600&amp;h=375","contentUrl":"https:\/\/ci3.googleusercontent.com\/meips\/ADKq_Na8qbvJEHz0ITUMvxuF5DCiCgC7jKIxvhpbBZECcjkx5MJJ9tpzvhzQ3dIMiVxi6tAJjDJgoSsE0uZNqlaSWCbHwPOZ8MlUOdnyhclhoRpP_fty0MgwL2AKEgCtJ1dqOw7igT3pYKosgqlcx5AdP14weLwfbPHXV6BbghWJOuo2agM0DzfqZekp4La_oIJlsxyqot389hFyHaz_06LPGHDEltBrNEkhcl7SwwAMunoRnMwUHDA=s0-d-e1-ft#https:\/\/cy1er32c.cloudimg.io\/v7\/https:\/\/storage.googleapis.com\/scope-private-article-images\/privatearticleimage-213894-1741157994751.jpg?func=crop&amp;w=600&amp;h=375"},{"@type":"BreadcrumbList","@id":"https:\/\/ks-cs.ch\/fr\/premieres-decisions-de-la-session\/#breadcrumb","itemListElement":[{"@type":"ListItem","position":1,"name":"Home","item":"https:\/\/ks-cs.ch\/fr\/"},{"@type":"ListItem","position":2,"name":"News-Politiques : Premi\u00e8res d\u00e9cisions de la session!"}]},{"@type":"WebSite","@id":"https:\/\/ks-cs.ch\/fr\/#website","url":"https:\/\/ks-cs.ch\/fr\/","name":"KS\/CS Kommunikation Schweiz","description":"Association des communications commerciales","publisher":{"@id":"https:\/\/ks-cs.ch\/fr\/#organization"},"potentialAction":[{"@type":"SearchAction","target":{"@type":"EntryPoint","urlTemplate":"https:\/\/ks-cs.ch\/fr\/?s={search_term_string}"},"query-input":{"@type":"PropertyValueSpecification","valueRequired":true,"valueName":"search_term_string"}}],"inLanguage":"fr-FR"},{"@type":"Organization","@id":"https:\/\/ks-cs.ch\/fr\/#organization","name":"KS\/CS Kommunikation Schweiz","url":"https:\/\/ks-cs.ch\/fr\/","logo":{"@type":"ImageObject","inLanguage":"fr-FR","@id":"https:\/\/ks-cs.ch\/fr\/#\/schema\/logo\/image\/","url":"https:\/\/ks-cs.ch\/wp-content\/uploads\/2022\/12\/Logo-Social-Media-1.jpg","contentUrl":"https:\/\/ks-cs.ch\/wp-content\/uploads\/2022\/12\/Logo-Social-Media-1.jpg","width":709,"height":608,"caption":"KS\/CS Kommunikation Schweiz"},"image":{"@id":"https:\/\/ks-cs.ch\/fr\/#\/schema\/logo\/image\/"},"sameAs":["https:\/\/www.linkedin.com\/company\/kommunikation-schweiz-communication-suisse-comunicazione-svizzera-communication-switzerland\/"]},{"@type":"Person","@id":"https:\/\/ks-cs.ch\/fr\/#\/schema\/person\/3062fc9c386b90a7fbc748bc6c4d030c","name":"Nino B\u00e4nninger","image":{"@type":"ImageObject","inLanguage":"fr-FR","@id":"https:\/\/secure.gravatar.com\/avatar\/0df43b2fc2e3bdf6628a9a9448387955a943262941a06cfae7be6953f2c33962?s=96&d=mm&r=g","url":"https:\/\/secure.gravatar.com\/avatar\/0df43b2fc2e3bdf6628a9a9448387955a943262941a06cfae7be6953f2c33962?s=96&d=mm&r=g","contentUrl":"https:\/\/secure.gravatar.com\/avatar\/0df43b2fc2e3bdf6628a9a9448387955a943262941a06cfae7be6953f2c33962?s=96&d=mm&r=g","caption":"Nino B\u00e4nninger"}}]}},"publishpress_future_action":{"enabled":false,"date":"2026-05-08 20:38:28","action":"change-status","newStatus":"draft","terms":[],"taxonomy":"category","extraData":[]},"publishpress_future_workflow_manual_trigger":{"enabledWorkflows":[]},"_links":{"self":[{"href":"https:\/\/ks-cs.ch\/fr\/wp-json\/wp\/v2\/posts\/7101","targetHints":{"allow":["GET"]}}],"collection":[{"href":"https:\/\/ks-cs.ch\/fr\/wp-json\/wp\/v2\/posts"}],"about":[{"href":"https:\/\/ks-cs.ch\/fr\/wp-json\/wp\/v2\/types\/post"}],"author":[{"embeddable":true,"href":"https:\/\/ks-cs.ch\/fr\/wp-json\/wp\/v2\/users\/10"}],"replies":[{"embeddable":true,"href":"https:\/\/ks-cs.ch\/fr\/wp-json\/wp\/v2\/comments?post=7101"}],"version-history":[{"count":4,"href":"https:\/\/ks-cs.ch\/fr\/wp-json\/wp\/v2\/posts\/7101\/revisions"}],"predecessor-version":[{"id":7109,"href":"https:\/\/ks-cs.ch\/fr\/wp-json\/wp\/v2\/posts\/7101\/revisions\/7109"}],"wp:attachment":[{"href":"https:\/\/ks-cs.ch\/fr\/wp-json\/wp\/v2\/media?parent=7101"}],"wp:term":[{"taxonomy":"category","embeddable":true,"href":"https:\/\/ks-cs.ch\/fr\/wp-json\/wp\/v2\/categories?post=7101"},{"taxonomy":"post_tag","embeddable":true,"href":"https:\/\/ks-cs.ch\/fr\/wp-json\/wp\/v2\/tags?post=7101"}],"curies":[{"name":"wp","href":"https:\/\/api.w.org\/{rel}","templated":true}]}}