{"id":6394,"date":"2024-10-02T15:05:29","date_gmt":"2024-10-02T13:05:29","guid":{"rendered":"https:\/\/ks-cs.ch\/?p=6394"},"modified":"2024-10-02T15:18:27","modified_gmt":"2024-10-02T13:18:27","slug":"notre-engagement-pour-un-secteur-publicitaire-renforce","status":"publish","type":"post","link":"https:\/\/ks-cs.ch\/fr\/notre-engagement-pour-un-secteur-publicitaire-renforce\/","title":{"rendered":"Notre engagement pour un secteur publicitaire renforc\u00e9 !"},"content":{"rendered":"<h4><strong>Session d&rsquo;automne : des d\u00e9cisions pertinentes pour la publicit\u00e9<\/strong><\/h4>\n<p>Lors de la session d&rsquo;automne des Chambres f\u00e9d\u00e9rales, cinq objets concernant directement la branche publicitaire \u00e9taient \u00e0 l&rsquo;ordre du jour. De la publicit\u00e9 sur les m\u00e9dias sociaux \u00e0 l&rsquo;intelligence artificielle en passant par l&rsquo;aide indirecte \u00e0 la presse, 71 interventions nous occupent actuellement, pour lesquelles nous d\u00e9fendons \u00e0 chaque fois les int\u00e9r\u00eats de la publicit\u00e9 suisse \u00e0 Berne. Celle-ci a en effet besoin de bonnes conditions-cadres et d&rsquo;une l\u00e9gislation qui garantisse une publicit\u00e9 libre et loyale.<\/p>\n<p>Un\u00a0<a href=\"https:\/\/www.parlament.ch\/fr\/ratsbetrieb\/suche-curia-vista\/geschaeft?AffairId=20233620&amp;_hsmi=95501228&amp;utm_content=95501228&amp;utm_source=hs_email&amp;utm_medium=email&amp;_hsenc=p2ANqtz-__3KXa7uF-xc4nrIsia1jN17SIeXzRwQyebRgCH_TM4r2SxlmxtpdQZdAFrHcuAkUPYScD\" target=\"_blank\" rel=\"noopener\" data-hs-link-id=\"0\">postulat<\/a>\u00a0demandait au Conseil f\u00e9d\u00e9ral d&rsquo;examiner dans un rapport les effets des images corporelles retouch\u00e9es dans les m\u00e9dias classiques et sociaux sur le d\u00e9veloppement psychique et physique des jeunes. Le Conseil f\u00e9d\u00e9ral aurait d\u00fb indiquer les possibilit\u00e9s de lutter contre la diffusion d&rsquo;images corporelles retouch\u00e9es et quelles bases l\u00e9gales peuvent \u00eatre cr\u00e9\u00e9es pour l&rsquo;obligation de signaler les images corporelles retouch\u00e9es.\u00a0<strong>Le 19 septembre, le Conseil national a clairement rejet\u00e9 l&rsquo;intervention.<\/strong>\u00a0KS\/CS s&rsquo;est engag\u00e9 contre l&rsquo;intervention, car d&rsquo;autres r\u00e9glementations l\u00e9gales sont difficilement applicables et auraient conduit \u00e0 une ins\u00e9curit\u00e9 juridique ainsi qu&rsquo;\u00e0 une surr\u00e9glementation, notamment en ce qui concerne la publicit\u00e9. Un travail de sensibilisation important est bien plus important.<\/p>\n<p>En ce qui concerne la\u00a0<strong>mise en \u0153uvre de l&rsquo;initiative populaire \u00ab Oui \u00e0 la protection des enfants et des jeunes contre la publicit\u00e9 pour le tabac\u00a0<\/strong>\u00bb, le\u00a0<a href=\"https:\/\/d2-gws04.eu1.hubspotlinksstarter.com\/Ctc\/5F+113\/d2-gws04\/VVyZQJ17MY_2W94G41G5n_sl3W2K0rfL5lnt5FN99fzb23m2ndW95jsWP6lZ3mnW1n3cQk3sMNRzVs415-8LxdmBW4htYgJ8sp2-QVpC6kt9cl_JrW91d1167rbrf4VRjMST5fKWK6N4JJ_lWnK0fGW4nb5WD48qQMPW7qf6VL591K6sW2PP6JL765yhqW8HPdmb62f_mrVwTYnY6xTF3zVrh39H5_PYvqW6TxGbR8rNYjgW8G6r3_3LbCp2W75R6PD6RWnV3W1Gk_GN4vkCj2N7lp7xL-vpk5W8J5v2M7bT7TcW2CgqHg26Z4bxW6z1hvS6fQnHrW3ygc0d12c61gN7PDdr38s1Q1N1H_-hMFRygNW3tzJMt8gXBZGW4k_7YS8ZVMFbVHq1Gb3Bb06HW69Szj75TYCgGW866sKn8jB-LNW1T3g1r3grpMCf6C0z-j04?utm_source=hs_email&amp;utm_medium=email&amp;_hsenc=p2ANqtz-__3KXa7uF-xc4nrIsia1jN17SIeXzRwQyebRgCH_TM4r2SxlmxtpdQZdAFrHcuAkUPYScD\" target=\"_blank\" rel=\"noopener\" data-hs-link-id=\"0\">Conseil des Etats<\/a>\u00a0s&rsquo;en tient majoritairement \u00e0 ses d\u00e9cisions ant\u00e9rieures. Ainsi, il ne veut pas inscrire dans la loi une interdiction du personnel de vente mobile, ni renforcer l&rsquo;interdiction du parrainage. Contrairement au Conseil national, le Conseil des Etats ne veut cependant plus autoriser la publicit\u00e9 \u00e0 l&rsquo;int\u00e9rieur des magazines et des journaux, m\u00eame si ceux-ci sont principalement vendus par abonnement et que leur lectorat est compos\u00e9 d&rsquo;au moins 95% d&rsquo;adultes. KS\/CS estime que cette interdiction, soutenue par le Conseil des Etats, est excessive. KS\/CS salue toutefois le fait que le Conseil des Etats corrige le projet du Conseil f\u00e9d\u00e9ral sur des points qui auraient \u00e9t\u00e9 au-del\u00e0 de l&rsquo;initiative populaire. Nous continuons \u00e0 suivre le dossier, qui est le prochain \u00e0 l&rsquo;ordre du jour de la s\u00e9ance de la CSSS-N du 17 octobre.<\/p>\n<p>L&rsquo;adoption de l&rsquo;initiative parlementaire 22.423 par le Conseil national devrait permettre d&rsquo;adapter la loi sur la poste afin d&rsquo;<strong>\u00e9tendre<\/strong>\u00a0temporairement\u00a0<strong>l&rsquo;aide indirecte \u00e0 la presse<\/strong>. Cela doit aider les petits journaux et les journaux r\u00e9gionaux \u00e0 stabiliser leur situation financi\u00e8re et \u00e0 continuer \u00e0 offrir un journalisme de qualit\u00e9. KS\/CS soutient l&rsquo;extension de l&rsquo;aide indirecte \u00e0 la presse afin de garantir la diversit\u00e9 et la qualit\u00e9 du paysage m\u00e9diatique en Suisse. Une presse forte est essentielle pour un public inform\u00e9 et une d\u00e9mocratie qui fonctionne.<\/p>\n<p>Le Conseil national a rejet\u00e9 une motion qui demandait des bases l\u00e9gales pour <strong>r\u00e9glementer la publicit\u00e9 des influenceurs<\/strong>. KS\/CS a argument\u00e9 avec succ\u00e8s que les lois existantes et la Commission Suisse pour la Loyaut\u00e9 (CSL) r\u00e9glementent d\u00e9j\u00e0 suffisamment et que des r\u00e9glementations suppl\u00e9mentaires ne feraient que cr\u00e9er une bureaucratie inutile et nuire au secteur du marketing.<\/p>\n<h4><strong>Les choses s\u00e9rieuses commencent : la prochaine r\u00e9vision de la loi sur les denr\u00e9es alimentaires prend de l&rsquo;ampleur<\/strong><\/h4>\n<p>Ces derni\u00e8res semaines, les projets de la conseill\u00e8re f\u00e9d\u00e9rale Elisabeth Baume-Schneider visant \u00e0 r\u00e9glementer la publicit\u00e9 pour les denr\u00e9es alimentaires \u00e9taient sur toutes les l\u00e8vres. L&rsquo;Office f\u00e9d\u00e9ral de la s\u00e9curit\u00e9 alimentaire et des affaires v\u00e9t\u00e9rinaires (OSAV) pr\u00e9voit de limiter fortement la publicit\u00e9 pour les aliments \u00e0 forte teneur en sucre, en graisse ou en sel, qui s&rsquo;adresse aux enfants. Nous suivons ces d\u00e9veloppements depuis des mois d\u00e9j\u00e0 et vous apportons\u00a0<a href=\"https:\/\/ks-cs.ch\/politik-news-radikales-werbeverbot-ist-definitiv-im-anmarsch\/?utm_source=hs_email&amp;utm_medium=email&amp;_hsenc=p2ANqtz-__3KXa7uF-xc4nrIsia1jN17SIeXzRwQyebRgCH_TM4r2SxlmxtpdQZdAFrHcuAkUPYScD\" target=\"_blank\" rel=\"noopener\" data-hs-link-id=\"0\">ici<\/a>\u00a0les informations les plus importantes sur la situation actuelle, les bases scientifiques et les cons\u00e9quences possibles d&rsquo;une interdiction de la publicit\u00e9. D\u00e8s que le Conseil f\u00e9d\u00e9ral enverra le projet de loi en consultation, nous nous y int\u00e9resserons de pr\u00e8s.<\/p>\n<h4><strong>Publicit\u00e9 ext\u00e9rieure : d\u00e9cisions de Lancy et de Zollikofen<\/strong><\/h4>\n<p>Le 28 ao\u00fbt, le grand conseil municipal de la commune de Zollikofen a rejet\u00e9 une motion visant \u00e0 interdire les enseignes lumineuses avec moniteurs et \u00e9crans de m\u00e9dias dans la commune. KS\/CS s&rsquo;est pr\u00e9alablement adress\u00e9 avec succ\u00e8s aux politiciens par le biais d&rsquo;une lettre. En outre, la votation sur l&rsquo;interdiction de la publicit\u00e9 ext\u00e9rieure commerciale dans la commune de Lancy est \u00e0 l&rsquo;ordre du jour et la population se prononcera \u00e0 ce sujet le 24 novembre 2024. Vous trouverez \u00e9galement une mise en perspective d\u00e9taill\u00e9e des d\u00e9veloppements politiques concernant la publicit\u00e9 ext\u00e9rieure sur le <a href=\"https:\/\/www.plakat-ja.ch\/fr?utm_source=hs_email&amp;utm_medium=email&amp;_hsenc=p2ANqtz-__3KXa7uF-xc4nrIsia1jN17SIeXzRwQyebRgCH_TM4r2SxlmxtpdQZdAFrHcuAkUPYScD\" target=\"_blank\" rel=\"noopener\" data-hs-link-id=\"0\">site de l&rsquo;association Publicit\u00e9 ext\u00e9rieure Suisse AWS<\/a>.<\/p>\n<p><strong>C\u00e9r\u00e9monie de remise des dipl\u00f4mes r\u00e9ussie<\/strong><\/p>\n<p>Le 29 ao\u00fbt, les dipl\u00f4m\u00e9s de l&rsquo;examen f\u00e9d\u00e9ral de sp\u00e9cialiste en communication ont franchi une \u00e9tape d\u00e9cisive dans leur carri\u00e8re : ils ont re\u00e7u leur brevet bien m\u00e9rit\u00e9. Nous f\u00e9licitons chaleureusement tous les dipl\u00f4m\u00e9s pour cette r\u00e9ussite et leur souhaitons le meilleur pour leur avenir professionnel.<\/p>\n","protected":false},"excerpt":{"rendered":"<p>Au cours des derniers mois, KS\/CS s&rsquo;est pench\u00e9 de mani\u00e8re intensive sur diff\u00e9rents dossiers politiques qui pourraient avoir des r\u00e9percussions parfois importantes sur le secteur de la publicit\u00e9. Les d\u00e9bats et les d\u00e9cisions du Parlement f\u00e9d\u00e9ral durant la session d&rsquo;automne ont \u00e9t\u00e9 particuli\u00e8rement au centre de l&rsquo;attention.<\/p>\n","protected":false},"author":5,"featured_media":0,"comment_status":"closed","ping_status":"open","sticky":false,"template":"","format":"standard","meta":{"content-type":"","footnotes":""},"categories":[12],"tags":[],"class_list":["post-6394","post","type-post","status-publish","format-standard","hentry","category-nouvelles"],"yoast_head":"<!-- This site is optimized with the Yoast SEO plugin v27.5 - https:\/\/yoast.com\/product\/yoast-seo-wordpress\/ -->\n<title>Notre engagement pour un secteur publicitaire renforc\u00e9 ! - KS\/CS Communication Suisse<\/title>\n<meta name=\"description\" content=\"La contribution trimestrielle r\u00e9sume le travail politique de KS\/CS. L&#039;association s&#039;est pench\u00e9e de mani\u00e8re intensive sur diff\u00e9rents dossiers politiques.\" \/>\n<meta name=\"robots\" content=\"index, follow, max-snippet:-1, max-image-preview:large, max-video-preview:-1\" \/>\n<link rel=\"canonical\" href=\"https:\/\/ks-cs.ch\/fr\/notre-engagement-pour-un-secteur-publicitaire-renforce\/\" \/>\n<meta property=\"og:locale\" content=\"fr_FR\" \/>\n<meta property=\"og:type\" content=\"article\" \/>\n<meta property=\"og:title\" content=\"Notre engagement pour un secteur publicitaire renforc\u00e9 ! - KS\/CS Communication Suisse\" \/>\n<meta property=\"og:description\" content=\"La contribution trimestrielle r\u00e9sume le travail politique de KS\/CS. L&#039;association s&#039;est pench\u00e9e de mani\u00e8re intensive sur diff\u00e9rents dossiers politiques.\" \/>\n<meta property=\"og:url\" content=\"https:\/\/ks-cs.ch\/fr\/notre-engagement-pour-un-secteur-publicitaire-renforce\/\" \/>\n<meta property=\"og:site_name\" content=\"KS\/CS Communication Suisse\" \/>\n<meta property=\"article:published_time\" content=\"2024-10-02T13:05:29+00:00\" \/>\n<meta property=\"article:modified_time\" content=\"2024-10-02T13:18:27+00:00\" \/>\n<meta property=\"og:image\" content=\"https:\/\/ks-cs.ch\/wp-content\/uploads\/2022\/11\/Logo.jpeg\" \/>\n\t<meta property=\"og:image:width\" content=\"1200\" \/>\n\t<meta property=\"og:image:height\" content=\"920\" \/>\n\t<meta property=\"og:image:type\" content=\"image\/jpeg\" \/>\n<meta name=\"author\" content=\"Hendrik Fischer\" \/>\n<meta name=\"twitter:card\" content=\"summary_large_image\" \/>\n<meta name=\"twitter:label1\" content=\"\u00c9crit par\" \/>\n\t<meta name=\"twitter:data1\" content=\"Hendrik Fischer\" \/>\n\t<meta name=\"twitter:label2\" content=\"Dur\u00e9e de lecture estim\u00e9e\" \/>\n\t<meta name=\"twitter:data2\" content=\"5 minutes\" \/>\n<script type=\"application\/ld+json\" class=\"yoast-schema-graph\">{\"@context\":\"https:\\\/\\\/schema.org\",\"@graph\":[{\"@type\":\"Article\",\"@id\":\"https:\\\/\\\/ks-cs.ch\\\/fr\\\/notre-engagement-pour-un-secteur-publicitaire-renforce\\\/#article\",\"isPartOf\":{\"@id\":\"https:\\\/\\\/ks-cs.ch\\\/fr\\\/notre-engagement-pour-un-secteur-publicitaire-renforce\\\/\"},\"author\":{\"name\":\"Hendrik Fischer\",\"@id\":\"https:\\\/\\\/ks-cs.ch\\\/fr\\\/#\\\/schema\\\/person\\\/757c9eea7858086d44d1a415e371e005\"},\"headline\":\"Notre engagement pour un secteur publicitaire renforc\u00e9 !\",\"datePublished\":\"2024-10-02T13:05:29+00:00\",\"dateModified\":\"2024-10-02T13:18:27+00:00\",\"mainEntityOfPage\":{\"@id\":\"https:\\\/\\\/ks-cs.ch\\\/fr\\\/notre-engagement-pour-un-secteur-publicitaire-renforce\\\/\"},\"wordCount\":863,\"publisher\":{\"@id\":\"https:\\\/\\\/ks-cs.ch\\\/fr\\\/#organization\"},\"articleSection\":[\"Nouvelles\"],\"inLanguage\":\"fr-FR\"},{\"@type\":\"WebPage\",\"@id\":\"https:\\\/\\\/ks-cs.ch\\\/fr\\\/notre-engagement-pour-un-secteur-publicitaire-renforce\\\/\",\"url\":\"https:\\\/\\\/ks-cs.ch\\\/fr\\\/notre-engagement-pour-un-secteur-publicitaire-renforce\\\/\",\"name\":\"Notre engagement pour un secteur publicitaire renforc\u00e9 ! - KS\\\/CS Communication Suisse\",\"isPartOf\":{\"@id\":\"https:\\\/\\\/ks-cs.ch\\\/fr\\\/#website\"},\"datePublished\":\"2024-10-02T13:05:29+00:00\",\"dateModified\":\"2024-10-02T13:18:27+00:00\",\"description\":\"La contribution trimestrielle r\u00e9sume le travail politique de KS\\\/CS. L'association s'est pench\u00e9e de mani\u00e8re intensive sur diff\u00e9rents dossiers politiques.\",\"breadcrumb\":{\"@id\":\"https:\\\/\\\/ks-cs.ch\\\/fr\\\/notre-engagement-pour-un-secteur-publicitaire-renforce\\\/#breadcrumb\"},\"inLanguage\":\"fr-FR\",\"potentialAction\":[{\"@type\":\"ReadAction\",\"target\":[\"https:\\\/\\\/ks-cs.ch\\\/fr\\\/notre-engagement-pour-un-secteur-publicitaire-renforce\\\/\"]}]},{\"@type\":\"BreadcrumbList\",\"@id\":\"https:\\\/\\\/ks-cs.ch\\\/fr\\\/notre-engagement-pour-un-secteur-publicitaire-renforce\\\/#breadcrumb\",\"itemListElement\":[{\"@type\":\"ListItem\",\"position\":1,\"name\":\"Home\",\"item\":\"https:\\\/\\\/ks-cs.ch\\\/fr\\\/\"},{\"@type\":\"ListItem\",\"position\":2,\"name\":\"Notre engagement pour un secteur publicitaire renforc\u00e9 !\"}]},{\"@type\":\"WebSite\",\"@id\":\"https:\\\/\\\/ks-cs.ch\\\/fr\\\/#website\",\"url\":\"https:\\\/\\\/ks-cs.ch\\\/fr\\\/\",\"name\":\"KS\\\/CS Kommunikation Schweiz\",\"description\":\"Association des communications commerciales\",\"publisher\":{\"@id\":\"https:\\\/\\\/ks-cs.ch\\\/fr\\\/#organization\"},\"potentialAction\":[{\"@type\":\"SearchAction\",\"target\":{\"@type\":\"EntryPoint\",\"urlTemplate\":\"https:\\\/\\\/ks-cs.ch\\\/fr\\\/?s={search_term_string}\"},\"query-input\":{\"@type\":\"PropertyValueSpecification\",\"valueRequired\":true,\"valueName\":\"search_term_string\"}}],\"inLanguage\":\"fr-FR\"},{\"@type\":\"Organization\",\"@id\":\"https:\\\/\\\/ks-cs.ch\\\/fr\\\/#organization\",\"name\":\"KS\\\/CS Kommunikation Schweiz\",\"url\":\"https:\\\/\\\/ks-cs.ch\\\/fr\\\/\",\"logo\":{\"@type\":\"ImageObject\",\"inLanguage\":\"fr-FR\",\"@id\":\"https:\\\/\\\/ks-cs.ch\\\/fr\\\/#\\\/schema\\\/logo\\\/image\\\/\",\"url\":\"https:\\\/\\\/ks-cs.ch\\\/wp-content\\\/uploads\\\/2022\\\/12\\\/Logo-Social-Media-1.jpg\",\"contentUrl\":\"https:\\\/\\\/ks-cs.ch\\\/wp-content\\\/uploads\\\/2022\\\/12\\\/Logo-Social-Media-1.jpg\",\"width\":709,\"height\":608,\"caption\":\"KS\\\/CS Kommunikation Schweiz\"},\"image\":{\"@id\":\"https:\\\/\\\/ks-cs.ch\\\/fr\\\/#\\\/schema\\\/logo\\\/image\\\/\"},\"sameAs\":[\"https:\\\/\\\/www.linkedin.com\\\/company\\\/kommunikation-schweiz-communication-suisse-comunicazione-svizzera-communication-switzerland\\\/\"]},{\"@type\":\"Person\",\"@id\":\"https:\\\/\\\/ks-cs.ch\\\/fr\\\/#\\\/schema\\\/person\\\/757c9eea7858086d44d1a415e371e005\",\"name\":\"Hendrik Fischer\",\"image\":{\"@type\":\"ImageObject\",\"inLanguage\":\"fr-FR\",\"@id\":\"https:\\\/\\\/secure.gravatar.com\\\/avatar\\\/53cc83626804a21e731fe1b5f49d38c46710f65192dda8fbe5b5fe16ad0804b8?s=96&d=mm&r=g\",\"url\":\"https:\\\/\\\/secure.gravatar.com\\\/avatar\\\/53cc83626804a21e731fe1b5f49d38c46710f65192dda8fbe5b5fe16ad0804b8?s=96&d=mm&r=g\",\"contentUrl\":\"https:\\\/\\\/secure.gravatar.com\\\/avatar\\\/53cc83626804a21e731fe1b5f49d38c46710f65192dda8fbe5b5fe16ad0804b8?s=96&d=mm&r=g\",\"caption\":\"Hendrik Fischer\"}}]}<\/script>\n<!-- \/ Yoast SEO plugin. -->","yoast_head_json":{"title":"Notre engagement pour un secteur publicitaire renforc\u00e9 ! - KS\/CS Communication Suisse","description":"La contribution trimestrielle r\u00e9sume le travail politique de KS\/CS. L'association s'est pench\u00e9e de mani\u00e8re intensive sur diff\u00e9rents dossiers politiques.","robots":{"index":"index","follow":"follow","max-snippet":"max-snippet:-1","max-image-preview":"max-image-preview:large","max-video-preview":"max-video-preview:-1"},"canonical":"https:\/\/ks-cs.ch\/fr\/notre-engagement-pour-un-secteur-publicitaire-renforce\/","og_locale":"fr_FR","og_type":"article","og_title":"Notre engagement pour un secteur publicitaire renforc\u00e9 ! - KS\/CS Communication Suisse","og_description":"La contribution trimestrielle r\u00e9sume le travail politique de KS\/CS. L'association s'est pench\u00e9e de mani\u00e8re intensive sur diff\u00e9rents dossiers politiques.","og_url":"https:\/\/ks-cs.ch\/fr\/notre-engagement-pour-un-secteur-publicitaire-renforce\/","og_site_name":"KS\/CS Communication Suisse","article_published_time":"2024-10-02T13:05:29+00:00","article_modified_time":"2024-10-02T13:18:27+00:00","og_image":[{"width":1200,"height":920,"url":"https:\/\/ks-cs.ch\/wp-content\/uploads\/2022\/11\/Logo.jpeg","type":"image\/jpeg"}],"author":"Hendrik Fischer","twitter_card":"summary_large_image","twitter_misc":{"\u00c9crit par":"Hendrik Fischer","Dur\u00e9e de lecture estim\u00e9e":"5 minutes"},"schema":{"@context":"https:\/\/schema.org","@graph":[{"@type":"Article","@id":"https:\/\/ks-cs.ch\/fr\/notre-engagement-pour-un-secteur-publicitaire-renforce\/#article","isPartOf":{"@id":"https:\/\/ks-cs.ch\/fr\/notre-engagement-pour-un-secteur-publicitaire-renforce\/"},"author":{"name":"Hendrik Fischer","@id":"https:\/\/ks-cs.ch\/fr\/#\/schema\/person\/757c9eea7858086d44d1a415e371e005"},"headline":"Notre engagement pour un secteur publicitaire renforc\u00e9 !","datePublished":"2024-10-02T13:05:29+00:00","dateModified":"2024-10-02T13:18:27+00:00","mainEntityOfPage":{"@id":"https:\/\/ks-cs.ch\/fr\/notre-engagement-pour-un-secteur-publicitaire-renforce\/"},"wordCount":863,"publisher":{"@id":"https:\/\/ks-cs.ch\/fr\/#organization"},"articleSection":["Nouvelles"],"inLanguage":"fr-FR"},{"@type":"WebPage","@id":"https:\/\/ks-cs.ch\/fr\/notre-engagement-pour-un-secteur-publicitaire-renforce\/","url":"https:\/\/ks-cs.ch\/fr\/notre-engagement-pour-un-secteur-publicitaire-renforce\/","name":"Notre engagement pour un secteur publicitaire renforc\u00e9 ! - KS\/CS Communication Suisse","isPartOf":{"@id":"https:\/\/ks-cs.ch\/fr\/#website"},"datePublished":"2024-10-02T13:05:29+00:00","dateModified":"2024-10-02T13:18:27+00:00","description":"La contribution trimestrielle r\u00e9sume le travail politique de KS\/CS. L'association s'est pench\u00e9e de mani\u00e8re intensive sur diff\u00e9rents dossiers politiques.","breadcrumb":{"@id":"https:\/\/ks-cs.ch\/fr\/notre-engagement-pour-un-secteur-publicitaire-renforce\/#breadcrumb"},"inLanguage":"fr-FR","potentialAction":[{"@type":"ReadAction","target":["https:\/\/ks-cs.ch\/fr\/notre-engagement-pour-un-secteur-publicitaire-renforce\/"]}]},{"@type":"BreadcrumbList","@id":"https:\/\/ks-cs.ch\/fr\/notre-engagement-pour-un-secteur-publicitaire-renforce\/#breadcrumb","itemListElement":[{"@type":"ListItem","position":1,"name":"Home","item":"https:\/\/ks-cs.ch\/fr\/"},{"@type":"ListItem","position":2,"name":"Notre engagement pour un secteur publicitaire renforc\u00e9 !"}]},{"@type":"WebSite","@id":"https:\/\/ks-cs.ch\/fr\/#website","url":"https:\/\/ks-cs.ch\/fr\/","name":"KS\/CS Kommunikation Schweiz","description":"Association des communications commerciales","publisher":{"@id":"https:\/\/ks-cs.ch\/fr\/#organization"},"potentialAction":[{"@type":"SearchAction","target":{"@type":"EntryPoint","urlTemplate":"https:\/\/ks-cs.ch\/fr\/?s={search_term_string}"},"query-input":{"@type":"PropertyValueSpecification","valueRequired":true,"valueName":"search_term_string"}}],"inLanguage":"fr-FR"},{"@type":"Organization","@id":"https:\/\/ks-cs.ch\/fr\/#organization","name":"KS\/CS Kommunikation Schweiz","url":"https:\/\/ks-cs.ch\/fr\/","logo":{"@type":"ImageObject","inLanguage":"fr-FR","@id":"https:\/\/ks-cs.ch\/fr\/#\/schema\/logo\/image\/","url":"https:\/\/ks-cs.ch\/wp-content\/uploads\/2022\/12\/Logo-Social-Media-1.jpg","contentUrl":"https:\/\/ks-cs.ch\/wp-content\/uploads\/2022\/12\/Logo-Social-Media-1.jpg","width":709,"height":608,"caption":"KS\/CS Kommunikation Schweiz"},"image":{"@id":"https:\/\/ks-cs.ch\/fr\/#\/schema\/logo\/image\/"},"sameAs":["https:\/\/www.linkedin.com\/company\/kommunikation-schweiz-communication-suisse-comunicazione-svizzera-communication-switzerland\/"]},{"@type":"Person","@id":"https:\/\/ks-cs.ch\/fr\/#\/schema\/person\/757c9eea7858086d44d1a415e371e005","name":"Hendrik Fischer","image":{"@type":"ImageObject","inLanguage":"fr-FR","@id":"https:\/\/secure.gravatar.com\/avatar\/53cc83626804a21e731fe1b5f49d38c46710f65192dda8fbe5b5fe16ad0804b8?s=96&d=mm&r=g","url":"https:\/\/secure.gravatar.com\/avatar\/53cc83626804a21e731fe1b5f49d38c46710f65192dda8fbe5b5fe16ad0804b8?s=96&d=mm&r=g","contentUrl":"https:\/\/secure.gravatar.com\/avatar\/53cc83626804a21e731fe1b5f49d38c46710f65192dda8fbe5b5fe16ad0804b8?s=96&d=mm&r=g","caption":"Hendrik Fischer"}}]}},"publishpress_future_action":{"enabled":false,"date":"2026-05-08 20:39:58","action":"change-status","newStatus":"draft","terms":[],"taxonomy":"category","extraData":[]},"publishpress_future_workflow_manual_trigger":{"enabledWorkflows":[]},"_links":{"self":[{"href":"https:\/\/ks-cs.ch\/fr\/wp-json\/wp\/v2\/posts\/6394","targetHints":{"allow":["GET"]}}],"collection":[{"href":"https:\/\/ks-cs.ch\/fr\/wp-json\/wp\/v2\/posts"}],"about":[{"href":"https:\/\/ks-cs.ch\/fr\/wp-json\/wp\/v2\/types\/post"}],"author":[{"embeddable":true,"href":"https:\/\/ks-cs.ch\/fr\/wp-json\/wp\/v2\/users\/5"}],"replies":[{"embeddable":true,"href":"https:\/\/ks-cs.ch\/fr\/wp-json\/wp\/v2\/comments?post=6394"}],"version-history":[{"count":4,"href":"https:\/\/ks-cs.ch\/fr\/wp-json\/wp\/v2\/posts\/6394\/revisions"}],"predecessor-version":[{"id":6404,"href":"https:\/\/ks-cs.ch\/fr\/wp-json\/wp\/v2\/posts\/6394\/revisions\/6404"}],"wp:attachment":[{"href":"https:\/\/ks-cs.ch\/fr\/wp-json\/wp\/v2\/media?parent=6394"}],"wp:term":[{"taxonomy":"category","embeddable":true,"href":"https:\/\/ks-cs.ch\/fr\/wp-json\/wp\/v2\/categories?post=6394"},{"taxonomy":"post_tag","embeddable":true,"href":"https:\/\/ks-cs.ch\/fr\/wp-json\/wp\/v2\/tags?post=6394"}],"curies":[{"name":"wp","href":"https:\/\/api.w.org\/{rel}","templated":true}]}}