{"id":6295,"date":"2024-09-12T21:05:02","date_gmt":"2024-09-12T19:05:02","guid":{"rendered":"https:\/\/ks-cs.ch\/?p=6295"},"modified":"2024-09-25T10:39:19","modified_gmt":"2024-09-25T08:39:19","slug":"positions-de-la-ks-cs-lors-de-la-session-dautomne-2024","status":"publish","type":"post","link":"https:\/\/ks-cs.ch\/fr\/positions-de-la-ks-cs-lors-de-la-session-dautomne-2024\/","title":{"rendered":"News-Politiques : Positions de la KS\/CS lors de la session d&rsquo;automne 2024"},"content":{"rendered":"<h3 id=\"title-id-0\">La publicit\u00e9 au Conseil national<\/h3>\n<hr>\n<h4><a href=\"https:\/\/d2-gws04.eu1.hubspotlinksstarter.com\/Ctc\/5F+113\/d2-gws04\/VWYnGB1PC01bV5h_nn7p2g0CW4gSXWJ5l5t_kN8Vtb8g3m2ndW8wLKSR6lZ3n1N3KlzfffkSn1W20jMPm64GthsW4hppYP6fMW_CW3rG0Cg7Z84xmW10vQLL5FpZ7dW74TBZ65K6D73W2g0mHB6ypQ77W9lc1483ZbzYdV5H8M78tbBM9W853Q5d7qy_xRW8Sj85J3q3-rMW7y2pVB1M2sMRW2QtzzP1fXV8JW5QNqjY2Z6MbzW2NZhsd9hmnTjV3_M5z2nGDcNW9l3gfC1cYPTsW7wvgcz1klxyMW2WGxF764jhK7W3wZXNw8wjwPtVkL5mk2hRw8kW3XWLXV83c08PW63D4wf3Qj8NlN8JpHsqfMBn7N17Sz5zWx6F-VcPT7L1N7qfmV5vmwG4DLn1pW3ZZ2Rd2flR_Xf5M8d_204\" target=\"_blank\" rel=\"noopener\" data-hs-link-id=\"0\">Obligation de signaler les photos retouch\u00e9es (Postulat 23.3620)<\/a><\/h4>\n<p><a href=\"https:\/\/d2-gws04.eu1.hubspotlinksstarter.com\/Ctc\/5F+113\/d2-gws04\/VWYnGB1PC01bV5h_nn7p2g0CW4gSXWJ5l5t_kN8Vtb8g3m2ndW8wLKSR6lZ3nXW4NXqwK4fXsq6W3cfc-X2dT4y-W9hQgF83JZBJfW9l-kw98J0nbTW7Hm4YS9lC983W73Dp9s4ZCqfLN8ByN2Ln5ZsCTcRvs6bPz7_W3-r3702pNxT-W7ZZ8R-5Sx2w-W6lj8pL1tpY5PW4vnk334CV3LgW52bxCD1CxBdcVzd2WX4J9CcwW2P5yjb2XGxZmW2T4Phh38xQ72W8VzPLQ1BmK4_W5CSKYw1-rHvzW1xzwq74vMbWDW2yG_7d8Wy5S9W1fwLLn7ynTDYW4yg4bY1hbgppW17xpBp40kyH6W86ZpRs1WB_QKW2LL5L878_W7TVN2S0L3-3dXHW41zRHC5fGK1PN5lM53phd9gQf7Hck6W04\" target=\"_blank\" rel=\"noopener\" data-hs-link-id=\"1\"><img decoding=\"async\" class=\"\" title=\"\" src=\"https:\/\/cy1er32c.cloudimg.io\/v7\/https:\/\/storage.googleapis.com\/scope-component-related-images\/componentimage-18814-1726578107966.jpg?func=crop&amp;w=600&amp;h=375\" alt=\"\" width=\"723\" height=\"452\"><\/a><\/p>\n<p>L&rsquo;auteur du postulat souhaite charger le Conseil f\u00e9d\u00e9ral de pr\u00e9senter un rapport sur les effets des images de corps retouch\u00e9es dans les m\u00e9dias classiques et sociaux sur le d\u00e9veloppement psychique et physique des jeunes. En outre, le Conseil f\u00e9d\u00e9ral doit indiquer les possibilit\u00e9s de lutter contre la diffusion d&rsquo;images de corps retouch\u00e9es et quelles bases l\u00e9gales peuvent \u00eatre cr\u00e9\u00e9es pour l&rsquo;obligation de signaler que les images sont retouch\u00e9es.<\/p>\n<p>L&rsquo;influence des m\u00e9dias sociaux en particulier sur le d\u00e9veloppement psychique et physique des jeunes est un sujet important auquel il convient d&rsquo;accorder suffisamment d&rsquo;attention. KS\/CS est toutefois d&rsquo;avis qu&rsquo;une obligation l\u00e9gale de marquage des images de corps retouch\u00e9es ne prot\u00e8ge pas en soi les jeunes contre les contenus des m\u00e9dias et recommande de la rejeter. Pour cela, il faut plut\u00f4t miser sur un travail de sensibilisation. Des r\u00e9glementations l\u00e9gales seraient en outre difficilement applicables et conduiraient \u00e0 une ins\u00e9curit\u00e9 juridique ainsi qu&rsquo;\u00e0 une sur-r\u00e9glementation, notamment en ce qui concerne la publicit\u00e9. <a href=\"https:\/\/www.parlament.ch\/fr\/ratsbetrieb\/suche-curia-vista\/geschaeft?AffairId=20233620&amp;utm_medium=email&amp;_hsenc=p2ANqtz-9z3v7CrEHOLrGfvBIL4OcItTdTQW0GuX5CNjEFU-yYRabc8DakU9RQpkipmAcZyibX6TV_YWwLIXjy_ZoFmrV0y3yeXw&amp;_hsmi=95113563&amp;utm_content=95113563&amp;utm_source=hs_email\" target=\"_blank\" rel=\"noopener\">Vers le postulat.<\/a><\/p>\n<h3 id=\"title-id-2\">&nbsp;<\/h3>\n<hr>\n<h4><a href=\"https:\/\/d2-gws04.eu1.hubspotlinksstarter.com\/Ctc\/5F+113\/d2-gws04\/VWYnGB1PC01bV5h_nn7p2g0CW4gSXWJ5l5t_kN8Vtb8g3m2ndW8wLKSR6lZ3kZW7Z5br37TTm4LN81NQSrQwvTKN7gVVYCnf9yKW7k75W46TdCKVW4xckj53KNWSyW4xppWD6Rsy4zW4kVK6Z2kZ_0FV_47HX63y0DLV4gpL58B0KF_W3kV9Y061xWNsW70-cyB8qckK4W5f45Sk96V7mzVXtVJ91Gl6_4N3h9RP2hLBhsW99QKh24HWD_DW3PJqmh1FxLKYW66nnQR5RcgVPMG_Kx2H4lRwW7wy5k74Kcq7wW1zSfgg7mGS-FW44GvDW38RrrfW5pVFNY7Gb__8W8vG_qQ2cY8sTW6sFkkS2-cKhcW7FQm4r5BHkt9V3bbpg1wFQysW22ZlYH3pbPXfN55FS--45w2xf1msbbR04\" target=\"_blank\" rel=\"noopener\" data-hs-link-id=\"0\">Encadrer la publicit\u00e9 faite par les influenceurs en Suisse (Motion 24.3257)<\/a><\/h4>\n<p><a href=\"https:\/\/d2-gws04.eu1.hubspotlinksstarter.com\/Ctc\/5F+113\/d2-gws04\/VWYnGB1PC01bV5h_nn7p2g0CW4gSXWJ5l5t_kN8Vtb8g3m2ndW8wLKSR6lZ3lFW2-Qdvm3txlHvW95984s6Jjf7zW5fS4Wf1YXWLtW3gTRCc3cF2TrW1jZLHC5RB6-cW5WSnCv7nH3pRW7sl_bx28TZBRW4l2NjS6zkLndW7ywkT98FJRGkW1q3D-k8Qq9gdVtXL7n8D3wtCW941kRD73HQHkN4-j2vBPWhnjW7hRqbY57znqfW27k2J_4Sf0h-Vctzr41vVKnLW2XsMHZ6lMklQW8-sPGw6fV1K0W5hLynh4Z3_mBVyxkJx1jml7YW3_m26g27_4TVW8RpBl924crpvW93cZsL6MqMFBW7vN0TF7gmDQ0W1P6Bt63-z46jW7d_Zkj8gXvnnW3skKCf839dJ5W2M5S9K5sqhVcf3GL50n04\" target=\"_blank\" rel=\"noopener\" data-hs-link-id=\"1\"><img decoding=\"async\" class=\"\" title=\"\" src=\"https:\/\/cy1er32c.cloudimg.io\/v7\/https:\/\/storage.googleapis.com\/scope-component-related-images\/componentimage-18814-1726578150727.jpg?func=crop&amp;w=600&amp;h=375\" alt=\"\" width=\"723\" height=\"452\"><\/a><\/p>\n<p>Le Conseil f\u00e9d\u00e9ral doit \u00eatre charg\u00e9 de cr\u00e9er une base l\u00e9gale qui favorise la transparence et l&rsquo;\u00e9quit\u00e9 dans le domaine de l\u2019influence-marketing en Suisse. La motion demande de nouvelles dispositions r\u00e9gissant la d\u00e9claration de publicit\u00e9 par les influenceurs et influenceuses. Si cette motion \u00e9tait adopt\u00e9e, il en r\u00e9sulterait une nouvelle r\u00e9glementation sp\u00e9ciale ainsi que le mandat d&rsquo;une autorit\u00e9 dans un domaine qui est aujourd&rsquo;hui d\u00e9j\u00e0 largement r\u00e9glement\u00e9 par les lois existantes et par la Commission Suisse pour la Loyaut\u00e9. Les lois et les pratiques actuelles ainsi que la compr\u00e9hension des destinataires montrent en outre que des r\u00e9glementations suppl\u00e9mentaires ne sont pas n\u00e9cessaires. Pour ces raisons, KS\/CS recommande le 17 septembre le rejet de la proposition. <a href=\"https:\/\/www.parlament.ch\/fr\/ratsbetrieb\/suche-curia-vista\/geschaeft?AffairId=20243257&amp;utm_medium=email&amp;_hsenc=p2ANqtz-_VPmtzqFhZifKPtJn9hJ0zGv2fQaPJifimloqr3WMNOPbKat8MCLqwAyHuMGdrcqv1FePS4zn7MQSBsbLsb1tNxxJfjg&amp;_hsmi=95113563&amp;utm_content=95113563&amp;utm_source=hs_email\" target=\"_blank\" rel=\"noopener\">Vers le motion.<\/a><\/p>\n<h3 id=\"title-id-2\">&nbsp;<\/h3>\n<hr>\n<h4><a href=\"https:\/\/d2-gws04.eu1.hubspotlinksstarter.com\/Ctc\/5F+113\/d2-gws04\/VWYnGB1PC01bV5h_nn7p2g0CW4gSXWJ5l5t_kN8Vtb8g3m2ndW8wLKSR6lZ3ksW33LrgP28lqTXW4RnpcY4xb0X-W11CCpX2dPB_FW1K_lPC53n6nsVnLl4h7nrS0-W70HpPR71HvHfW4n889936tzb_W3rVK946k0V68W5x00hx98NJb0W99L9wy3PmByMW8Xvg9c8jH6cGW4zyJP73R78MHW2-SGBN4Y0w3hW8scxgV72c1JCW5r9xBB8SB3VlW3d8hYq81SrPWW3-2jq63pZj5gN4tN1y2FnfgVMnMVWMpqTy-VwKP4y5c7-QmW4phFKh4wxz9KW96hV-B7hkWNRW1djN921rjfhXN2j6Sv4pFfNSW2h60B-1P72VCW5ZJpxG56sKRHW2Ycn6H27YxJfW7smqjq1qNFX3f7kk5wl04\" target=\"_blank\" rel=\"noopener\" data-hs-link-id=\"0\">Pour une presse \u00e9crite ind\u00e9pendante, il faut adapter les montants de l&rsquo;aide indirecte (Initiative parl. 22.423)<\/a><\/h4>\n<p><a href=\"https:\/\/d2-gws04.eu1.hubspotlinksstarter.com\/Ctc\/5F+113\/d2-gws04\/VWYnGB1PC01bV5h_nn7p2g0CW4gSXWJ5l5t_kN8Vtb8g3m2ndW8wLKSR6lZ3nqN2-tpyQ684RFW14kjLV2bW3m5VQ0G6p4Yg1y9W9j1D_h1QbyH3N7trNkQXyr0qN4dzPXHZ0l9jW5-qnMZ43fKwQW7kGv6g26H4GCVk30Qt1cLdWZW8XQKbb2Zr87vW1v-qsY86Nj6fN1z9kQm2k46JVWcvVm87_hw-W2V-F3s6XDF5VW4hnzpd54Tn-5W6Nj9dQ1pBH1BW5Tt0Bw3mRTm3N5nZJtdbNWq2V53gR17cVGddW3t80JJ69VnjJW4wqgjn1426v4W7l5RrD5fF_y5W6-B_Wf5HLhs-VwKzL-2b9q5CW4-rBZV79pyHHW1--0tD3hGwDKW6shgb54DQ984N6gdR3bDlT1nf6WccGb04\" target=\"_blank\" rel=\"noopener\" data-hs-link-id=\"1\"><img decoding=\"async\" class=\"\" title=\"\" src=\"https:\/\/cy1er32c.cloudimg.io\/v7\/https:\/\/storage.googleapis.com\/scope-component-related-images\/componentimage-18814-1726578298116.jpg?func=crop&amp;w=600&amp;h=375\" alt=\"\" width=\"723\" height=\"452\"><\/a><\/p>\n<p>L&rsquo;intervention vise \u00e0 modifier la loi sur la poste et les autres dispositions pertinentes de mani\u00e8re \u00e0 d\u00e9velopper l&rsquo;aide indirecte \u00e0 la presse pour une dur\u00e9e limit\u00e9e \u00e0 sept ans. La presse \u00e9crite se trouve actuellement dans une situation financi\u00e8re difficile en raison d&rsquo;un fort recul du nombre d&rsquo;abonn\u00e9s et d&rsquo;une disposition limit\u00e9e \u00e0 payer pour les m\u00e9dias en ligne, mais aussi et surtout en raison de la migration constante des recettes publicitaires, notamment vers les plateformes technologiques internationales. La pr\u00e9sente initiative parlementaire s&rsquo;engage pour le d\u00e9veloppement de l&rsquo;aide indirecte \u00e0 la presse, dont devraient notamment profiter les journaux locaux et r\u00e9gionaux. Les aides pr\u00e9vues s&rsquo;appuient sur la loi sur la poste. Ce syst\u00e8me d&rsquo;aide indirecte \u00e0 la presse est important et <a href=\"https:\/\/d2-gws04.eu1.hubspotlinksstarter.com\/Ctc\/5F+113\/d2-gws04\/VWYnGB1PC01bV5h_nn7p2g0CW4gSXWJ5l5t_kN8Vtb8z3m2ndW95jsWP6lZ3ncW1GySV54J-lfhW4vyqpQ2fGZVJW4PBVXb7llz39W5KrSkx6RBnVrW5jlz1L6gVShwW5_wc1Q5hyVkQW1dRWNX3P2QqPW5QbxXY48hjbVN4VgwZMB0HSsW3L6kC_4wsgJgW2ZnygP8GjnlMN6w43df8v-NKW4nClGy7mc3jGW1Jp1tJ7q02RxW4NvSX91PlbBhW4SfPRt8n9QkfVs9QDq7sdQ57W4v5nfH2Kg0zDN2WBVN6vrdS9W80WVtR8RppJQW8b5mdp6RXZXTW6Qz7Wm8X6nqlW8LwQQ15GbTtmN4F0QrqcH0wsW8FZ_D35Bl8bwW7C2gp82dVmlfW4sP_qc92q0rBW7z6dxT53HDTDW2gW3D33wJCPRW1x2pX95G_50Sf3n1CVz04\" target=\"_blank\" rel=\"noopener\" data-hs-link-id=\"0\">KS\/CS recommande de l&rsquo;accepter<\/a>. Il existe depuis 1849 et garantit l&rsquo;ind\u00e9pendance r\u00e9dactionnelle des m\u00e9dias. <a href=\"https:\/\/www.parlament.ch\/fr\/ratsbetrieb\/suche-curia-vista\/geschaeft?AffairId=20220423&amp;utm_medium=email&amp;_hsenc=p2ANqtz-_NFxlYU4StIpNXR94qBPhL2aFzuECtcnxISv9mSnQnBrmFBZCq31Z03ZWF78zhWnww3tIfol1XFKzpg8sSGh9guUAuFw&amp;_hsmi=95113563&amp;utm_content=95113563&amp;utm_source=hs_email\" target=\"_blank\" rel=\"noopener\">Vers l&rsquo;initiative.<\/a><\/p>\n<p>&nbsp;<\/p>\n<h3 id=\"title-id-2\">La publicit\u00e9 au Conseil des Etats<\/h3>\n<hr>\n<h4><a href=\"https:\/\/d2-gws04.eu1.hubspotlinksstarter.com\/Ctc\/5F+113\/d2-gws04\/VWYnGB1PC01bV5h_nn7p2g0CW4gSXWJ5l5t_kN8Vtb8g3m2ndW8wLKSR6lZ3kPW1dBqgF98G3-7W4z4Vnl6hSy99VyLJNj8G9VmLW4KZrh57DrsRdN2zM59Rg0fwfV6R2KN77PXBSW5cdRBD8_Jt0XN2nCz1yJDqKmW5l2-hW3dg-DGW3HTx-Z58r5XlW4Ychyh1D8fdcW5_k0CH2nDkSQW6HR0z454h1BBW1l9J9L18L0Q5W4X75Rd4d0vwTW4f0Kd26919qJW3Y3fSf7wfxFgW3TXnnf6gNwtFW5RMMj-2m7v3jW7Bh2t-5dSg-fW93syml15KmFbW3fQK9n8FHkYLW71gPtK82TYbMW8S56Gb4xmbX-W3hScSc3V_ClPW33qfr461r2qBW15xjr92jTgfhW5pdSZ-3KffFVf1gYW_F04\" target=\"_blank\" rel=\"noopener\" data-hs-link-id=\"0\">M\u00e9dias et intelligence artificielle (Interpellation 24.3616)<\/a><\/h4>\n<p><a href=\"https:\/\/d2-gws04.eu1.hubspotlinksstarter.com\/Ctc\/5F+113\/d2-gws04\/VWYnGB1PC01bV5h_nn7p2g0CW4gSXWJ5l5t_kN8Vtb8g3m2ndW8wLKSR6lZ3mLW7shVly1F3rF_VB19t51HM02TW2LQ5nX19KsNgW8dlcl9259QchN4XLCmmhF1NGW19X1RS6bgt_lW6psT8t7RpTrMW7jzMcH29zkn1VQhcds5bSq2WW13rXz91XRyZnW3brKxb2lJ-f4W4c82lV4cZDGTW1Y8RbL8Kwt9GW8qStS08RZ480V3X8p435xs-LW6789Md2hC-xSMmMSZCYqV-GW21xT0L57LDCYW7RBMWx6vHKVzW6ZBWx-8GQq_JW31BZqg5pT0lJW6krPWb3HvnHqW5k7Gzc6Nhh8VW1xr4gq5cMvRgW8kqx6p8_85pdW6WsxyK33bs6FW49QyH565shtdVqM6pH4bgNR3f18h-j804\" target=\"_blank\" rel=\"noopener\" data-hs-link-id=\"1\"><img decoding=\"async\" class=\"\" title=\"\" src=\"https:\/\/cy1er32c.cloudimg.io\/v7\/https:\/\/storage.googleapis.com\/scope-component-related-images\/componentimage-18814-1726578309841.jpg?func=crop&amp;w=600&amp;h=375\" alt=\"\" width=\"719\" height=\"450\"><\/a><\/p>\n<p>L&rsquo;interpellatrice souligne que les applications de l&rsquo;intelligence artificielle g\u00e9n\u00e9rative se servent de contenus journalistiques et les transmettent sous la forme souhait\u00e9e (p. ex. dans des chatbots d&rsquo;intelligence artificielle). Elle s&rsquo;inqui\u00e8te \u00e0 cet \u00e9gard des droits de propri\u00e9t\u00e9 des journalistes et des \u00e9diteurs et aimerait savoir ce que le Conseil f\u00e9d\u00e9ral a l&rsquo;intention de faire. Le premier jour de la session, le Conseil des Etats a souhait\u00e9 en discuter. La discussion avec le Conseiller f\u00e9d\u00e9ral Albert R\u00f6sti, chef du DETEC, peut \u00eatre lue <a href=\"https:\/\/d2-gws04.eu1.hubspotlinksstarter.com\/Ctc\/5F+113\/d2-gws04\/VWYnGB1PC01bV5h_nn7p2g0CW4gSXWJ5l5t_kN8Vtb6v5kBVqW50kH_H6lZ3pXW6Q47th427mMgW7KmskN8QYcJ7W1NQgml4L4X8mW6tBBkS5R2-pNW1qztv07d4s1jW90DN8J4DVNzQW2srM2_2tJ8tCVdBC4z4tsdj-W7p9lq655qtNDN3ZDHPKmjXmWW6QWfwk2P3Jx_W7N8ljY7sqs1BW1RPrYh7KPPPjW893VND6-2wDNW3nRHWQ4J82C5W5rbQ_P2Gg2sDW2yJJlk6-3tdqW463Wz287j44vW2MYf8S8VWFjXW21w6sp46lftxN4FzZNTz3ntWW4LJ1hz96XBpmW12wFG_5MYhdDW2Tr55N4kJF7FVQY7lW1X9M_nW3CdfYK91-6WJW2xGSK21lKtZLW51bMKd6863kNW5qlfFt69vgQBW8d7Dwn35rMqpVvdjgr4WhtB0W5NhKQ42P10p5f5q2nkP04\" target=\"_blank\" rel=\"noopener\" data-hs-link-id=\"0\">ici<\/a>. <a href=\"https:\/\/www.parlament.ch\/fr\/ratsbetrieb\/suche-curia-vista\/geschaeft?AffairId=20243616&amp;utm_medium=email&amp;_hsenc=p2ANqtz-8_tHzuyrxI5Hlj7L3ZLwKj8Rj3v74MCd_hNRmt-LEX_k9iFb4eF9btArsb2Z1RFdp1CnGJ8hJIdQWdW_Be4N00iqFJag&amp;_hsmi=95113563&amp;utm_content=95113563&amp;utm_source=hs_email\" target=\"_blank\" rel=\"noopener\">Vers l&rsquo;Interpellation.<\/a><\/p>\n<h2 id=\"title-id-2\">&nbsp;<\/h2>\n<hr>\n<h4><a href=\"https:\/\/d2-gws04.eu1.hubspotlinksstarter.com\/Ctc\/5F+113\/d2-gws04\/VWYnGB1PC01bV5h_nn7p2g0CW4gSXWJ5l5t_kN8Vtb8g3m2ndW8wLKSR6lZ3ldN13BSCcBwFrLW3975SP3C9BdtW6WlyD_83QY5-W5s5M0V2L_yR9W3JvqY43SVYgXW9gdKKV6XzSgcW36pRWf6BF3lNW1lVLv48J7PztVQmXZJ7ZZmW-W45NdBw7MjyVyW6ZlTbk2v7yl9W2wZJbL8r2jrBW7ymwvm8xQMl0W14F-Kl4ZDYpdVM4sD69gRb2PW5b0RtG7wTRNFW5xpsD21dcnNwW7HMMGK7cgxBVW3DJCNt7L5qbVW7Q7LGl8DMQ8gW1lQnRp4p_xNHW8hL4GG5hcBQZW8MrzY95wDFl-W504H275Mp2SXW44XCRn5qdP8QW5W3cpY8wjZZfW5kHZR96n0sk3W1XfP0b8wmkfYf6rd4Bq04\" target=\"_blank\" rel=\"noopener\" data-hs-link-id=\"0\">Loi sur les produits du tabac (LPTab). R\u00e9vision partielle (BRG 23.049)<\/a><\/h4>\n<p><a href=\"https:\/\/d2-gws04.eu1.hubspotlinksstarter.com\/Ctc\/5F+113\/d2-gws04\/VWYnGB1PC01bV5h_nn7p2g0CW4gSXWJ5l5t_kN8Vtb8g3m2ndW8wLKSR6lZ3mMW8fv0Sb5VN1y7VrTkK37BGHLdW38P7Kl7D4nNJW8xFTQx2ftTW5VF0Wvv2xxlk0W3rTWB11WrvtRW39qr68290gVQW8C75NP4fQzw2VLqNsC7l3W_zW7tsWgx8XtbFwN4Yl7-6NK_XrW99g8343s8gvhW2c16dt29rtnFW17_js57J3y4jW4v5qQf1p_42DW5_-Gnx8WVMVJW3-NyQT5b4vjJW87mW087dD4wyVDtYBq2wshWYW5Cs7yL7Szc_zW3GWzYj8Z-rs2N3SR8VBJdx16N84fD2JmV668W54pSyw4GRLJ_W5Nr-Cd4G6wqVW6_G4C15R666JW1d2W4C854FN6W1-zSdm3fK5CPf2-L8K-04\" target=\"_blank\" rel=\"noopener\" data-hs-link-id=\"1\"><img decoding=\"async\" class=\"\" title=\"\" src=\"https:\/\/cy1er32c.cloudimg.io\/v7\/https:\/\/storage.googleapis.com\/scope-component-related-images\/componentimage-18814-1726578333871.jpg?func=crop&amp;w=600&amp;h=375\" alt=\"\" width=\"719\" height=\"450\"><\/a><\/p>\n<p>La majorit\u00e9 du Conseil des Etats maintient ses d\u00e9cisions ant\u00e9rieures concernant la mise en \u0153uvre de l&rsquo;initiative populaire \u00ab Oui \u00e0 la protection des enfants et des jeunes contre la publicit\u00e9 pour le tabac \u00bb. KS\/CS salue le fait que ce dernier corrige le projet du Conseil f\u00e9d\u00e9ral sur des points qui auraient d\u00e9pass\u00e9 le cadre de l&rsquo;initiative populaire. Nous continuons \u00e0 suivre ce dossier, qui sera ensuite trait\u00e9 par la commission du Conseil national. <a href=\"https:\/\/www.parlament.ch\/fr\/ratsbetrieb\/suche-curia-vista\/geschaeft?AffairId=20230049&amp;utm_medium=email&amp;_hsenc=p2ANqtz--nKjrFA3vx3Z5kMAmOVOXnruHLIg2OotaAuxy4GjfxxGUqoop5I4brqW7nz2HT3_SNFvaRbSPgunmHCr8WxmKngPqfkg&amp;_hsmi=95113563&amp;utm_content=95113563&amp;utm_source=hs_email\" target=\"_blank\" rel=\"noopener\">Vers l&rsquo;objet.<\/a><\/p>\n<p>&nbsp;<\/p>\n<p style=\"text-align: center;\"><strong>Vous souhaitez \u00eatre automatiquement tenu au courant ?<\/strong><\/p>\n<h3 style=\"text-align: center;\"><a class=\"fasc-button fasc-size-large fasc-type-flat fasc-rounded-medium fasc-style-bold\" style=\"background-color: #ae1419; color: #ffffff;\" target=\"_blank\" rel=\"noopener\" href=\"https:\/\/ks-cs.ch\/fr\/bulletin-dinformation\/\">S&rsquo;abonner maintenant<\/a><\/h3>\n","protected":false},"excerpt":{"rendered":"<p>\u00c9dition du : 18.09.2024 Cinq dossier qui concernent directement la branche publicitaire sont \u00e0 l&rsquo;ordre du jour de la session d&rsquo;automne. De la publicit\u00e9 sur les m\u00e9dias sociaux \u00e0 l&rsquo;intelligence artificielle en passant par l&rsquo;aide indirecte \u00e0 la presse, nous nous occupons donc de divers sujets pour lesquels nous faisons \u00e0 chaque fois valoir les int\u00e9r\u00eats de la publicit\u00e9 suisse \u00e0 Berne. Et, celle-ci a besoin de conditions-cadres coh\u00e9rentes et d&rsquo;une l\u00e9gislation qui garantisse une publicit\u00e9 libre et loyale.<\/p>\n","protected":false},"author":6,"featured_media":0,"comment_status":"closed","ping_status":"open","sticky":false,"template":"","format":"standard","meta":{"content-type":"","footnotes":""},"categories":[12],"tags":[],"class_list":["post-6295","post","type-post","status-publish","format-standard","hentry","category-nouvelles"],"yoast_head":"<!-- This site is optimized with the Yoast SEO plugin v27.5 - https:\/\/yoast.com\/product\/yoast-seo-wordpress\/ -->\n<title>News-Politiques : Positions de la KS\/CS lors de la session d&#039;automne 2024 - KS\/CS Communication Suisse<\/title>\n<meta name=\"description\" content=\"Cinq dossier qui concernent directement la branche publicitaire sont \u00e0 l&#039;ordre du jour de la session d&#039;automne.\" \/>\n<meta name=\"robots\" content=\"index, follow, max-snippet:-1, max-image-preview:large, max-video-preview:-1\" \/>\n<link rel=\"canonical\" href=\"https:\/\/ks-cs.ch\/fr\/positions-de-la-ks-cs-lors-de-la-session-dautomne-2024\/\" \/>\n<meta property=\"og:locale\" content=\"fr_FR\" \/>\n<meta property=\"og:type\" content=\"article\" \/>\n<meta property=\"og:title\" content=\"News-Politiques : Positions de la KS\/CS lors de la session d&#039;automne 2024 - KS\/CS Communication Suisse\" \/>\n<meta property=\"og:description\" content=\"Cinq dossier qui concernent directement la branche publicitaire sont \u00e0 l&#039;ordre du jour de la session d&#039;automne.\" \/>\n<meta property=\"og:url\" content=\"https:\/\/ks-cs.ch\/fr\/positions-de-la-ks-cs-lors-de-la-session-dautomne-2024\/\" \/>\n<meta property=\"og:site_name\" content=\"KS\/CS Communication Suisse\" \/>\n<meta property=\"article:published_time\" content=\"2024-09-12T19:05:02+00:00\" \/>\n<meta property=\"article:modified_time\" content=\"2024-09-25T08:39:19+00:00\" \/>\n<meta property=\"og:image\" content=\"https:\/\/cy1er32c.cloudimg.io\/v7\/https:\/\/storage.googleapis.com\/scope-component-related-images\/componentimage-18814-1726578107966.jpg?func=crop&amp;w=600&amp;h=375\" \/>\n<meta name=\"author\" content=\"Yasmin Spengler\" \/>\n<meta name=\"twitter:card\" content=\"summary_large_image\" \/>\n<meta name=\"twitter:label1\" content=\"\u00c9crit par\" \/>\n\t<meta name=\"twitter:data1\" content=\"Yasmin Spengler\" \/>\n\t<meta name=\"twitter:label2\" content=\"Dur\u00e9e de lecture estim\u00e9e\" \/>\n\t<meta name=\"twitter:data2\" content=\"5 minutes\" \/>\n<script type=\"application\/ld+json\" class=\"yoast-schema-graph\">{\"@context\":\"https:\\\/\\\/schema.org\",\"@graph\":[{\"@type\":\"Article\",\"@id\":\"https:\\\/\\\/ks-cs.ch\\\/fr\\\/positions-de-la-ks-cs-lors-de-la-session-dautomne-2024\\\/#article\",\"isPartOf\":{\"@id\":\"https:\\\/\\\/ks-cs.ch\\\/fr\\\/positions-de-la-ks-cs-lors-de-la-session-dautomne-2024\\\/\"},\"author\":{\"name\":\"Yasmin Spengler\",\"@id\":\"https:\\\/\\\/ks-cs.ch\\\/fr\\\/#\\\/schema\\\/person\\\/9d52779da2bedc35cb887cf481ae8cfb\"},\"headline\":\"News-Politiques : Positions de la KS\\\/CS lors de la session d&rsquo;automne 2024\",\"datePublished\":\"2024-09-12T19:05:02+00:00\",\"dateModified\":\"2024-09-25T08:39:19+00:00\",\"mainEntityOfPage\":{\"@id\":\"https:\\\/\\\/ks-cs.ch\\\/fr\\\/positions-de-la-ks-cs-lors-de-la-session-dautomne-2024\\\/\"},\"wordCount\":729,\"publisher\":{\"@id\":\"https:\\\/\\\/ks-cs.ch\\\/fr\\\/#organization\"},\"image\":{\"@id\":\"https:\\\/\\\/ks-cs.ch\\\/fr\\\/positions-de-la-ks-cs-lors-de-la-session-dautomne-2024\\\/#primaryimage\"},\"thumbnailUrl\":\"https:\\\/\\\/cy1er32c.cloudimg.io\\\/v7\\\/https:\\\/\\\/storage.googleapis.com\\\/scope-component-related-images\\\/componentimage-18814-1726578107966.jpg?func=crop&amp;w=600&amp;h=375\",\"articleSection\":[\"Nouvelles\"],\"inLanguage\":\"fr-FR\"},{\"@type\":\"WebPage\",\"@id\":\"https:\\\/\\\/ks-cs.ch\\\/fr\\\/positions-de-la-ks-cs-lors-de-la-session-dautomne-2024\\\/\",\"url\":\"https:\\\/\\\/ks-cs.ch\\\/fr\\\/positions-de-la-ks-cs-lors-de-la-session-dautomne-2024\\\/\",\"name\":\"News-Politiques : Positions de la KS\\\/CS lors de la session d'automne 2024 - KS\\\/CS Communication Suisse\",\"isPartOf\":{\"@id\":\"https:\\\/\\\/ks-cs.ch\\\/fr\\\/#website\"},\"primaryImageOfPage\":{\"@id\":\"https:\\\/\\\/ks-cs.ch\\\/fr\\\/positions-de-la-ks-cs-lors-de-la-session-dautomne-2024\\\/#primaryimage\"},\"image\":{\"@id\":\"https:\\\/\\\/ks-cs.ch\\\/fr\\\/positions-de-la-ks-cs-lors-de-la-session-dautomne-2024\\\/#primaryimage\"},\"thumbnailUrl\":\"https:\\\/\\\/cy1er32c.cloudimg.io\\\/v7\\\/https:\\\/\\\/storage.googleapis.com\\\/scope-component-related-images\\\/componentimage-18814-1726578107966.jpg?func=crop&amp;w=600&amp;h=375\",\"datePublished\":\"2024-09-12T19:05:02+00:00\",\"dateModified\":\"2024-09-25T08:39:19+00:00\",\"description\":\"Cinq dossier qui concernent directement la branche publicitaire sont \u00e0 l'ordre du jour de la session d'automne.\",\"breadcrumb\":{\"@id\":\"https:\\\/\\\/ks-cs.ch\\\/fr\\\/positions-de-la-ks-cs-lors-de-la-session-dautomne-2024\\\/#breadcrumb\"},\"inLanguage\":\"fr-FR\",\"potentialAction\":[{\"@type\":\"ReadAction\",\"target\":[\"https:\\\/\\\/ks-cs.ch\\\/fr\\\/positions-de-la-ks-cs-lors-de-la-session-dautomne-2024\\\/\"]}]},{\"@type\":\"ImageObject\",\"inLanguage\":\"fr-FR\",\"@id\":\"https:\\\/\\\/ks-cs.ch\\\/fr\\\/positions-de-la-ks-cs-lors-de-la-session-dautomne-2024\\\/#primaryimage\",\"url\":\"https:\\\/\\\/cy1er32c.cloudimg.io\\\/v7\\\/https:\\\/\\\/storage.googleapis.com\\\/scope-component-related-images\\\/componentimage-18814-1726578107966.jpg?func=crop&amp;w=600&amp;h=375\",\"contentUrl\":\"https:\\\/\\\/cy1er32c.cloudimg.io\\\/v7\\\/https:\\\/\\\/storage.googleapis.com\\\/scope-component-related-images\\\/componentimage-18814-1726578107966.jpg?func=crop&amp;w=600&amp;h=375\"},{\"@type\":\"BreadcrumbList\",\"@id\":\"https:\\\/\\\/ks-cs.ch\\\/fr\\\/positions-de-la-ks-cs-lors-de-la-session-dautomne-2024\\\/#breadcrumb\",\"itemListElement\":[{\"@type\":\"ListItem\",\"position\":1,\"name\":\"Home\",\"item\":\"https:\\\/\\\/ks-cs.ch\\\/fr\\\/\"},{\"@type\":\"ListItem\",\"position\":2,\"name\":\"News-Politiques : Positions de la KS\\\/CS lors de la session d&#8217;automne 2024\"}]},{\"@type\":\"WebSite\",\"@id\":\"https:\\\/\\\/ks-cs.ch\\\/fr\\\/#website\",\"url\":\"https:\\\/\\\/ks-cs.ch\\\/fr\\\/\",\"name\":\"KS\\\/CS Kommunikation Schweiz\",\"description\":\"Association des communications commerciales\",\"publisher\":{\"@id\":\"https:\\\/\\\/ks-cs.ch\\\/fr\\\/#organization\"},\"potentialAction\":[{\"@type\":\"SearchAction\",\"target\":{\"@type\":\"EntryPoint\",\"urlTemplate\":\"https:\\\/\\\/ks-cs.ch\\\/fr\\\/?s={search_term_string}\"},\"query-input\":{\"@type\":\"PropertyValueSpecification\",\"valueRequired\":true,\"valueName\":\"search_term_string\"}}],\"inLanguage\":\"fr-FR\"},{\"@type\":\"Organization\",\"@id\":\"https:\\\/\\\/ks-cs.ch\\\/fr\\\/#organization\",\"name\":\"KS\\\/CS Kommunikation Schweiz\",\"url\":\"https:\\\/\\\/ks-cs.ch\\\/fr\\\/\",\"logo\":{\"@type\":\"ImageObject\",\"inLanguage\":\"fr-FR\",\"@id\":\"https:\\\/\\\/ks-cs.ch\\\/fr\\\/#\\\/schema\\\/logo\\\/image\\\/\",\"url\":\"https:\\\/\\\/ks-cs.ch\\\/wp-content\\\/uploads\\\/2022\\\/12\\\/Logo-Social-Media-1.jpg\",\"contentUrl\":\"https:\\\/\\\/ks-cs.ch\\\/wp-content\\\/uploads\\\/2022\\\/12\\\/Logo-Social-Media-1.jpg\",\"width\":709,\"height\":608,\"caption\":\"KS\\\/CS Kommunikation Schweiz\"},\"image\":{\"@id\":\"https:\\\/\\\/ks-cs.ch\\\/fr\\\/#\\\/schema\\\/logo\\\/image\\\/\"},\"sameAs\":[\"https:\\\/\\\/www.linkedin.com\\\/company\\\/kommunikation-schweiz-communication-suisse-comunicazione-svizzera-communication-switzerland\\\/\"]},{\"@type\":\"Person\",\"@id\":\"https:\\\/\\\/ks-cs.ch\\\/fr\\\/#\\\/schema\\\/person\\\/9d52779da2bedc35cb887cf481ae8cfb\",\"name\":\"Yasmin Spengler\",\"image\":{\"@type\":\"ImageObject\",\"inLanguage\":\"fr-FR\",\"@id\":\"https:\\\/\\\/secure.gravatar.com\\\/avatar\\\/55e0188ff631f21ae4e1891d34a7a316edd8320e919b990bd18eab546364b283?s=96&d=mm&r=g\",\"url\":\"https:\\\/\\\/secure.gravatar.com\\\/avatar\\\/55e0188ff631f21ae4e1891d34a7a316edd8320e919b990bd18eab546364b283?s=96&d=mm&r=g\",\"contentUrl\":\"https:\\\/\\\/secure.gravatar.com\\\/avatar\\\/55e0188ff631f21ae4e1891d34a7a316edd8320e919b990bd18eab546364b283?s=96&d=mm&r=g\",\"caption\":\"Yasmin Spengler\"}}]}<\/script>\n<!-- \/ Yoast SEO plugin. -->","yoast_head_json":{"title":"News-Politiques : Positions de la KS\/CS lors de la session d'automne 2024 - KS\/CS Communication Suisse","description":"Cinq dossier qui concernent directement la branche publicitaire sont \u00e0 l'ordre du jour de la session d'automne.","robots":{"index":"index","follow":"follow","max-snippet":"max-snippet:-1","max-image-preview":"max-image-preview:large","max-video-preview":"max-video-preview:-1"},"canonical":"https:\/\/ks-cs.ch\/fr\/positions-de-la-ks-cs-lors-de-la-session-dautomne-2024\/","og_locale":"fr_FR","og_type":"article","og_title":"News-Politiques : Positions de la KS\/CS lors de la session d'automne 2024 - KS\/CS Communication Suisse","og_description":"Cinq dossier qui concernent directement la branche publicitaire sont \u00e0 l'ordre du jour de la session d'automne.","og_url":"https:\/\/ks-cs.ch\/fr\/positions-de-la-ks-cs-lors-de-la-session-dautomne-2024\/","og_site_name":"KS\/CS Communication Suisse","article_published_time":"2024-09-12T19:05:02+00:00","article_modified_time":"2024-09-25T08:39:19+00:00","og_image":[{"url":"https:\/\/cy1er32c.cloudimg.io\/v7\/https:\/\/storage.googleapis.com\/scope-component-related-images\/componentimage-18814-1726578107966.jpg?func=crop&amp;w=600&amp;h=375","type":"","width":"","height":""}],"author":"Yasmin Spengler","twitter_card":"summary_large_image","twitter_misc":{"\u00c9crit par":"Yasmin Spengler","Dur\u00e9e de lecture estim\u00e9e":"5 minutes"},"schema":{"@context":"https:\/\/schema.org","@graph":[{"@type":"Article","@id":"https:\/\/ks-cs.ch\/fr\/positions-de-la-ks-cs-lors-de-la-session-dautomne-2024\/#article","isPartOf":{"@id":"https:\/\/ks-cs.ch\/fr\/positions-de-la-ks-cs-lors-de-la-session-dautomne-2024\/"},"author":{"name":"Yasmin Spengler","@id":"https:\/\/ks-cs.ch\/fr\/#\/schema\/person\/9d52779da2bedc35cb887cf481ae8cfb"},"headline":"News-Politiques : Positions de la KS\/CS lors de la session d&rsquo;automne 2024","datePublished":"2024-09-12T19:05:02+00:00","dateModified":"2024-09-25T08:39:19+00:00","mainEntityOfPage":{"@id":"https:\/\/ks-cs.ch\/fr\/positions-de-la-ks-cs-lors-de-la-session-dautomne-2024\/"},"wordCount":729,"publisher":{"@id":"https:\/\/ks-cs.ch\/fr\/#organization"},"image":{"@id":"https:\/\/ks-cs.ch\/fr\/positions-de-la-ks-cs-lors-de-la-session-dautomne-2024\/#primaryimage"},"thumbnailUrl":"https:\/\/cy1er32c.cloudimg.io\/v7\/https:\/\/storage.googleapis.com\/scope-component-related-images\/componentimage-18814-1726578107966.jpg?func=crop&amp;w=600&amp;h=375","articleSection":["Nouvelles"],"inLanguage":"fr-FR"},{"@type":"WebPage","@id":"https:\/\/ks-cs.ch\/fr\/positions-de-la-ks-cs-lors-de-la-session-dautomne-2024\/","url":"https:\/\/ks-cs.ch\/fr\/positions-de-la-ks-cs-lors-de-la-session-dautomne-2024\/","name":"News-Politiques : Positions de la KS\/CS lors de la session d'automne 2024 - KS\/CS Communication Suisse","isPartOf":{"@id":"https:\/\/ks-cs.ch\/fr\/#website"},"primaryImageOfPage":{"@id":"https:\/\/ks-cs.ch\/fr\/positions-de-la-ks-cs-lors-de-la-session-dautomne-2024\/#primaryimage"},"image":{"@id":"https:\/\/ks-cs.ch\/fr\/positions-de-la-ks-cs-lors-de-la-session-dautomne-2024\/#primaryimage"},"thumbnailUrl":"https:\/\/cy1er32c.cloudimg.io\/v7\/https:\/\/storage.googleapis.com\/scope-component-related-images\/componentimage-18814-1726578107966.jpg?func=crop&amp;w=600&amp;h=375","datePublished":"2024-09-12T19:05:02+00:00","dateModified":"2024-09-25T08:39:19+00:00","description":"Cinq dossier qui concernent directement la branche publicitaire sont \u00e0 l'ordre du jour de la session d'automne.","breadcrumb":{"@id":"https:\/\/ks-cs.ch\/fr\/positions-de-la-ks-cs-lors-de-la-session-dautomne-2024\/#breadcrumb"},"inLanguage":"fr-FR","potentialAction":[{"@type":"ReadAction","target":["https:\/\/ks-cs.ch\/fr\/positions-de-la-ks-cs-lors-de-la-session-dautomne-2024\/"]}]},{"@type":"ImageObject","inLanguage":"fr-FR","@id":"https:\/\/ks-cs.ch\/fr\/positions-de-la-ks-cs-lors-de-la-session-dautomne-2024\/#primaryimage","url":"https:\/\/cy1er32c.cloudimg.io\/v7\/https:\/\/storage.googleapis.com\/scope-component-related-images\/componentimage-18814-1726578107966.jpg?func=crop&amp;w=600&amp;h=375","contentUrl":"https:\/\/cy1er32c.cloudimg.io\/v7\/https:\/\/storage.googleapis.com\/scope-component-related-images\/componentimage-18814-1726578107966.jpg?func=crop&amp;w=600&amp;h=375"},{"@type":"BreadcrumbList","@id":"https:\/\/ks-cs.ch\/fr\/positions-de-la-ks-cs-lors-de-la-session-dautomne-2024\/#breadcrumb","itemListElement":[{"@type":"ListItem","position":1,"name":"Home","item":"https:\/\/ks-cs.ch\/fr\/"},{"@type":"ListItem","position":2,"name":"News-Politiques : Positions de la KS\/CS lors de la session d&#8217;automne 2024"}]},{"@type":"WebSite","@id":"https:\/\/ks-cs.ch\/fr\/#website","url":"https:\/\/ks-cs.ch\/fr\/","name":"KS\/CS Kommunikation Schweiz","description":"Association des communications commerciales","publisher":{"@id":"https:\/\/ks-cs.ch\/fr\/#organization"},"potentialAction":[{"@type":"SearchAction","target":{"@type":"EntryPoint","urlTemplate":"https:\/\/ks-cs.ch\/fr\/?s={search_term_string}"},"query-input":{"@type":"PropertyValueSpecification","valueRequired":true,"valueName":"search_term_string"}}],"inLanguage":"fr-FR"},{"@type":"Organization","@id":"https:\/\/ks-cs.ch\/fr\/#organization","name":"KS\/CS Kommunikation Schweiz","url":"https:\/\/ks-cs.ch\/fr\/","logo":{"@type":"ImageObject","inLanguage":"fr-FR","@id":"https:\/\/ks-cs.ch\/fr\/#\/schema\/logo\/image\/","url":"https:\/\/ks-cs.ch\/wp-content\/uploads\/2022\/12\/Logo-Social-Media-1.jpg","contentUrl":"https:\/\/ks-cs.ch\/wp-content\/uploads\/2022\/12\/Logo-Social-Media-1.jpg","width":709,"height":608,"caption":"KS\/CS Kommunikation Schweiz"},"image":{"@id":"https:\/\/ks-cs.ch\/fr\/#\/schema\/logo\/image\/"},"sameAs":["https:\/\/www.linkedin.com\/company\/kommunikation-schweiz-communication-suisse-comunicazione-svizzera-communication-switzerland\/"]},{"@type":"Person","@id":"https:\/\/ks-cs.ch\/fr\/#\/schema\/person\/9d52779da2bedc35cb887cf481ae8cfb","name":"Yasmin Spengler","image":{"@type":"ImageObject","inLanguage":"fr-FR","@id":"https:\/\/secure.gravatar.com\/avatar\/55e0188ff631f21ae4e1891d34a7a316edd8320e919b990bd18eab546364b283?s=96&d=mm&r=g","url":"https:\/\/secure.gravatar.com\/avatar\/55e0188ff631f21ae4e1891d34a7a316edd8320e919b990bd18eab546364b283?s=96&d=mm&r=g","contentUrl":"https:\/\/secure.gravatar.com\/avatar\/55e0188ff631f21ae4e1891d34a7a316edd8320e919b990bd18eab546364b283?s=96&d=mm&r=g","caption":"Yasmin Spengler"}}]}},"publishpress_future_action":{"enabled":false,"date":"2026-05-08 20:50:38","action":"change-status","newStatus":"draft","terms":[],"taxonomy":"category","extraData":[]},"publishpress_future_workflow_manual_trigger":{"enabledWorkflows":[]},"_links":{"self":[{"href":"https:\/\/ks-cs.ch\/fr\/wp-json\/wp\/v2\/posts\/6295","targetHints":{"allow":["GET"]}}],"collection":[{"href":"https:\/\/ks-cs.ch\/fr\/wp-json\/wp\/v2\/posts"}],"about":[{"href":"https:\/\/ks-cs.ch\/fr\/wp-json\/wp\/v2\/types\/post"}],"author":[{"embeddable":true,"href":"https:\/\/ks-cs.ch\/fr\/wp-json\/wp\/v2\/users\/6"}],"replies":[{"embeddable":true,"href":"https:\/\/ks-cs.ch\/fr\/wp-json\/wp\/v2\/comments?post=6295"}],"version-history":[{"count":1,"href":"https:\/\/ks-cs.ch\/fr\/wp-json\/wp\/v2\/posts\/6295\/revisions"}],"predecessor-version":[{"id":6329,"href":"https:\/\/ks-cs.ch\/fr\/wp-json\/wp\/v2\/posts\/6295\/revisions\/6329"}],"wp:attachment":[{"href":"https:\/\/ks-cs.ch\/fr\/wp-json\/wp\/v2\/media?parent=6295"}],"wp:term":[{"taxonomy":"category","embeddable":true,"href":"https:\/\/ks-cs.ch\/fr\/wp-json\/wp\/v2\/categories?post=6295"},{"taxonomy":"post_tag","embeddable":true,"href":"https:\/\/ks-cs.ch\/fr\/wp-json\/wp\/v2\/tags?post=6295"}],"curies":[{"name":"wp","href":"https:\/\/api.w.org\/{rel}","templated":true}]}}