{"id":6250,"date":"2024-09-02T14:23:25","date_gmt":"2024-09-02T12:23:25","guid":{"rendered":"https:\/\/ks-cs.ch\/?p=6250"},"modified":"2024-09-02T14:35:35","modified_gmt":"2024-09-02T12:35:35","slug":"un-grand-pas-en-avant-grace-au-brevet-federal","status":"publish","type":"post","link":"https:\/\/ks-cs.ch\/fr\/un-grand-pas-en-avant-grace-au-brevet-federal\/","title":{"rendered":"Un grand pas en avant gr\u00e2ce au brevet f\u00e9d\u00e9ral"},"content":{"rendered":"<p>(de g. \u00e0 d.) Yves Epiney, Ferro Brandon, Julie Matos-Strasser, Imloul Athmane, Eliane Potterat et Roland Ehrler.<\/p>\n<p>La c\u00e9r\u00e9monie de remise des dipl\u00f4mes, anim\u00e9e par le pr\u00e9sident de la commission d&rsquo;examen, Dominik Leonhardt, a r\u00e9uni des \u00e9tudiants, ainsi que leurs proches et leurs enfants, des enseignants et des repr\u00e9sentants de la branche de la communication. Dans son message de bienvenue, J\u00fcrg Bachmann, Pr\u00e9sident de KS\/CS Communication Suisse, a f\u00e9licit\u00e9 les dipl\u00f4m\u00e9s pour leur r\u00e9ussite. Il a \u00e9galement soulign\u00e9 l&rsquo;importance de la formation pour l&rsquo;ensemble de la branche. La manifestation a \u00e9t\u00e9 l&rsquo;occasion pour les dipl\u00f4m\u00e9s de recevoir leurs certificats des mains des responsables des examens, Yves Epiney et Roland Ehrler, et de c\u00e9l\u00e9brer cette \u00e9tape importante.<\/p>\n<h3>La formation allie connaissances th\u00e9oriques et application pratique<\/h3>\n<p>\u00ab Les diff\u00e9rentes m\u00e9thodes et canaux de communication que j&rsquo;ai appris me permettent de d\u00e9velopper des messages cibl\u00e9s et de communiquer de mani\u00e8re sp\u00e9cifique aux groupes cibles, ce qui souligne l&rsquo;influence de la communication sur la strat\u00e9gie globale de l&rsquo;entreprise \u00bb, r\u00e9pond Nadia Leutenneger (SAWI), \u00e0 la question de savoir comment la formation a chang\u00e9 sa perspective sur le r\u00f4le de la communication dans les entreprises. Laura Panzeri (Digital Strategies Academy) souligne elle aussi que la formation apporte des outils importants pour relever les d\u00e9fis professionnels avec comp\u00e9tence : \u00ab La formation de sp\u00e9cialiste en communication m&rsquo;a permis de grandir tant sur le plan professionnel que personnel. Je me sens d\u00e9sormais plus s\u00fbre de moi pour m&rsquo;affirmer dans ce monde en mouvement et en constante \u00e9volution. Je suis beaucoup plus confiante dans la planification et la mise en \u0153uvre de strat\u00e9gies de communication efficaces \u00bb. L&rsquo;accent mis sur le march\u00e9 publicitaire suisse a \u00e9galement convaincu Athmane Imloul (CREA) de suivre cette formation : \u00ab Lorsque je suis arriv\u00e9 en Suisse il y a trois ans, je cherchais une formation qui me permettrait de comprendre la communication dans une perspective suisse afin de mieux m&rsquo;int\u00e9grer au march\u00e9 du travail local \u00bb.<\/p>\n<h3>Des comp\u00e9tences solides pour la suite de la vie professionnelle<\/h3>\n<p>Les quatre meilleurs dipl\u00f4m\u00e9s (deux personnes se partagent la 3e place) ont \u00e9t\u00e9 r\u00e9compens\u00e9s pour leurs brillantes performances par des stylos grav\u00e9s individuellement par Faber Castell, un sponsor de longue date des examens. KS\/CS Communication Suisse f\u00e9licite les dipl\u00f4m\u00e9s pour leurs performances exceptionnelles et leur offre une ann\u00e9e d&rsquo;adh\u00e9sion \u00e0 KS\/CS.<br \/>\nLa c\u00e9r\u00e9monie de remise des dipl\u00f4mes de l&rsquo;examen f\u00e9d\u00e9ral de sp\u00e9cialiste en communication 2024 marque non seulement la fin d&rsquo;un chapitre important de la vie professionnelle des dipl\u00f4m\u00e9s. Mais, c\u2019est \u00e9galement un point final pour le directeur d&rsquo;examen de longue date, Roland Ehrler, qui a \u00e9t\u00e9 responsable de l&rsquo;examen f\u00e9d\u00e9ral de sp\u00e9cialiste en communication en Suisse al\u00e9manique pendant plus de 20 ans.<\/p>\n<p>Un grand merci aux sponsors que sont l&rsquo;Association suisse des annonceurs (ASA), le r\u00e9seau d&rsquo;agences ASW, AMAG Suisse et IAA Swiss Chapter. Pour en savoir plus sur la formation continue en communication, les personnes int\u00e9ress\u00e9es peuvent consulter le <a href=\"https:\/\/ks-cs.ch\/fr\/offre\/examens\/\" target=\"_blank\" rel=\"noopener\">site web de KS\/CS<\/a>.<\/p>\n<p><strong>Demandes des m\u00e9dias :<\/strong><br \/>\nVera Baldo-Tschan<br \/>\nDirection des affaires publiques et de la communication<br \/>\nbaldo-tschan@ks-cs.ch<br \/>\n+41 79 586 66 36<\/p>\n<p><strong>A propos de nous :<\/strong><br \/>\nLa formation et la formation continue sont l&rsquo;une des pr\u00e9occupations majeures de KS\/CS Communication Suisse. L&rsquo;association fa\u00eeti\u00e8re de la communication commerciale en Suisse organise notamment, sur mandat de la Conf\u00e9d\u00e9ration, les examens professionnels f\u00e9d\u00e9raux pour les sp\u00e9cialistes de la communication ainsi que l&rsquo;examen professionnel sup\u00e9rieur pour les responsables de la communication. Chaque ann\u00e9e, jusqu&rsquo;\u00e0 100 candidats passent ces examens. Dans ce contexte, KS\/CS soutient tous les efforts visant \u00e0 renforcer le syst\u00e8me de formation dual et \u00e0 rendre ses dipl\u00f4mes comparables au niveau international.<\/p>\n","protected":false},"excerpt":{"rendered":"<p>Bienne, le 2 septembre 2024. Les dipl\u00f4m\u00e9s du brevet f\u00e9d\u00e9ral de sp\u00e9cialiste en communication franchissent une nouvelle \u00e9tape d\u00e9cisive dans leur carri\u00e8re : ils ont re\u00e7u leurs dipl\u00f4mes bien m\u00e9rit\u00e9s dans un cadre festif. La c\u00e9r\u00e9monie \u00e0 la Maison Farel \u00e0 Bienne, accompagn\u00e9e par l&rsquo;ensemble musical Magic Joko, a \u00e9t\u00e9 un \u00e9v\u00e9nement d\u00e9cisif pour le parcours professionnel des dipl\u00f4m\u00e9s.<\/p>\n","protected":false},"author":4,"featured_media":6254,"comment_status":"closed","ping_status":"open","sticky":false,"template":"","format":"standard","meta":{"content-type":"","footnotes":""},"categories":[27],"tags":[],"class_list":["post-6250","post","type-post","status-publish","format-standard","has-post-thumbnail","hentry","category-communique-de-presse"],"yoast_head":"<!-- This site is optimized with the Yoast SEO plugin v27.4 - https:\/\/yoast.com\/product\/yoast-seo-wordpress\/ -->\n<title>Un grand pas en avant gr\u00e2ce au brevet f\u00e9d\u00e9ral - KS\/CS Communication Suisse<\/title>\n<meta name=\"robots\" content=\"index, follow, max-snippet:-1, max-image-preview:large, max-video-preview:-1\" \/>\n<link rel=\"canonical\" href=\"https:\/\/ks-cs.ch\/fr\/un-grand-pas-en-avant-grace-au-brevet-federal\/\" \/>\n<meta property=\"og:locale\" content=\"fr_FR\" \/>\n<meta property=\"og:type\" content=\"article\" \/>\n<meta property=\"og:title\" content=\"Un grand pas en avant gr\u00e2ce au brevet f\u00e9d\u00e9ral - KS\/CS Communication Suisse\" \/>\n<meta property=\"og:description\" content=\"Bienne, le 2 septembre 2024. Les dipl\u00f4m\u00e9s du brevet f\u00e9d\u00e9ral de sp\u00e9cialiste en communication franchissent une nouvelle \u00e9tape d\u00e9cisive dans leur carri\u00e8re : ils ont re\u00e7u leurs dipl\u00f4mes bien m\u00e9rit\u00e9s dans un cadre festif. La c\u00e9r\u00e9monie \u00e0 la Maison Farel \u00e0 Bienne, accompagn\u00e9e par l&#039;ensemble musical Magic Joko, a \u00e9t\u00e9 un \u00e9v\u00e9nement d\u00e9cisif pour le parcours professionnel des dipl\u00f4m\u00e9s.\" \/>\n<meta property=\"og:url\" content=\"https:\/\/ks-cs.ch\/fr\/un-grand-pas-en-avant-grace-au-brevet-federal\/\" \/>\n<meta property=\"og:site_name\" content=\"KS\/CS Communication Suisse\" \/>\n<meta property=\"article:published_time\" content=\"2024-09-02T12:23:25+00:00\" \/>\n<meta property=\"article:modified_time\" content=\"2024-09-02T12:35:35+00:00\" \/>\n<meta property=\"og:image\" content=\"https:\/\/ks-cs.ch\/wp-content\/uploads\/2024\/08\/KS_CS_Diplomfeier_2024_MM-scaled.jpg\" \/>\n\t<meta property=\"og:image:width\" content=\"2560\" \/>\n\t<meta property=\"og:image:height\" content=\"1707\" \/>\n\t<meta property=\"og:image:type\" content=\"image\/jpeg\" \/>\n<meta name=\"author\" content=\"Vera Baldo-Tschan\" \/>\n<meta name=\"twitter:card\" content=\"summary_large_image\" \/>\n<meta name=\"twitter:label1\" content=\"\u00c9crit par\" \/>\n\t<meta name=\"twitter:data1\" content=\"Vera Baldo-Tschan\" \/>\n\t<meta name=\"twitter:label2\" content=\"Dur\u00e9e de lecture estim\u00e9e\" \/>\n\t<meta name=\"twitter:data2\" content=\"4 minutes\" \/>\n<script type=\"application\/ld+json\" class=\"yoast-schema-graph\">{\"@context\":\"https:\\\/\\\/schema.org\",\"@graph\":[{\"@type\":\"Article\",\"@id\":\"https:\\\/\\\/ks-cs.ch\\\/fr\\\/un-grand-pas-en-avant-grace-au-brevet-federal\\\/#article\",\"isPartOf\":{\"@id\":\"https:\\\/\\\/ks-cs.ch\\\/fr\\\/un-grand-pas-en-avant-grace-au-brevet-federal\\\/\"},\"author\":{\"name\":\"Vera Baldo-Tschan\",\"@id\":\"https:\\\/\\\/ks-cs.ch\\\/fr\\\/#\\\/schema\\\/person\\\/90b53cfa719fc92f3481313229373d7e\"},\"headline\":\"Un grand pas en avant gr\u00e2ce au brevet f\u00e9d\u00e9ral\",\"datePublished\":\"2024-09-02T12:23:25+00:00\",\"dateModified\":\"2024-09-02T12:35:35+00:00\",\"mainEntityOfPage\":{\"@id\":\"https:\\\/\\\/ks-cs.ch\\\/fr\\\/un-grand-pas-en-avant-grace-au-brevet-federal\\\/\"},\"wordCount\":669,\"publisher\":{\"@id\":\"https:\\\/\\\/ks-cs.ch\\\/fr\\\/#organization\"},\"image\":{\"@id\":\"https:\\\/\\\/ks-cs.ch\\\/fr\\\/un-grand-pas-en-avant-grace-au-brevet-federal\\\/#primaryimage\"},\"thumbnailUrl\":\"https:\\\/\\\/ks-cs.ch\\\/wp-content\\\/uploads\\\/2024\\\/08\\\/KS_CS_Diplomfeier_2024_MM-scaled.jpg\",\"articleSection\":[\"Communiqu\u00e9 de presse\"],\"inLanguage\":\"fr-FR\"},{\"@type\":\"WebPage\",\"@id\":\"https:\\\/\\\/ks-cs.ch\\\/fr\\\/un-grand-pas-en-avant-grace-au-brevet-federal\\\/\",\"url\":\"https:\\\/\\\/ks-cs.ch\\\/fr\\\/un-grand-pas-en-avant-grace-au-brevet-federal\\\/\",\"name\":\"Un grand pas en avant gr\u00e2ce au brevet f\u00e9d\u00e9ral - KS\\\/CS Communication Suisse\",\"isPartOf\":{\"@id\":\"https:\\\/\\\/ks-cs.ch\\\/fr\\\/#website\"},\"primaryImageOfPage\":{\"@id\":\"https:\\\/\\\/ks-cs.ch\\\/fr\\\/un-grand-pas-en-avant-grace-au-brevet-federal\\\/#primaryimage\"},\"image\":{\"@id\":\"https:\\\/\\\/ks-cs.ch\\\/fr\\\/un-grand-pas-en-avant-grace-au-brevet-federal\\\/#primaryimage\"},\"thumbnailUrl\":\"https:\\\/\\\/ks-cs.ch\\\/wp-content\\\/uploads\\\/2024\\\/08\\\/KS_CS_Diplomfeier_2024_MM-scaled.jpg\",\"datePublished\":\"2024-09-02T12:23:25+00:00\",\"dateModified\":\"2024-09-02T12:35:35+00:00\",\"breadcrumb\":{\"@id\":\"https:\\\/\\\/ks-cs.ch\\\/fr\\\/un-grand-pas-en-avant-grace-au-brevet-federal\\\/#breadcrumb\"},\"inLanguage\":\"fr-FR\",\"potentialAction\":[{\"@type\":\"ReadAction\",\"target\":[\"https:\\\/\\\/ks-cs.ch\\\/fr\\\/un-grand-pas-en-avant-grace-au-brevet-federal\\\/\"]}]},{\"@type\":\"ImageObject\",\"inLanguage\":\"fr-FR\",\"@id\":\"https:\\\/\\\/ks-cs.ch\\\/fr\\\/un-grand-pas-en-avant-grace-au-brevet-federal\\\/#primaryimage\",\"url\":\"https:\\\/\\\/ks-cs.ch\\\/wp-content\\\/uploads\\\/2024\\\/08\\\/KS_CS_Diplomfeier_2024_MM-scaled.jpg\",\"contentUrl\":\"https:\\\/\\\/ks-cs.ch\\\/wp-content\\\/uploads\\\/2024\\\/08\\\/KS_CS_Diplomfeier_2024_MM-scaled.jpg\",\"width\":2560,\"height\":1707},{\"@type\":\"BreadcrumbList\",\"@id\":\"https:\\\/\\\/ks-cs.ch\\\/fr\\\/un-grand-pas-en-avant-grace-au-brevet-federal\\\/#breadcrumb\",\"itemListElement\":[{\"@type\":\"ListItem\",\"position\":1,\"name\":\"Home\",\"item\":\"https:\\\/\\\/ks-cs.ch\\\/fr\\\/\"},{\"@type\":\"ListItem\",\"position\":2,\"name\":\"Un grand pas en avant gr\u00e2ce au brevet f\u00e9d\u00e9ral\"}]},{\"@type\":\"WebSite\",\"@id\":\"https:\\\/\\\/ks-cs.ch\\\/fr\\\/#website\",\"url\":\"https:\\\/\\\/ks-cs.ch\\\/fr\\\/\",\"name\":\"KS\\\/CS Kommunikation Schweiz\",\"description\":\"Association des communications commerciales\",\"publisher\":{\"@id\":\"https:\\\/\\\/ks-cs.ch\\\/fr\\\/#organization\"},\"potentialAction\":[{\"@type\":\"SearchAction\",\"target\":{\"@type\":\"EntryPoint\",\"urlTemplate\":\"https:\\\/\\\/ks-cs.ch\\\/fr\\\/?s={search_term_string}\"},\"query-input\":{\"@type\":\"PropertyValueSpecification\",\"valueRequired\":true,\"valueName\":\"search_term_string\"}}],\"inLanguage\":\"fr-FR\"},{\"@type\":\"Organization\",\"@id\":\"https:\\\/\\\/ks-cs.ch\\\/fr\\\/#organization\",\"name\":\"KS\\\/CS Kommunikation Schweiz\",\"url\":\"https:\\\/\\\/ks-cs.ch\\\/fr\\\/\",\"logo\":{\"@type\":\"ImageObject\",\"inLanguage\":\"fr-FR\",\"@id\":\"https:\\\/\\\/ks-cs.ch\\\/fr\\\/#\\\/schema\\\/logo\\\/image\\\/\",\"url\":\"https:\\\/\\\/ks-cs.ch\\\/wp-content\\\/uploads\\\/2022\\\/12\\\/Logo-Social-Media-1.jpg\",\"contentUrl\":\"https:\\\/\\\/ks-cs.ch\\\/wp-content\\\/uploads\\\/2022\\\/12\\\/Logo-Social-Media-1.jpg\",\"width\":709,\"height\":608,\"caption\":\"KS\\\/CS Kommunikation Schweiz\"},\"image\":{\"@id\":\"https:\\\/\\\/ks-cs.ch\\\/fr\\\/#\\\/schema\\\/logo\\\/image\\\/\"},\"sameAs\":[\"https:\\\/\\\/www.linkedin.com\\\/company\\\/kommunikation-schweiz-communication-suisse-comunicazione-svizzera-communication-switzerland\\\/\"]},{\"@type\":\"Person\",\"@id\":\"https:\\\/\\\/ks-cs.ch\\\/fr\\\/#\\\/schema\\\/person\\\/90b53cfa719fc92f3481313229373d7e\",\"name\":\"Vera Baldo-Tschan\",\"image\":{\"@type\":\"ImageObject\",\"inLanguage\":\"fr-FR\",\"@id\":\"https:\\\/\\\/secure.gravatar.com\\\/avatar\\\/619ac8d426d0db88af5a60abf0093717ebb60b282eee123d091d5ff735f83277?s=96&d=mm&r=g\",\"url\":\"https:\\\/\\\/secure.gravatar.com\\\/avatar\\\/619ac8d426d0db88af5a60abf0093717ebb60b282eee123d091d5ff735f83277?s=96&d=mm&r=g\",\"contentUrl\":\"https:\\\/\\\/secure.gravatar.com\\\/avatar\\\/619ac8d426d0db88af5a60abf0093717ebb60b282eee123d091d5ff735f83277?s=96&d=mm&r=g\",\"caption\":\"Vera Baldo-Tschan\"}}]}<\/script>\n<!-- \/ Yoast SEO plugin. -->","yoast_head_json":{"title":"Un grand pas en avant gr\u00e2ce au brevet f\u00e9d\u00e9ral - KS\/CS Communication Suisse","robots":{"index":"index","follow":"follow","max-snippet":"max-snippet:-1","max-image-preview":"max-image-preview:large","max-video-preview":"max-video-preview:-1"},"canonical":"https:\/\/ks-cs.ch\/fr\/un-grand-pas-en-avant-grace-au-brevet-federal\/","og_locale":"fr_FR","og_type":"article","og_title":"Un grand pas en avant gr\u00e2ce au brevet f\u00e9d\u00e9ral - KS\/CS Communication Suisse","og_description":"Bienne, le 2 septembre 2024. Les dipl\u00f4m\u00e9s du brevet f\u00e9d\u00e9ral de sp\u00e9cialiste en communication franchissent une nouvelle \u00e9tape d\u00e9cisive dans leur carri\u00e8re : ils ont re\u00e7u leurs dipl\u00f4mes bien m\u00e9rit\u00e9s dans un cadre festif. La c\u00e9r\u00e9monie \u00e0 la Maison Farel \u00e0 Bienne, accompagn\u00e9e par l'ensemble musical Magic Joko, a \u00e9t\u00e9 un \u00e9v\u00e9nement d\u00e9cisif pour le parcours professionnel des dipl\u00f4m\u00e9s.","og_url":"https:\/\/ks-cs.ch\/fr\/un-grand-pas-en-avant-grace-au-brevet-federal\/","og_site_name":"KS\/CS Communication Suisse","article_published_time":"2024-09-02T12:23:25+00:00","article_modified_time":"2024-09-02T12:35:35+00:00","og_image":[{"width":2560,"height":1707,"url":"https:\/\/ks-cs.ch\/wp-content\/uploads\/2024\/08\/KS_CS_Diplomfeier_2024_MM-scaled.jpg","type":"image\/jpeg"}],"author":"Vera Baldo-Tschan","twitter_card":"summary_large_image","twitter_misc":{"\u00c9crit par":"Vera Baldo-Tschan","Dur\u00e9e de lecture estim\u00e9e":"4 minutes"},"schema":{"@context":"https:\/\/schema.org","@graph":[{"@type":"Article","@id":"https:\/\/ks-cs.ch\/fr\/un-grand-pas-en-avant-grace-au-brevet-federal\/#article","isPartOf":{"@id":"https:\/\/ks-cs.ch\/fr\/un-grand-pas-en-avant-grace-au-brevet-federal\/"},"author":{"name":"Vera Baldo-Tschan","@id":"https:\/\/ks-cs.ch\/fr\/#\/schema\/person\/90b53cfa719fc92f3481313229373d7e"},"headline":"Un grand pas en avant gr\u00e2ce au brevet f\u00e9d\u00e9ral","datePublished":"2024-09-02T12:23:25+00:00","dateModified":"2024-09-02T12:35:35+00:00","mainEntityOfPage":{"@id":"https:\/\/ks-cs.ch\/fr\/un-grand-pas-en-avant-grace-au-brevet-federal\/"},"wordCount":669,"publisher":{"@id":"https:\/\/ks-cs.ch\/fr\/#organization"},"image":{"@id":"https:\/\/ks-cs.ch\/fr\/un-grand-pas-en-avant-grace-au-brevet-federal\/#primaryimage"},"thumbnailUrl":"https:\/\/ks-cs.ch\/wp-content\/uploads\/2024\/08\/KS_CS_Diplomfeier_2024_MM-scaled.jpg","articleSection":["Communiqu\u00e9 de presse"],"inLanguage":"fr-FR"},{"@type":"WebPage","@id":"https:\/\/ks-cs.ch\/fr\/un-grand-pas-en-avant-grace-au-brevet-federal\/","url":"https:\/\/ks-cs.ch\/fr\/un-grand-pas-en-avant-grace-au-brevet-federal\/","name":"Un grand pas en avant gr\u00e2ce au brevet f\u00e9d\u00e9ral - KS\/CS Communication Suisse","isPartOf":{"@id":"https:\/\/ks-cs.ch\/fr\/#website"},"primaryImageOfPage":{"@id":"https:\/\/ks-cs.ch\/fr\/un-grand-pas-en-avant-grace-au-brevet-federal\/#primaryimage"},"image":{"@id":"https:\/\/ks-cs.ch\/fr\/un-grand-pas-en-avant-grace-au-brevet-federal\/#primaryimage"},"thumbnailUrl":"https:\/\/ks-cs.ch\/wp-content\/uploads\/2024\/08\/KS_CS_Diplomfeier_2024_MM-scaled.jpg","datePublished":"2024-09-02T12:23:25+00:00","dateModified":"2024-09-02T12:35:35+00:00","breadcrumb":{"@id":"https:\/\/ks-cs.ch\/fr\/un-grand-pas-en-avant-grace-au-brevet-federal\/#breadcrumb"},"inLanguage":"fr-FR","potentialAction":[{"@type":"ReadAction","target":["https:\/\/ks-cs.ch\/fr\/un-grand-pas-en-avant-grace-au-brevet-federal\/"]}]},{"@type":"ImageObject","inLanguage":"fr-FR","@id":"https:\/\/ks-cs.ch\/fr\/un-grand-pas-en-avant-grace-au-brevet-federal\/#primaryimage","url":"https:\/\/ks-cs.ch\/wp-content\/uploads\/2024\/08\/KS_CS_Diplomfeier_2024_MM-scaled.jpg","contentUrl":"https:\/\/ks-cs.ch\/wp-content\/uploads\/2024\/08\/KS_CS_Diplomfeier_2024_MM-scaled.jpg","width":2560,"height":1707},{"@type":"BreadcrumbList","@id":"https:\/\/ks-cs.ch\/fr\/un-grand-pas-en-avant-grace-au-brevet-federal\/#breadcrumb","itemListElement":[{"@type":"ListItem","position":1,"name":"Home","item":"https:\/\/ks-cs.ch\/fr\/"},{"@type":"ListItem","position":2,"name":"Un grand pas en avant gr\u00e2ce au brevet f\u00e9d\u00e9ral"}]},{"@type":"WebSite","@id":"https:\/\/ks-cs.ch\/fr\/#website","url":"https:\/\/ks-cs.ch\/fr\/","name":"KS\/CS Kommunikation Schweiz","description":"Association des communications commerciales","publisher":{"@id":"https:\/\/ks-cs.ch\/fr\/#organization"},"potentialAction":[{"@type":"SearchAction","target":{"@type":"EntryPoint","urlTemplate":"https:\/\/ks-cs.ch\/fr\/?s={search_term_string}"},"query-input":{"@type":"PropertyValueSpecification","valueRequired":true,"valueName":"search_term_string"}}],"inLanguage":"fr-FR"},{"@type":"Organization","@id":"https:\/\/ks-cs.ch\/fr\/#organization","name":"KS\/CS Kommunikation Schweiz","url":"https:\/\/ks-cs.ch\/fr\/","logo":{"@type":"ImageObject","inLanguage":"fr-FR","@id":"https:\/\/ks-cs.ch\/fr\/#\/schema\/logo\/image\/","url":"https:\/\/ks-cs.ch\/wp-content\/uploads\/2022\/12\/Logo-Social-Media-1.jpg","contentUrl":"https:\/\/ks-cs.ch\/wp-content\/uploads\/2022\/12\/Logo-Social-Media-1.jpg","width":709,"height":608,"caption":"KS\/CS Kommunikation Schweiz"},"image":{"@id":"https:\/\/ks-cs.ch\/fr\/#\/schema\/logo\/image\/"},"sameAs":["https:\/\/www.linkedin.com\/company\/kommunikation-schweiz-communication-suisse-comunicazione-svizzera-communication-switzerland\/"]},{"@type":"Person","@id":"https:\/\/ks-cs.ch\/fr\/#\/schema\/person\/90b53cfa719fc92f3481313229373d7e","name":"Vera Baldo-Tschan","image":{"@type":"ImageObject","inLanguage":"fr-FR","@id":"https:\/\/secure.gravatar.com\/avatar\/619ac8d426d0db88af5a60abf0093717ebb60b282eee123d091d5ff735f83277?s=96&d=mm&r=g","url":"https:\/\/secure.gravatar.com\/avatar\/619ac8d426d0db88af5a60abf0093717ebb60b282eee123d091d5ff735f83277?s=96&d=mm&r=g","contentUrl":"https:\/\/secure.gravatar.com\/avatar\/619ac8d426d0db88af5a60abf0093717ebb60b282eee123d091d5ff735f83277?s=96&d=mm&r=g","caption":"Vera Baldo-Tschan"}}]}},"publishpress_future_action":{"enabled":false,"date":"2026-05-04 14:34:15","action":"change-status","newStatus":"draft","terms":[],"taxonomy":"category","extraData":[]},"publishpress_future_workflow_manual_trigger":{"enabledWorkflows":[]},"_links":{"self":[{"href":"https:\/\/ks-cs.ch\/fr\/wp-json\/wp\/v2\/posts\/6250","targetHints":{"allow":["GET"]}}],"collection":[{"href":"https:\/\/ks-cs.ch\/fr\/wp-json\/wp\/v2\/posts"}],"about":[{"href":"https:\/\/ks-cs.ch\/fr\/wp-json\/wp\/v2\/types\/post"}],"author":[{"embeddable":true,"href":"https:\/\/ks-cs.ch\/fr\/wp-json\/wp\/v2\/users\/4"}],"replies":[{"embeddable":true,"href":"https:\/\/ks-cs.ch\/fr\/wp-json\/wp\/v2\/comments?post=6250"}],"version-history":[{"count":2,"href":"https:\/\/ks-cs.ch\/fr\/wp-json\/wp\/v2\/posts\/6250\/revisions"}],"predecessor-version":[{"id":6262,"href":"https:\/\/ks-cs.ch\/fr\/wp-json\/wp\/v2\/posts\/6250\/revisions\/6262"}],"wp:featuredmedia":[{"embeddable":true,"href":"https:\/\/ks-cs.ch\/fr\/wp-json\/wp\/v2\/media\/6254"}],"wp:attachment":[{"href":"https:\/\/ks-cs.ch\/fr\/wp-json\/wp\/v2\/media?parent=6250"}],"wp:term":[{"taxonomy":"category","embeddable":true,"href":"https:\/\/ks-cs.ch\/fr\/wp-json\/wp\/v2\/categories?post=6250"},{"taxonomy":"post_tag","embeddable":true,"href":"https:\/\/ks-cs.ch\/fr\/wp-json\/wp\/v2\/tags?post=6250"}],"curies":[{"name":"wp","href":"https:\/\/api.w.org\/{rel}","templated":true}]}}