{"id":5922,"date":"2024-06-18T09:37:04","date_gmt":"2024-06-18T07:37:04","guid":{"rendered":"https:\/\/ks-cs.ch\/?p=5922"},"modified":"2024-07-19T10:47:31","modified_gmt":"2024-07-19T08:47:31","slug":"43-nouveaux-specialistes-en-communication","status":"publish","type":"post","link":"https:\/\/ks-cs.ch\/fr\/43-nouveaux-specialistes-en-communication\/","title":{"rendered":"43 nouveaux sp\u00e9cialistes en communication !"},"content":{"rendered":"<p>La r\u00e9ussite \u00e0 l&rsquo;examen professionnel f\u00e9d\u00e9ral de sp\u00e9cialiste en communication ouvre de nouvelles perspectives pour une carri\u00e8re professionnelle dans le secteur de la communication. Au cours des derniers mois, les 43 nouveaux sp\u00e9cialistes en communication ont acquis de larges comp\u00e9tences leur permettant d&rsquo;assumer des responsabilit\u00e9s au sein de l&rsquo;entreprise, de planifier et mettre en \u0153uvre des mesures de communication vari\u00e9es dans des fonctions dirigeantes. \u00ab La voie d\u2019une formation duale \u00e9prouv\u00e9e avec nos examens professionnels constitue un avantage concurrentiel d\u00e9terminant pour les collaborateurs et les entreprises \u00bb, d\u00e9clare J\u00fcrg Bachmann, pr\u00e9sident de KS\/CS Communication Suisse. C&rsquo;est pourquoi KS\/CS s&rsquo;engage \u00e9galement sur le plan politique pour la reconnaissance internationale des examens professionnels.<\/p>\n<p>Outre le taux de r\u00e9ussite \u00e9lev\u00e9 (\u00e0 l&rsquo;\u00e9chelle nationale, 73% des participants ont r\u00e9ussi), il convient de mentionner la moyenne de 4,4, la plus \u00e9lev\u00e9e jamais obtenue. Pour la premi\u00e8re fois depuis l&rsquo;introduction de l&rsquo;examen, trois candidats tessinois ont particip\u00e9 \u00e0 l&rsquo;examen. La commission d&rsquo;examen s&rsquo;attend \u00e0 ce que le nombre de candidats italophones continue d&rsquo;augmenter l&rsquo;ann\u00e9e prochaine.<\/p>\n<p><strong>Des exemples directement tir\u00e9s de la pratique<\/strong><br \/>\nLes examens f\u00e9d\u00e9raux pour les sp\u00e9cialistes en communication se distinguent en particulier par leur lien avec la pratique. Ainsi, les participants r\u00e9solvent au total sept cas pratiques dans les trois mati\u00e8res principales que sont la communication, les m\u00e9dias et la production\/r\u00e9alisation : cette ann\u00e9e, ils ont d\u00fb concevoir un plan de presse, \u00e9laborer des campagnes out-of-home num\u00e9riques et analogiques, r\u00e9aliser un publireportage et d\u00e9velopper un mix m\u00e9dia global pour une marque de montres de luxe.<\/p>\n<p><strong>Les quatre meilleurs dipl\u00f4m\u00e9s<\/strong><br \/>\nCette ann\u00e9e, les quatre meilleurs dipl\u00f4m\u00e9s proviennent de Suisse romande. La premi\u00e8re place est occup\u00e9e par Eliane Potterat du Domaine Potterat de Cully avec une note globale de 5.4 et la deuxi\u00e8me place par Imloul Athmane (5.1). La troisi\u00e8me place, avec la note 5.0, est partag\u00e9e par Ferro Brandon de Poseidon de Gen\u00e8ve et Julie Matos-Strasser de Swissroc, \u00e9galement de Gen\u00e8ve. KS\/CS f\u00e9licite les laur\u00e9ats pour leurs performances remarquables.<\/p>\n<p>Les personnes int\u00e9ress\u00e9es trouveront plus d&rsquo;informations sur les dipl\u00f4mes en communication sur <a href=\"https:\/\/ks-cs.ch\/fr\/offre\/examens\/\">le site Internet de KS\/CS<\/a>. Outre l&rsquo;examen professionnel f\u00e9d\u00e9ral de sp\u00e9cialiste en communication, la commission d&rsquo;examen organise \u00e9galement l&rsquo;examen professionnel sup\u00e9rieur de responsable de communication. Ce dernier s&rsquo;adresse aux personnes occupant des fonctions dirigeantes et aux sp\u00e9cialistes en communication qui envisagent de passer au niveau de qualification sup\u00e9rieur dans leur carri\u00e8re professionnelle. La position sur la motion relative \u00e0 l&rsquo;\u00e9quivalence des titres des examens professionnels sup\u00e9rieurs peut \u00eatre consult\u00e9e <a href=\"https:\/\/ks-cs.ch\/motion-23-3295-titelaequivalenz-fuer-die-hoehere-berufsbildung\/\">ici (en allemand)<\/a>.<\/p>\n<p>&nbsp;<\/p>\n<style>#jtg-5942 .modula-item .jtg-social a, .lightbox-socials.jtg-social a{ color: #ffffff }#jtg-5942 .modula-item .jtg-social svg, .lightbox-socials.jtg-social svg { height: 16px; width: 16px }#jtg-5942 .modula-item .jtg-social a:not(:last-child), .lightbox-socials.jtg-social a:not(:last-child) { margin-right: 10px }#jtg-5942 .modula-item .figc {color:#ffffff;}#jtg-5942 .modula-item .modula-item-content { transform: scale(1) }#jtg-5942 { width:100%;}#jtg-5942 .modula-items .figc p.description { font-size:14px; }#jtg-5942 .modula-items .figc p.description { color:#ffffff;}#jtg-5942.modula-gallery .modula-item > a, #jtg-5942.modula-gallery .modula-item, #jtg-5942.modula-gallery .modula-item-content > a:not(.modula-no-follow) { cursor:zoom-in; } #jtg-5942.modula-gallery .modula-item-content .modula-no-follow { cursor: default; } #jtg-5942.modula-gallery .modula-item, #jtg-5942.modula-gallery .modula-grid-sizer { width: calc(25% - 7.5px) ; } @media (min-width: 768px) and (max-width:992px) { html body #jtg-5942.modula-gallery .modula-item, html body  #jtg-5942.modula-gallery .modula-grid-sizer {width: calc(25% - 7.5px ) ; } }@media (max-width: 768px) { html body #jtg-5942.modula-gallery .modula-item, html body  #jtg-5942.modula-gallery .modula-grid-sizer {width: calc(25% - 7.5px ) ; } }#jtg-5942 .modula-items{position:relative;}@media screen and (max-width:480px){#jtg-5942 .modula-item .figc .jtg-title {  font-size: 12px; }#jtg-5942 .modula-items .figc p.description { color:#ffffff;font-size:10px; }}<\/style>\n<!-- Gallery Container -->\n<div  id=\"jtg-5942\" class=\"modula modula-gallery modula-columns\" data-config=\"{&quot;tabletHeight&quot;:0,&quot;mobileHeight&quot;:0,&quot;desktopHeight&quot;:0,&quot;enableTwitter&quot;:false,&quot;enableWhatsapp&quot;:false,&quot;enableFacebook&quot;:false,&quot;enablePinterest&quot;:false,&quot;enableLinkedin&quot;:false,&quot;enableEmail&quot;:false,&quot;randomFactor&quot;:0,&quot;type&quot;:&quot;grid&quot;,&quot;columns&quot;:12,&quot;gutter&quot;:10,&quot;mobileGutter&quot;:10,&quot;tabletGutter&quot;:10,&quot;desktopGutter&quot;:10,&quot;enableResponsive&quot;:&quot;0&quot;,&quot;tabletColumns&quot;:&quot;2&quot;,&quot;mobileColumns&quot;:&quot;1&quot;,&quot;lazyLoad&quot;:&quot;1&quot;,&quot;lightboxOpts&quot;:{&quot;loop&quot;:false,&quot;arrows&quot;:true,&quot;toolbar&quot;:true,&quot;keyboard&quot;:true,&quot;wheel&quot;:false,&quot;buttons&quot;:[&quot;close&quot;],&quot;hash&quot;:false,&quot;lang&quot;:&quot;en&quot;,&quot;touch&quot;:false,&quot;protect&quot;:false,&quot;i18n&quot;:{&quot;en&quot;:{&quot;CLOSE&quot;:&quot;Close&quot;,&quot;NEXT&quot;:&quot;Next&quot;,&quot;PREV&quot;:&quot;Previous&quot;,&quot;Error&quot;:&quot;The requested content cannot be loaded. Please try again later.&quot;,&quot;PLAY_START&quot;:&quot;Start slideshow&quot;,&quot;PLAY_STOP&quot;:&quot;Pause slideshow&quot;,&quot;FULL_SCREEN&quot;:&quot;Full screen&quot;,&quot;THUMBS&quot;:&quot;Thumbnails&quot;,&quot;DOWNLOAD&quot;:&quot;Download&quot;,&quot;SHARE&quot;:&quot;Share&quot;,&quot;ZOOM&quot;:&quot;Zoom&quot;}},&quot;clickSlide&quot;:false,&quot;clickOutside&quot;:false,&quot;dblclickContent&quot;:false,&quot;dblclickSlide&quot;:false,&quot;dblclickOutside&quot;:false,&quot;clickContent&quot;:false,&quot;baseTpl&quot;:&quot;&lt;div class=\\&quot;modula-fancybox-container modula-lightbox-jtg-5942\\&quot; role=\\&quot;dialog\\&quot; tabindex=\\&quot;-1\\&quot;&gt;&lt;div class=\\&quot;modula-fancybox-bg\\&quot;&gt;&lt;\\\/div&gt;&lt;div class=\\&quot;modula-fancybox-inner\\&quot;&gt;&lt;div class=\\&quot;modula-fancybox-infobar\\&quot;&gt;&lt;span data-fancybox-index&gt;&lt;\\\/span&gt;&nbsp;\\\/&nbsp;&lt;span data-fancybox-count&gt;&lt;\\\/span&gt;&lt;\\\/div&gt;&lt;div class=\\&quot;modula-fancybox-toolbar\\&quot;&gt;{{buttons}}&lt;\\\/div&gt;&lt;div class=\\&quot;modula-fancybox-navigation\\&quot;&gt;{{arrows}}&lt;\\\/div&gt;&lt;div class=\\&quot;modula-fancybox-stage\\&quot;&gt;&lt;\\\/div&gt;&lt;div class=\\&quot;modula-fancybox-caption\\&quot;&gt;&lt;div class=\\&quot;modula-fancybox-caption__body\\&quot;&gt;&lt;\\\/div&gt;&lt;\\\/div&gt;&lt;\\\/div&gt;&lt;\\\/div&gt;&quot;},&quot;inView&quot;:false,&quot;email_subject&quot;:&quot;Check out this awesome image !!&quot;,&quot;email_message&quot;:&quot;Here is the link to the image : %%image_link%% and this is the link to the gallery : %%gallery_link%%&quot;,&quot;grid_type&quot;:&quot;4&quot;,&quot;rowHeight&quot;:0,&quot;lastRow&quot;:&quot;&quot;,&quot;lightbox&quot;:&quot;fancybox&quot;}\">\n\n\t<div class=\"modula-grid-sizer\"> <\/div>\n\t<!-- Items Container -->\n\t<div  class=\"modula-items grid-gallery\">\n\t\t<div class=\"modula-item effect-pufrobo\" >\n\t<div class=\"modula-item-overlay\"><\/div>\n\n\t<div class=\"modula-item-content\">\n\n\t\t\t\t\n\t\t\t\t\t<a data-image-id=\"5943\" rel=\"jtg-5942\" data-caption=\"Brandon Ferro\" aria-label=\"Open image in lightbox\" class=\"tile-inner modula-item-link\"><\/a>\n\t\t\n\t\t<img class=\"pic wp-image-5943 lazyload\"  data-valign=\"middle\" data-halign=\"center\" alt=\"\" data-full=\"https:\/\/ks-cs.ch\/wp-content\/uploads\/2024\/06\/KFL_2024_MM_Ferro_Brandon_Note_5.0.jpg\" title=\"KFL_2024_MM_Ferro_Brandon_Note_5.0\" width=\"150\" height=\"150\" data-src=\"https:\/\/ks-cs.ch\/wp-content\/uploads\/2024\/06\/KFL_2024_MM_Ferro_Brandon_Note_5.0-150x150.jpg\" data-caption=\"Brandon Ferro\" data-source=\"modula\"\/>\n\t\t<div class=\"figc\">\n\t\t\t<div class=\"figc-inner\">\n\t\t\t\t\t\t\t\t\t\t\t\t\t<p class=\"description\">Brandon Ferro<\/p>\n\t\t\t\t\t\t\t\t\t\t\t<\/div>\n\t\t<\/div>\n\n\t<\/div>\n\n<\/div><div class=\"modula-item effect-pufrobo\" >\n\t<div class=\"modula-item-overlay\"><\/div>\n\n\t<div class=\"modula-item-content\">\n\n\t\t\t\t\n\t\t\t\t\t<a data-image-id=\"5946\" rel=\"jtg-5942\" data-caption=\"Athmane Imloul\" aria-label=\"Open image in lightbox\" class=\"tile-inner modula-item-link\"><\/a>\n\t\t\n\t\t<img class=\"pic wp-image-5946 lazyload\"  data-valign=\"middle\" data-halign=\"center\" alt=\"\" data-full=\"https:\/\/ks-cs.ch\/wp-content\/uploads\/2024\/06\/KFL_2024_MM_Imloul_Athmane_Note_5.1.jpg\" title=\"KFL_2024_MM_Imloul_Athmane_Note_5.1\" width=\"150\" height=\"150\" data-src=\"https:\/\/ks-cs.ch\/wp-content\/uploads\/2024\/06\/KFL_2024_MM_Imloul_Athmane_Note_5.1-150x150.jpg\" data-caption=\"Athmane Imloul\" data-source=\"modula\"\/>\n\t\t<div class=\"figc\">\n\t\t\t<div class=\"figc-inner\">\n\t\t\t\t\t\t\t\t\t\t\t\t\t<p class=\"description\">Athmane Imloul<\/p>\n\t\t\t\t\t\t\t\t\t\t\t<\/div>\n\t\t<\/div>\n\n\t<\/div>\n\n<\/div><div class=\"modula-item effect-pufrobo\" >\n\t<div class=\"modula-item-overlay\"><\/div>\n\n\t<div class=\"modula-item-content\">\n\n\t\t\t\t\n\t\t\t\t\t<a data-image-id=\"5949\" rel=\"jtg-5942\" data-caption=\"Julie Matos-Strasser\" aria-label=\"Open image in lightbox\" class=\"tile-inner modula-item-link\"><\/a>\n\t\t\n\t\t<img class=\"pic wp-image-5949 lazyload\"  data-valign=\"middle\" data-halign=\"center\" alt=\"\" data-full=\"https:\/\/ks-cs.ch\/wp-content\/uploads\/2024\/06\/KFL_2024_MM_Matos-Strasser_Julie_Swissroc_Note_5.0.jpg\" title=\"KFL_2024_MM_Matos-Strasser_Julie_Swissroc_Note_5.0\" width=\"150\" height=\"150\" data-src=\"https:\/\/ks-cs.ch\/wp-content\/uploads\/2024\/06\/KFL_2024_MM_Matos-Strasser_Julie_Swissroc_Note_5.0-150x150.jpg\" data-caption=\"Julie Matos-Strasser\" data-source=\"modula\"\/>\n\t\t<div class=\"figc\">\n\t\t\t<div class=\"figc-inner\">\n\t\t\t\t\t\t\t\t\t\t\t\t\t<p class=\"description\">Julie Matos-Strasser<\/p>\n\t\t\t\t\t\t\t\t\t\t\t<\/div>\n\t\t<\/div>\n\n\t<\/div>\n\n<\/div><div class=\"modula-item effect-pufrobo\" >\n\t<div class=\"modula-item-overlay\"><\/div>\n\n\t<div class=\"modula-item-content\">\n\n\t\t\t\t\n\t\t\t\t\t<a data-image-id=\"5952\" rel=\"jtg-5942\" data-caption=\"Eliane Potterat\" aria-label=\"Open image in lightbox\" class=\"tile-inner modula-item-link\"><\/a>\n\t\t\n\t\t<img class=\"pic wp-image-5952 lazyload\"  data-valign=\"middle\" data-halign=\"center\" alt=\"\" data-full=\"https:\/\/ks-cs.ch\/wp-content\/uploads\/2024\/06\/KFL_2024_MM_Potterat_Eliane_5.4_Domaine_Potterat-1.jpg\" title=\"KFL_2024_MM_Potterat_Eliane_5.4_Domaine_Potterat\" width=\"150\" height=\"150\" data-src=\"https:\/\/ks-cs.ch\/wp-content\/uploads\/2024\/06\/KFL_2024_MM_Potterat_Eliane_5.4_Domaine_Potterat-1-150x150.jpg\" data-caption=\"Eliane Potterat\" data-source=\"modula\"\/>\n\t\t<div class=\"figc\">\n\t\t\t<div class=\"figc-inner\">\n\t\t\t\t\t\t\t\t\t\t\t\t\t<p class=\"description\">Eliane Potterat<\/p>\n\t\t\t\t\t\t\t\t\t\t\t<\/div>\n\t\t<\/div>\n\n\t<\/div>\n\n<\/div>\t\t\n\t<\/div>\n\n\t\n\t\n\t<script type=\"application\/ld+json\">\n\t{\n\t\t\"@context\": \"http:\/\/schema.org\",\n\t\t\"@type\"   : \"ImageGallery\",\n\t\t\"id\"      : \"https:\/\/ks-cs.ch\/fr\/wp-json\/wp\/v2\/posts\/5922\/\",\n\t\t\"url\"     : \"https:\/\/ks-cs.ch\/fr\/wp-json\/wp\/v2\/posts\/5922\/\"\n\t}\n\n    <\/script>\n\n\t\n<\/div>\n<p>&nbsp;<\/p>\n<p><strong>Demandes des m\u00e9dias :<\/strong><br \/>\nVera Baldo-Tschan<br \/>\nDirection des affaires publiques et de la communication<br \/>\nbaldo-tschan@ks-cs.ch<br \/>\n+41 79 586 66 36<\/p>\n<p><strong>A propos de nous :<\/strong><br \/>\nLa formation et la formation continue sont au c\u0153ur des pr\u00e9occupations de KS\/CS Communication Suisse. L&rsquo;association fa\u00eeti\u00e8re de la communication commerciale en Suisse organise notamment, sur mandat de la Conf\u00e9d\u00e9ration, les examens professionnels f\u00e9d\u00e9raux pour les sp\u00e9cialistes de la communication ainsi que l&rsquo;examen professionnel sup\u00e9rieur pour les responsables de la communication. Chaque ann\u00e9e, jusqu&rsquo;\u00e0 100 candidats passent ces examens. Dans ce contexte, KS\/CS soutient tous les efforts visant \u00e0 renforcer le syst\u00e8me de formation dual et \u00e0 rendre ses dipl\u00f4mes comparables au niveau international.<\/p>\n","protected":false},"excerpt":{"rendered":"<p>Zurich, le 18 juin 2024 &#8211; Communiqu\u00e9 de presse. Les r\u00e9sultats des examens du brevet f\u00e9d\u00e9ral de sp\u00e9cialiste en communication de cette ann\u00e9e sont connus. Les participants ont obtenu la meilleure moyenne depuis l&rsquo;introduction des examens f\u00e9d\u00e9raux. Pour la premi\u00e8re fois, trois dipl\u00f4m\u00e9es repr\u00e9sentent la Suisse italienne.<\/p>\n","protected":false},"author":4,"featured_media":5917,"comment_status":"closed","ping_status":"open","sticky":false,"template":"","format":"standard","meta":{"content-type":"","footnotes":""},"categories":[27],"tags":[],"class_list":["post-5922","post","type-post","status-publish","format-standard","has-post-thumbnail","hentry","category-communique-de-presse"],"yoast_head":"<!-- This site is optimized with the Yoast SEO plugin v27.4 - https:\/\/yoast.com\/product\/yoast-seo-wordpress\/ -->\n<title>43 nouveaux sp\u00e9cialistes en communication ! - KS\/CS Communication Suisse<\/title>\n<meta name=\"robots\" content=\"index, follow, max-snippet:-1, max-image-preview:large, max-video-preview:-1\" \/>\n<link rel=\"canonical\" href=\"https:\/\/ks-cs.ch\/fr\/43-nouveaux-specialistes-en-communication\/\" \/>\n<meta property=\"og:locale\" content=\"fr_FR\" \/>\n<meta property=\"og:type\" content=\"article\" \/>\n<meta property=\"og:title\" content=\"43 nouveaux sp\u00e9cialistes en communication ! - KS\/CS Communication Suisse\" \/>\n<meta property=\"og:description\" content=\"Zurich, le 18 juin 2024 - Communiqu\u00e9 de presse. Les r\u00e9sultats des examens du brevet f\u00e9d\u00e9ral de sp\u00e9cialiste en communication de cette ann\u00e9e sont connus. Les participants ont obtenu la meilleure moyenne depuis l&#039;introduction des examens f\u00e9d\u00e9raux. Pour la premi\u00e8re fois, trois dipl\u00f4m\u00e9es repr\u00e9sentent la Suisse italienne.\" \/>\n<meta property=\"og:url\" content=\"https:\/\/ks-cs.ch\/fr\/43-nouveaux-specialistes-en-communication\/\" \/>\n<meta property=\"og:site_name\" content=\"KS\/CS Communication Suisse\" \/>\n<meta property=\"article:published_time\" content=\"2024-06-18T07:37:04+00:00\" \/>\n<meta property=\"article:modified_time\" content=\"2024-07-19T08:47:31+00:00\" \/>\n<meta property=\"og:image\" content=\"https:\/\/ks-cs.ch\/wp-content\/uploads\/2024\/06\/pexels-ketut-subiyanto-4560142-scaled.jpg\" \/>\n\t<meta property=\"og:image:width\" content=\"2560\" \/>\n\t<meta property=\"og:image:height\" content=\"1707\" \/>\n\t<meta property=\"og:image:type\" content=\"image\/jpeg\" \/>\n<meta name=\"author\" content=\"Vera Baldo-Tschan\" \/>\n<meta name=\"twitter:card\" content=\"summary_large_image\" \/>\n<meta name=\"twitter:label1\" content=\"\u00c9crit par\" \/>\n\t<meta name=\"twitter:data1\" content=\"Vera Baldo-Tschan\" \/>\n\t<meta name=\"twitter:label2\" content=\"Dur\u00e9e de lecture estim\u00e9e\" \/>\n\t<meta name=\"twitter:data2\" content=\"4 minutes\" \/>\n<script type=\"application\/ld+json\" class=\"yoast-schema-graph\">{\"@context\":\"https:\\\/\\\/schema.org\",\"@graph\":[{\"@type\":\"Article\",\"@id\":\"https:\\\/\\\/ks-cs.ch\\\/fr\\\/43-nouveaux-specialistes-en-communication\\\/#article\",\"isPartOf\":{\"@id\":\"https:\\\/\\\/ks-cs.ch\\\/fr\\\/43-nouveaux-specialistes-en-communication\\\/\"},\"author\":{\"name\":\"Vera Baldo-Tschan\",\"@id\":\"https:\\\/\\\/ks-cs.ch\\\/fr\\\/#\\\/schema\\\/person\\\/90b53cfa719fc92f3481313229373d7e\"},\"headline\":\"43 nouveaux sp\u00e9cialistes en communication !\",\"datePublished\":\"2024-06-18T07:37:04+00:00\",\"dateModified\":\"2024-07-19T08:47:31+00:00\",\"mainEntityOfPage\":{\"@id\":\"https:\\\/\\\/ks-cs.ch\\\/fr\\\/43-nouveaux-specialistes-en-communication\\\/\"},\"wordCount\":586,\"publisher\":{\"@id\":\"https:\\\/\\\/ks-cs.ch\\\/fr\\\/#organization\"},\"image\":{\"@id\":\"https:\\\/\\\/ks-cs.ch\\\/fr\\\/43-nouveaux-specialistes-en-communication\\\/#primaryimage\"},\"thumbnailUrl\":\"https:\\\/\\\/ks-cs.ch\\\/wp-content\\\/uploads\\\/2024\\\/06\\\/pexels-ketut-subiyanto-4560142-scaled.jpg\",\"articleSection\":[\"Communiqu\u00e9 de presse\"],\"inLanguage\":\"fr-FR\"},{\"@type\":\"WebPage\",\"@id\":\"https:\\\/\\\/ks-cs.ch\\\/fr\\\/43-nouveaux-specialistes-en-communication\\\/\",\"url\":\"https:\\\/\\\/ks-cs.ch\\\/fr\\\/43-nouveaux-specialistes-en-communication\\\/\",\"name\":\"43 nouveaux sp\u00e9cialistes en communication ! - KS\\\/CS Communication Suisse\",\"isPartOf\":{\"@id\":\"https:\\\/\\\/ks-cs.ch\\\/fr\\\/#website\"},\"primaryImageOfPage\":{\"@id\":\"https:\\\/\\\/ks-cs.ch\\\/fr\\\/43-nouveaux-specialistes-en-communication\\\/#primaryimage\"},\"image\":{\"@id\":\"https:\\\/\\\/ks-cs.ch\\\/fr\\\/43-nouveaux-specialistes-en-communication\\\/#primaryimage\"},\"thumbnailUrl\":\"https:\\\/\\\/ks-cs.ch\\\/wp-content\\\/uploads\\\/2024\\\/06\\\/pexels-ketut-subiyanto-4560142-scaled.jpg\",\"datePublished\":\"2024-06-18T07:37:04+00:00\",\"dateModified\":\"2024-07-19T08:47:31+00:00\",\"breadcrumb\":{\"@id\":\"https:\\\/\\\/ks-cs.ch\\\/fr\\\/43-nouveaux-specialistes-en-communication\\\/#breadcrumb\"},\"inLanguage\":\"fr-FR\",\"potentialAction\":[{\"@type\":\"ReadAction\",\"target\":[\"https:\\\/\\\/ks-cs.ch\\\/fr\\\/43-nouveaux-specialistes-en-communication\\\/\"]}]},{\"@type\":\"ImageObject\",\"inLanguage\":\"fr-FR\",\"@id\":\"https:\\\/\\\/ks-cs.ch\\\/fr\\\/43-nouveaux-specialistes-en-communication\\\/#primaryimage\",\"url\":\"https:\\\/\\\/ks-cs.ch\\\/wp-content\\\/uploads\\\/2024\\\/06\\\/pexels-ketut-subiyanto-4560142-scaled.jpg\",\"contentUrl\":\"https:\\\/\\\/ks-cs.ch\\\/wp-content\\\/uploads\\\/2024\\\/06\\\/pexels-ketut-subiyanto-4560142-scaled.jpg\",\"width\":2560,\"height\":1707},{\"@type\":\"BreadcrumbList\",\"@id\":\"https:\\\/\\\/ks-cs.ch\\\/fr\\\/43-nouveaux-specialistes-en-communication\\\/#breadcrumb\",\"itemListElement\":[{\"@type\":\"ListItem\",\"position\":1,\"name\":\"Home\",\"item\":\"https:\\\/\\\/ks-cs.ch\\\/fr\\\/\"},{\"@type\":\"ListItem\",\"position\":2,\"name\":\"43 nouveaux sp\u00e9cialistes en communication !\"}]},{\"@type\":\"WebSite\",\"@id\":\"https:\\\/\\\/ks-cs.ch\\\/fr\\\/#website\",\"url\":\"https:\\\/\\\/ks-cs.ch\\\/fr\\\/\",\"name\":\"KS\\\/CS Kommunikation Schweiz\",\"description\":\"Association des communications commerciales\",\"publisher\":{\"@id\":\"https:\\\/\\\/ks-cs.ch\\\/fr\\\/#organization\"},\"potentialAction\":[{\"@type\":\"SearchAction\",\"target\":{\"@type\":\"EntryPoint\",\"urlTemplate\":\"https:\\\/\\\/ks-cs.ch\\\/fr\\\/?s={search_term_string}\"},\"query-input\":{\"@type\":\"PropertyValueSpecification\",\"valueRequired\":true,\"valueName\":\"search_term_string\"}}],\"inLanguage\":\"fr-FR\"},{\"@type\":\"Organization\",\"@id\":\"https:\\\/\\\/ks-cs.ch\\\/fr\\\/#organization\",\"name\":\"KS\\\/CS Kommunikation Schweiz\",\"url\":\"https:\\\/\\\/ks-cs.ch\\\/fr\\\/\",\"logo\":{\"@type\":\"ImageObject\",\"inLanguage\":\"fr-FR\",\"@id\":\"https:\\\/\\\/ks-cs.ch\\\/fr\\\/#\\\/schema\\\/logo\\\/image\\\/\",\"url\":\"https:\\\/\\\/ks-cs.ch\\\/wp-content\\\/uploads\\\/2022\\\/12\\\/Logo-Social-Media-1.jpg\",\"contentUrl\":\"https:\\\/\\\/ks-cs.ch\\\/wp-content\\\/uploads\\\/2022\\\/12\\\/Logo-Social-Media-1.jpg\",\"width\":709,\"height\":608,\"caption\":\"KS\\\/CS Kommunikation Schweiz\"},\"image\":{\"@id\":\"https:\\\/\\\/ks-cs.ch\\\/fr\\\/#\\\/schema\\\/logo\\\/image\\\/\"},\"sameAs\":[\"https:\\\/\\\/www.linkedin.com\\\/company\\\/kommunikation-schweiz-communication-suisse-comunicazione-svizzera-communication-switzerland\\\/\"]},{\"@type\":\"Person\",\"@id\":\"https:\\\/\\\/ks-cs.ch\\\/fr\\\/#\\\/schema\\\/person\\\/90b53cfa719fc92f3481313229373d7e\",\"name\":\"Vera Baldo-Tschan\",\"image\":{\"@type\":\"ImageObject\",\"inLanguage\":\"fr-FR\",\"@id\":\"https:\\\/\\\/secure.gravatar.com\\\/avatar\\\/619ac8d426d0db88af5a60abf0093717ebb60b282eee123d091d5ff735f83277?s=96&d=mm&r=g\",\"url\":\"https:\\\/\\\/secure.gravatar.com\\\/avatar\\\/619ac8d426d0db88af5a60abf0093717ebb60b282eee123d091d5ff735f83277?s=96&d=mm&r=g\",\"contentUrl\":\"https:\\\/\\\/secure.gravatar.com\\\/avatar\\\/619ac8d426d0db88af5a60abf0093717ebb60b282eee123d091d5ff735f83277?s=96&d=mm&r=g\",\"caption\":\"Vera Baldo-Tschan\"}}]}<\/script>\n<!-- \/ Yoast SEO plugin. -->","yoast_head_json":{"title":"43 nouveaux sp\u00e9cialistes en communication ! - KS\/CS Communication Suisse","robots":{"index":"index","follow":"follow","max-snippet":"max-snippet:-1","max-image-preview":"max-image-preview:large","max-video-preview":"max-video-preview:-1"},"canonical":"https:\/\/ks-cs.ch\/fr\/43-nouveaux-specialistes-en-communication\/","og_locale":"fr_FR","og_type":"article","og_title":"43 nouveaux sp\u00e9cialistes en communication ! - KS\/CS Communication Suisse","og_description":"Zurich, le 18 juin 2024 - Communiqu\u00e9 de presse. Les r\u00e9sultats des examens du brevet f\u00e9d\u00e9ral de sp\u00e9cialiste en communication de cette ann\u00e9e sont connus. Les participants ont obtenu la meilleure moyenne depuis l'introduction des examens f\u00e9d\u00e9raux. Pour la premi\u00e8re fois, trois dipl\u00f4m\u00e9es repr\u00e9sentent la Suisse italienne.","og_url":"https:\/\/ks-cs.ch\/fr\/43-nouveaux-specialistes-en-communication\/","og_site_name":"KS\/CS Communication Suisse","article_published_time":"2024-06-18T07:37:04+00:00","article_modified_time":"2024-07-19T08:47:31+00:00","og_image":[{"width":2560,"height":1707,"url":"https:\/\/ks-cs.ch\/wp-content\/uploads\/2024\/06\/pexels-ketut-subiyanto-4560142-scaled.jpg","type":"image\/jpeg"}],"author":"Vera Baldo-Tschan","twitter_card":"summary_large_image","twitter_misc":{"\u00c9crit par":"Vera Baldo-Tschan","Dur\u00e9e de lecture estim\u00e9e":"4 minutes"},"schema":{"@context":"https:\/\/schema.org","@graph":[{"@type":"Article","@id":"https:\/\/ks-cs.ch\/fr\/43-nouveaux-specialistes-en-communication\/#article","isPartOf":{"@id":"https:\/\/ks-cs.ch\/fr\/43-nouveaux-specialistes-en-communication\/"},"author":{"name":"Vera Baldo-Tschan","@id":"https:\/\/ks-cs.ch\/fr\/#\/schema\/person\/90b53cfa719fc92f3481313229373d7e"},"headline":"43 nouveaux sp\u00e9cialistes en communication !","datePublished":"2024-06-18T07:37:04+00:00","dateModified":"2024-07-19T08:47:31+00:00","mainEntityOfPage":{"@id":"https:\/\/ks-cs.ch\/fr\/43-nouveaux-specialistes-en-communication\/"},"wordCount":586,"publisher":{"@id":"https:\/\/ks-cs.ch\/fr\/#organization"},"image":{"@id":"https:\/\/ks-cs.ch\/fr\/43-nouveaux-specialistes-en-communication\/#primaryimage"},"thumbnailUrl":"https:\/\/ks-cs.ch\/wp-content\/uploads\/2024\/06\/pexels-ketut-subiyanto-4560142-scaled.jpg","articleSection":["Communiqu\u00e9 de presse"],"inLanguage":"fr-FR"},{"@type":"WebPage","@id":"https:\/\/ks-cs.ch\/fr\/43-nouveaux-specialistes-en-communication\/","url":"https:\/\/ks-cs.ch\/fr\/43-nouveaux-specialistes-en-communication\/","name":"43 nouveaux sp\u00e9cialistes en communication ! - KS\/CS Communication Suisse","isPartOf":{"@id":"https:\/\/ks-cs.ch\/fr\/#website"},"primaryImageOfPage":{"@id":"https:\/\/ks-cs.ch\/fr\/43-nouveaux-specialistes-en-communication\/#primaryimage"},"image":{"@id":"https:\/\/ks-cs.ch\/fr\/43-nouveaux-specialistes-en-communication\/#primaryimage"},"thumbnailUrl":"https:\/\/ks-cs.ch\/wp-content\/uploads\/2024\/06\/pexels-ketut-subiyanto-4560142-scaled.jpg","datePublished":"2024-06-18T07:37:04+00:00","dateModified":"2024-07-19T08:47:31+00:00","breadcrumb":{"@id":"https:\/\/ks-cs.ch\/fr\/43-nouveaux-specialistes-en-communication\/#breadcrumb"},"inLanguage":"fr-FR","potentialAction":[{"@type":"ReadAction","target":["https:\/\/ks-cs.ch\/fr\/43-nouveaux-specialistes-en-communication\/"]}]},{"@type":"ImageObject","inLanguage":"fr-FR","@id":"https:\/\/ks-cs.ch\/fr\/43-nouveaux-specialistes-en-communication\/#primaryimage","url":"https:\/\/ks-cs.ch\/wp-content\/uploads\/2024\/06\/pexels-ketut-subiyanto-4560142-scaled.jpg","contentUrl":"https:\/\/ks-cs.ch\/wp-content\/uploads\/2024\/06\/pexels-ketut-subiyanto-4560142-scaled.jpg","width":2560,"height":1707},{"@type":"BreadcrumbList","@id":"https:\/\/ks-cs.ch\/fr\/43-nouveaux-specialistes-en-communication\/#breadcrumb","itemListElement":[{"@type":"ListItem","position":1,"name":"Home","item":"https:\/\/ks-cs.ch\/fr\/"},{"@type":"ListItem","position":2,"name":"43 nouveaux sp\u00e9cialistes en communication !"}]},{"@type":"WebSite","@id":"https:\/\/ks-cs.ch\/fr\/#website","url":"https:\/\/ks-cs.ch\/fr\/","name":"KS\/CS Kommunikation Schweiz","description":"Association des communications commerciales","publisher":{"@id":"https:\/\/ks-cs.ch\/fr\/#organization"},"potentialAction":[{"@type":"SearchAction","target":{"@type":"EntryPoint","urlTemplate":"https:\/\/ks-cs.ch\/fr\/?s={search_term_string}"},"query-input":{"@type":"PropertyValueSpecification","valueRequired":true,"valueName":"search_term_string"}}],"inLanguage":"fr-FR"},{"@type":"Organization","@id":"https:\/\/ks-cs.ch\/fr\/#organization","name":"KS\/CS Kommunikation Schweiz","url":"https:\/\/ks-cs.ch\/fr\/","logo":{"@type":"ImageObject","inLanguage":"fr-FR","@id":"https:\/\/ks-cs.ch\/fr\/#\/schema\/logo\/image\/","url":"https:\/\/ks-cs.ch\/wp-content\/uploads\/2022\/12\/Logo-Social-Media-1.jpg","contentUrl":"https:\/\/ks-cs.ch\/wp-content\/uploads\/2022\/12\/Logo-Social-Media-1.jpg","width":709,"height":608,"caption":"KS\/CS Kommunikation Schweiz"},"image":{"@id":"https:\/\/ks-cs.ch\/fr\/#\/schema\/logo\/image\/"},"sameAs":["https:\/\/www.linkedin.com\/company\/kommunikation-schweiz-communication-suisse-comunicazione-svizzera-communication-switzerland\/"]},{"@type":"Person","@id":"https:\/\/ks-cs.ch\/fr\/#\/schema\/person\/90b53cfa719fc92f3481313229373d7e","name":"Vera Baldo-Tschan","image":{"@type":"ImageObject","inLanguage":"fr-FR","@id":"https:\/\/secure.gravatar.com\/avatar\/619ac8d426d0db88af5a60abf0093717ebb60b282eee123d091d5ff735f83277?s=96&d=mm&r=g","url":"https:\/\/secure.gravatar.com\/avatar\/619ac8d426d0db88af5a60abf0093717ebb60b282eee123d091d5ff735f83277?s=96&d=mm&r=g","contentUrl":"https:\/\/secure.gravatar.com\/avatar\/619ac8d426d0db88af5a60abf0093717ebb60b282eee123d091d5ff735f83277?s=96&d=mm&r=g","caption":"Vera Baldo-Tschan"}}]}},"publishpress_future_action":{"enabled":false,"date":"2026-05-04 14:34:15","action":"change-status","newStatus":"draft","terms":[],"taxonomy":"category","extraData":[]},"publishpress_future_workflow_manual_trigger":{"enabledWorkflows":[]},"_links":{"self":[{"href":"https:\/\/ks-cs.ch\/fr\/wp-json\/wp\/v2\/posts\/5922","targetHints":{"allow":["GET"]}}],"collection":[{"href":"https:\/\/ks-cs.ch\/fr\/wp-json\/wp\/v2\/posts"}],"about":[{"href":"https:\/\/ks-cs.ch\/fr\/wp-json\/wp\/v2\/types\/post"}],"author":[{"embeddable":true,"href":"https:\/\/ks-cs.ch\/fr\/wp-json\/wp\/v2\/users\/4"}],"replies":[{"embeddable":true,"href":"https:\/\/ks-cs.ch\/fr\/wp-json\/wp\/v2\/comments?post=5922"}],"version-history":[{"count":4,"href":"https:\/\/ks-cs.ch\/fr\/wp-json\/wp\/v2\/posts\/5922\/revisions"}],"predecessor-version":[{"id":6093,"href":"https:\/\/ks-cs.ch\/fr\/wp-json\/wp\/v2\/posts\/5922\/revisions\/6093"}],"wp:featuredmedia":[{"embeddable":true,"href":"https:\/\/ks-cs.ch\/fr\/wp-json\/wp\/v2\/media\/5917"}],"wp:attachment":[{"href":"https:\/\/ks-cs.ch\/fr\/wp-json\/wp\/v2\/media?parent=5922"}],"wp:term":[{"taxonomy":"category","embeddable":true,"href":"https:\/\/ks-cs.ch\/fr\/wp-json\/wp\/v2\/categories?post=5922"},{"taxonomy":"post_tag","embeddable":true,"href":"https:\/\/ks-cs.ch\/fr\/wp-json\/wp\/v2\/tags?post=5922"}],"curies":[{"name":"wp","href":"https:\/\/api.w.org\/{rel}","templated":true}]}}