{"id":4970,"date":"2024-01-24T21:33:02","date_gmt":"2024-01-24T20:33:02","guid":{"rendered":"https:\/\/ks-cs.ch\/?p=4970"},"modified":"2024-01-26T17:37:14","modified_gmt":"2024-01-26T16:37:14","slug":"comon-le-rendez-vous-de-la-communication-pour-des-discussions-inspirantes-et-des-echanges-constructifs","status":"publish","type":"post","link":"https:\/\/ks-cs.ch\/fr\/comon-le-rendez-vous-de-la-communication-pour-des-discussions-inspirantes-et-des-echanges-constructifs\/","title":{"rendered":"Com&rsquo;ON : le rendez-vous de les passionn\u00e9s de communication pour des discussions inspirantes et des \u00e9changes constructifs"},"content":{"rendered":"<p>Plus de 130 professionnels de la communication se sont retrouv\u00e9s \u00e0 Lausanne pour un programme de conf\u00e9rences riche et vari\u00e9, anim\u00e9 de main de ma\u00eetre par Gr\u00e9goire Nappey. La deuxi\u00e8me \u00e9dition de l&rsquo;\u00e9v\u00e9nement a \u00e9t\u00e9 remplie d&rsquo;interventions de grande qualit\u00e9 avec Pascal Meyer (QoQa), Mich\u00e8le Cassani (Romande Energie), Tristan Cerf (Migros), Filippo Veglio (UEFA), Damien Fournier (Bright), Christophe Wagni\u00e8re (Ecole 42) et David von Ritter (Cavalcade). A cette occasion, les participants ont discut\u00e9 et d\u00e9battu de mani\u00e8re constructive sur des th\u00e8mes cl\u00e9s du secteur tels que la communication RSE, le marketing des donn\u00e9es, la formation, la publicit\u00e9 ou l&rsquo;inclusivit\u00e9.<\/p>\n<p>Un grand merci aux sponsors pour leur soutien, parmi lesquels SGA, Cartoonbase, Gamned, Goldbach, Le Temps et RTS. Sans oublier le comit\u00e9 d&rsquo;organisation de l&rsquo;\u00e9v\u00e9nement, Vincent Antonioli, Fabian Delmonico, Vera Presas Katz, Flavien Matthey et Guillaume Roud. Com&rsquo;ON a r\u00e9uni \u00e0 plusieurs reprises les personnes du secteur de la communication et a rendu possibles les discussions et les \u00e9changes. Nous remercions tous les participants et nous r\u00e9jouissons de la troisi\u00e8me \u00e9dition de Com&rsquo;ON, <strong>le 21 janvier 2025 \u00e0 Lausanne<\/strong>.<\/p>\n<p>&nbsp;<\/p>\n<style>#jtg-4596 .modula-item .jtg-social svg, .lightbox-socials.jtg-social svg { height: 16px; width: 16px }#jtg-4596 .modula-item .figc {}#jtg-4596 .modula-item .modula-item-content { transform: scale(1) }#jtg-4596 { width:100%;}#jtg-4596 .modula-items .figc p.description { font-size:14px; }#jtg-4596 .modula-items .figc p.description { color:;}#jtg-4596.modula-gallery .modula-item > a, #jtg-4596.modula-gallery .modula-item, #jtg-4596.modula-gallery .modula-item-content > a:not(.modula-no-follow) { cursor:zoom-in; } #jtg-4596.modula-gallery .modula-item-content .modula-no-follow { cursor: default; } #jtg-4596.modula-gallery .modula-item, #jtg-4596.modula-gallery .modula-grid-sizer { width: calc(25% - 11.25px) ; } @media (min-width: 768px) and (max-width:992px) { html body #jtg-4596.modula-gallery .modula-item, html body  #jtg-4596.modula-gallery .modula-grid-sizer {width: calc(25% - 11.25px ) ; } }@media (max-width: 768px) { html body #jtg-4596.modula-gallery .modula-item, html body  #jtg-4596.modula-gallery .modula-grid-sizer {width: calc(25% - 11.25px ) ; } }#jtg-4596 .modula-items{position:relative;}@media screen and (max-width:480px){#jtg-4596 .modula-item .figc .jtg-title {  font-size: 12px; }#jtg-4596 .modula-items .figc p.description { color:;font-size:10px; }}<\/style>\n<!-- Gallery Container -->\n<div  id=\"jtg-4596\" class=\"modula modula-gallery modula-columns\" data-config=\"{&quot;tabletHeight&quot;:0,&quot;mobileHeight&quot;:0,&quot;desktopHeight&quot;:0,&quot;enableTwitter&quot;:false,&quot;enableWhatsapp&quot;:false,&quot;enableFacebook&quot;:false,&quot;enablePinterest&quot;:false,&quot;enableLinkedin&quot;:false,&quot;enableEmail&quot;:false,&quot;randomFactor&quot;:0,&quot;type&quot;:&quot;grid&quot;,&quot;columns&quot;:12,&quot;gutter&quot;:15,&quot;mobileGutter&quot;:15,&quot;tabletGutter&quot;:15,&quot;desktopGutter&quot;:15,&quot;enableResponsive&quot;:&quot;0&quot;,&quot;tabletColumns&quot;:&quot;2&quot;,&quot;mobileColumns&quot;:&quot;1&quot;,&quot;lazyLoad&quot;:&quot;1&quot;,&quot;lightboxOpts&quot;:{&quot;loop&quot;:false,&quot;arrows&quot;:true,&quot;toolbar&quot;:true,&quot;keyboard&quot;:true,&quot;wheel&quot;:false,&quot;buttons&quot;:[&quot;close&quot;],&quot;hash&quot;:false,&quot;lang&quot;:&quot;en&quot;,&quot;touch&quot;:false,&quot;protect&quot;:false,&quot;i18n&quot;:{&quot;en&quot;:{&quot;CLOSE&quot;:&quot;Close&quot;,&quot;NEXT&quot;:&quot;Next&quot;,&quot;PREV&quot;:&quot;Previous&quot;,&quot;Error&quot;:&quot;The requested content cannot be loaded. Please try again later.&quot;,&quot;PLAY_START&quot;:&quot;Start slideshow&quot;,&quot;PLAY_STOP&quot;:&quot;Pause slideshow&quot;,&quot;FULL_SCREEN&quot;:&quot;Full screen&quot;,&quot;THUMBS&quot;:&quot;Thumbnails&quot;,&quot;DOWNLOAD&quot;:&quot;Download&quot;,&quot;SHARE&quot;:&quot;Share&quot;,&quot;ZOOM&quot;:&quot;Zoom&quot;}},&quot;clickSlide&quot;:false,&quot;clickOutside&quot;:false,&quot;dblclickContent&quot;:false,&quot;dblclickSlide&quot;:false,&quot;dblclickOutside&quot;:false,&quot;clickContent&quot;:false,&quot;baseTpl&quot;:&quot;&lt;div class=\\&quot;modula-fancybox-container modula-lightbox-jtg-4596\\&quot; role=\\&quot;dialog\\&quot; tabindex=\\&quot;-1\\&quot;&gt;&lt;div class=\\&quot;modula-fancybox-bg\\&quot;&gt;&lt;\\\/div&gt;&lt;div class=\\&quot;modula-fancybox-inner\\&quot;&gt;&lt;div class=\\&quot;modula-fancybox-infobar\\&quot;&gt;&lt;span data-fancybox-index&gt;&lt;\\\/span&gt;&nbsp;\\\/&nbsp;&lt;span data-fancybox-count&gt;&lt;\\\/span&gt;&lt;\\\/div&gt;&lt;div class=\\&quot;modula-fancybox-toolbar\\&quot;&gt;{{buttons}}&lt;\\\/div&gt;&lt;div class=\\&quot;modula-fancybox-navigation\\&quot;&gt;{{arrows}}&lt;\\\/div&gt;&lt;div class=\\&quot;modula-fancybox-stage\\&quot;&gt;&lt;\\\/div&gt;&lt;div class=\\&quot;modula-fancybox-caption\\&quot;&gt;&lt;div class=\\&quot;modula-fancybox-caption__body\\&quot;&gt;&lt;\\\/div&gt;&lt;\\\/div&gt;&lt;\\\/div&gt;&lt;\\\/div&gt;&quot;},&quot;inView&quot;:false,&quot;email_subject&quot;:&quot;Check out this awesome image !!&quot;,&quot;email_message&quot;:&quot;Here is the link to the image : %%image_link%% and this is the link to the gallery : %%gallery_link%%&quot;,&quot;grid_type&quot;:&quot;4&quot;,&quot;rowHeight&quot;:0,&quot;lastRow&quot;:&quot;&quot;,&quot;lightbox&quot;:&quot;fancybox&quot;}\">\n\n\t<div class=\"modula-grid-sizer\"> <\/div>\n\t<!-- Items Container -->\n\t<div  class=\"modula-items grid-gallery\">\n\t\t<div class=\"modula-item effect-pufrobo\" >\n\t<div class=\"modula-item-overlay\"><\/div>\n\n\t<div class=\"modula-item-content\">\n\n\t\t\t\t\n\t\t\t\t\t<a data-image-id=\"4942\" rel=\"jtg-4596\" data-caption=\"\" aria-label=\"Open image in lightbox\" class=\"tile-inner modula-item-link\"><\/a>\n\t\t\n\t\t<img class=\"pic wp-image-4942 lazyload\"  data-valign=\"middle\" data-halign=\"center\" alt=\"\" data-full=\"https:\/\/ks-cs.ch\/wp-content\/uploads\/2024\/01\/DSC_6589-1.jpg\" title=\"DSC_6589\" width=\"840\" height=\"560\" data-src=\"https:\/\/ks-cs.ch\/wp-content\/uploads\/2024\/01\/DSC_6589-1-1024x683.jpg\" data-caption=\"\" data-source=\"modula\"\/>\n\t\t<div class=\"figc no-description\">\n\t\t\t<div class=\"figc-inner\">\n\t\t\t\t\t\t\t\t\t\t\t\t\t\t\t<\/div>\n\t\t<\/div>\n\n\t<\/div>\n\n<\/div><div class=\"modula-item effect-pufrobo\" >\n\t<div class=\"modula-item-overlay\"><\/div>\n\n\t<div class=\"modula-item-content\">\n\n\t\t\t\t\n\t\t\t\t\t<a data-image-id=\"4945\" rel=\"jtg-4596\" data-caption=\"\" aria-label=\"Open image in lightbox\" class=\"tile-inner modula-item-link\"><\/a>\n\t\t\n\t\t<img class=\"pic wp-image-4945 lazyload\"  data-valign=\"middle\" data-halign=\"center\" alt=\"\" data-full=\"https:\/\/ks-cs.ch\/wp-content\/uploads\/2024\/01\/DSC_6692.jpg\" title=\"DSC_6692\" width=\"840\" height=\"560\" data-src=\"https:\/\/ks-cs.ch\/wp-content\/uploads\/2024\/01\/DSC_6692-1024x683.jpg\" data-caption=\"\" data-source=\"modula\"\/>\n\t\t<div class=\"figc no-description\">\n\t\t\t<div class=\"figc-inner\">\n\t\t\t\t\t\t\t\t\t\t\t\t\t\t\t<\/div>\n\t\t<\/div>\n\n\t<\/div>\n\n<\/div><div class=\"modula-item effect-pufrobo\" >\n\t<div class=\"modula-item-overlay\"><\/div>\n\n\t<div class=\"modula-item-content\">\n\n\t\t\t\t\n\t\t\t\t\t<a data-image-id=\"4948\" rel=\"jtg-4596\" data-caption=\"\" aria-label=\"Open image in lightbox\" class=\"tile-inner modula-item-link\"><\/a>\n\t\t\n\t\t<img class=\"pic wp-image-4948 lazyload\"  data-valign=\"middle\" data-halign=\"center\" alt=\"\" data-full=\"https:\/\/ks-cs.ch\/wp-content\/uploads\/2024\/01\/DSC_6698.jpg\" title=\"DSC_6698\" width=\"840\" height=\"560\" data-src=\"https:\/\/ks-cs.ch\/wp-content\/uploads\/2024\/01\/DSC_6698-1024x683.jpg\" data-caption=\"\" data-source=\"modula\"\/>\n\t\t<div class=\"figc no-description\">\n\t\t\t<div class=\"figc-inner\">\n\t\t\t\t\t\t\t\t\t\t\t\t\t\t\t<\/div>\n\t\t<\/div>\n\n\t<\/div>\n\n<\/div><div class=\"modula-item effect-pufrobo\" >\n\t<div class=\"modula-item-overlay\"><\/div>\n\n\t<div class=\"modula-item-content\">\n\n\t\t\t\t\n\t\t\t\t\t<a data-image-id=\"4951\" rel=\"jtg-4596\" data-caption=\"\" aria-label=\"Open image in lightbox\" class=\"tile-inner modula-item-link\"><\/a>\n\t\t\n\t\t<img class=\"pic wp-image-4951 lazyload\"  data-valign=\"middle\" data-halign=\"center\" alt=\"\" data-full=\"https:\/\/ks-cs.ch\/wp-content\/uploads\/2024\/01\/DSC_6713.jpg\" title=\"DSC_6713\" width=\"840\" height=\"560\" data-src=\"https:\/\/ks-cs.ch\/wp-content\/uploads\/2024\/01\/DSC_6713-1024x683.jpg\" data-caption=\"\" data-source=\"modula\"\/>\n\t\t<div class=\"figc no-description\">\n\t\t\t<div class=\"figc-inner\">\n\t\t\t\t\t\t\t\t\t\t\t\t\t\t\t<\/div>\n\t\t<\/div>\n\n\t<\/div>\n\n<\/div><div class=\"modula-item effect-pufrobo\" >\n\t<div class=\"modula-item-overlay\"><\/div>\n\n\t<div class=\"modula-item-content\">\n\n\t\t\t\t\n\t\t\t\t\t<a data-image-id=\"4954\" rel=\"jtg-4596\" data-caption=\"\" aria-label=\"Open image in lightbox\" class=\"tile-inner modula-item-link\"><\/a>\n\t\t\n\t\t<img class=\"pic wp-image-4954 lazyload\"  data-valign=\"middle\" data-halign=\"center\" alt=\"\" data-full=\"https:\/\/ks-cs.ch\/wp-content\/uploads\/2024\/01\/DSC_6761.jpg\" title=\"DSC_6761\" width=\"840\" height=\"560\" data-src=\"https:\/\/ks-cs.ch\/wp-content\/uploads\/2024\/01\/DSC_6761-1024x683.jpg\" data-caption=\"\" data-source=\"modula\"\/>\n\t\t<div class=\"figc no-description\">\n\t\t\t<div class=\"figc-inner\">\n\t\t\t\t\t\t\t\t\t\t\t\t\t\t\t<\/div>\n\t\t<\/div>\n\n\t<\/div>\n\n<\/div><div class=\"modula-item effect-pufrobo\" >\n\t<div class=\"modula-item-overlay\"><\/div>\n\n\t<div class=\"modula-item-content\">\n\n\t\t\t\t\n\t\t\t\t\t<a data-image-id=\"4957\" rel=\"jtg-4596\" data-caption=\"\" aria-label=\"Open image in lightbox\" class=\"tile-inner modula-item-link\"><\/a>\n\t\t\n\t\t<img class=\"pic wp-image-4957 lazyload\"  data-valign=\"middle\" data-halign=\"center\" alt=\"\" data-full=\"https:\/\/ks-cs.ch\/wp-content\/uploads\/2024\/01\/DSC_6865.jpg\" title=\"DSC_6865\" width=\"840\" height=\"560\" data-src=\"https:\/\/ks-cs.ch\/wp-content\/uploads\/2024\/01\/DSC_6865-1024x683.jpg\" data-caption=\"\" data-source=\"modula\"\/>\n\t\t<div class=\"figc no-description\">\n\t\t\t<div class=\"figc-inner\">\n\t\t\t\t\t\t\t\t\t\t\t\t\t\t\t<\/div>\n\t\t<\/div>\n\n\t<\/div>\n\n<\/div><div class=\"modula-item effect-pufrobo\" >\n\t<div class=\"modula-item-overlay\"><\/div>\n\n\t<div class=\"modula-item-content\">\n\n\t\t\t\t\n\t\t\t\t\t<a data-image-id=\"4960\" rel=\"jtg-4596\" data-caption=\"\" aria-label=\"Open image in lightbox\" class=\"tile-inner modula-item-link\"><\/a>\n\t\t\n\t\t<img class=\"pic wp-image-4960 lazyload\"  data-valign=\"middle\" data-halign=\"center\" alt=\"\" data-full=\"https:\/\/ks-cs.ch\/wp-content\/uploads\/2024\/01\/DSC_6973.jpg\" title=\"DSC_6973\" width=\"840\" height=\"560\" data-src=\"https:\/\/ks-cs.ch\/wp-content\/uploads\/2024\/01\/DSC_6973-1024x683.jpg\" data-caption=\"\" data-source=\"modula\"\/>\n\t\t<div class=\"figc no-description\">\n\t\t\t<div class=\"figc-inner\">\n\t\t\t\t\t\t\t\t\t\t\t\t\t\t\t<\/div>\n\t\t<\/div>\n\n\t<\/div>\n\n<\/div><div class=\"modula-item effect-pufrobo\" >\n\t<div class=\"modula-item-overlay\"><\/div>\n\n\t<div class=\"modula-item-content\">\n\n\t\t\t\t\n\t\t\t\t\t<a data-image-id=\"4963\" rel=\"jtg-4596\" data-caption=\"\" aria-label=\"Open image in lightbox\" class=\"tile-inner modula-item-link\"><\/a>\n\t\t\n\t\t<img class=\"pic wp-image-4963 lazyload\"  data-valign=\"middle\" data-halign=\"center\" alt=\"\" data-full=\"https:\/\/ks-cs.ch\/wp-content\/uploads\/2024\/01\/DSC_6977.jpg\" title=\"DSC_6977\" width=\"840\" height=\"560\" data-src=\"https:\/\/ks-cs.ch\/wp-content\/uploads\/2024\/01\/DSC_6977-1024x683.jpg\" data-caption=\"\" data-source=\"modula\"\/>\n\t\t<div class=\"figc no-description\">\n\t\t\t<div class=\"figc-inner\">\n\t\t\t\t\t\t\t\t\t\t\t\t\t\t\t<\/div>\n\t\t<\/div>\n\n\t<\/div>\n\n<\/div>\t\t\n\t<\/div>\n\n\t\n\t\n\t<script type=\"application\/ld+json\">\n\t{\n\t\t\"@context\": \"http:\/\/schema.org\",\n\t\t\"@type\"   : \"ImageGallery\",\n\t\t\"id\"      : \"https:\/\/ks-cs.ch\/fr\/wp-json\/wp\/v2\/posts\/4970\/\",\n\t\t\"url\"     : \"https:\/\/ks-cs.ch\/fr\/wp-json\/wp\/v2\/posts\/4970\/\"\n\t}\n\n    <\/script>\n\n\t\n<\/div>\n<p><a href=\"https:\/\/cominmag.ch\/comon-2024-eloge-des-valeurs-de-la-communication\/\" target=\"_blank\" rel=\"noopener\">Retour de Cominmag sur l\u2019\u00e9v\u00e9nement Com\u2019ON 2024<\/a><\/p>\n","protected":false},"excerpt":{"rendered":"<p>Com&rsquo;ON, le rendez-vous annuel de la branche de la communication en Suisse romande, a lieu au d\u00e9but de chaque mois de janvier. Il sert \u00e0 donner le ton pour l&rsquo;ann\u00e9e \u00e0 venir. Apr\u00e8s les d\u00e9fis de 2023, notamment l&rsquo;inflation qui a affect\u00e9 le pouvoir d&rsquo;achat des Suisses, 2024 montrera la r\u00e9silience et la capacit\u00e9 d&rsquo;adaptation de l&rsquo;\u00e9conomie suisse.  <\/p>\n","protected":false},"author":6,"featured_media":0,"comment_status":"closed","ping_status":"open","sticky":false,"template":"","format":"standard","meta":{"content-type":"","footnotes":""},"categories":[12],"tags":[],"class_list":["post-4970","post","type-post","status-publish","format-standard","hentry","category-nouvelles"],"yoast_head":"<!-- This site is optimized with the Yoast SEO plugin v27.5 - https:\/\/yoast.com\/product\/yoast-seo-wordpress\/ -->\n<title>Com&#039;ON : le rendez-vous de les passionn\u00e9s de communication pour des discussions inspirantes et des \u00e9changes constructifs - KS\/CS Communication Suisse<\/title>\n<meta name=\"robots\" content=\"index, follow, max-snippet:-1, max-image-preview:large, max-video-preview:-1\" \/>\n<link rel=\"canonical\" href=\"https:\/\/ks-cs.ch\/fr\/comon-le-rendez-vous-de-la-communication-pour-des-discussions-inspirantes-et-des-echanges-constructifs\/\" \/>\n<meta property=\"og:locale\" content=\"fr_FR\" \/>\n<meta property=\"og:type\" content=\"article\" \/>\n<meta property=\"og:title\" content=\"Com&#039;ON : le rendez-vous de les passionn\u00e9s de communication pour des discussions inspirantes et des \u00e9changes constructifs - KS\/CS Communication Suisse\" \/>\n<meta property=\"og:description\" content=\"Com&#039;ON, le rendez-vous annuel de la branche de la communication en Suisse romande, a lieu au d\u00e9but de chaque mois de janvier. Il sert \u00e0 donner le ton pour l&#039;ann\u00e9e \u00e0 venir. Apr\u00e8s les d\u00e9fis de 2023, notamment l&#039;inflation qui a affect\u00e9 le pouvoir d&#039;achat des Suisses, 2024 montrera la r\u00e9silience et la capacit\u00e9 d&#039;adaptation de l&#039;\u00e9conomie suisse.\" \/>\n<meta property=\"og:url\" content=\"https:\/\/ks-cs.ch\/fr\/comon-le-rendez-vous-de-la-communication-pour-des-discussions-inspirantes-et-des-echanges-constructifs\/\" \/>\n<meta property=\"og:site_name\" content=\"KS\/CS Communication Suisse\" \/>\n<meta property=\"article:published_time\" content=\"2024-01-24T20:33:02+00:00\" \/>\n<meta property=\"article:modified_time\" content=\"2024-01-26T16:37:14+00:00\" \/>\n<meta property=\"og:image\" content=\"https:\/\/ks-cs.ch\/wp-content\/uploads\/2022\/11\/Logo.jpeg\" \/>\n\t<meta property=\"og:image:width\" content=\"1200\" \/>\n\t<meta property=\"og:image:height\" content=\"920\" \/>\n\t<meta property=\"og:image:type\" content=\"image\/jpeg\" \/>\n<meta name=\"author\" content=\"Yasmin Spengler\" \/>\n<meta name=\"twitter:card\" content=\"summary_large_image\" \/>\n<meta name=\"twitter:label1\" content=\"\u00c9crit par\" \/>\n\t<meta name=\"twitter:data1\" content=\"Yasmin Spengler\" \/>\n\t<meta name=\"twitter:label2\" content=\"Dur\u00e9e de lecture estim\u00e9e\" \/>\n\t<meta name=\"twitter:data2\" content=\"2 minutes\" \/>\n<script type=\"application\/ld+json\" class=\"yoast-schema-graph\">{\"@context\":\"https:\\\/\\\/schema.org\",\"@graph\":[{\"@type\":\"Article\",\"@id\":\"https:\\\/\\\/ks-cs.ch\\\/fr\\\/comon-le-rendez-vous-de-la-communication-pour-des-discussions-inspirantes-et-des-echanges-constructifs\\\/#article\",\"isPartOf\":{\"@id\":\"https:\\\/\\\/ks-cs.ch\\\/fr\\\/comon-le-rendez-vous-de-la-communication-pour-des-discussions-inspirantes-et-des-echanges-constructifs\\\/\"},\"author\":{\"name\":\"Yasmin Spengler\",\"@id\":\"https:\\\/\\\/ks-cs.ch\\\/fr\\\/#\\\/schema\\\/person\\\/9d52779da2bedc35cb887cf481ae8cfb\"},\"headline\":\"Com&rsquo;ON : le rendez-vous de les passionn\u00e9s de communication pour des discussions inspirantes et des \u00e9changes constructifs\",\"datePublished\":\"2024-01-24T20:33:02+00:00\",\"dateModified\":\"2024-01-26T16:37:14+00:00\",\"mainEntityOfPage\":{\"@id\":\"https:\\\/\\\/ks-cs.ch\\\/fr\\\/comon-le-rendez-vous-de-la-communication-pour-des-discussions-inspirantes-et-des-echanges-constructifs\\\/\"},\"wordCount\":219,\"publisher\":{\"@id\":\"https:\\\/\\\/ks-cs.ch\\\/fr\\\/#organization\"},\"articleSection\":[\"Nouvelles\"],\"inLanguage\":\"fr-FR\"},{\"@type\":\"WebPage\",\"@id\":\"https:\\\/\\\/ks-cs.ch\\\/fr\\\/comon-le-rendez-vous-de-la-communication-pour-des-discussions-inspirantes-et-des-echanges-constructifs\\\/\",\"url\":\"https:\\\/\\\/ks-cs.ch\\\/fr\\\/comon-le-rendez-vous-de-la-communication-pour-des-discussions-inspirantes-et-des-echanges-constructifs\\\/\",\"name\":\"Com'ON : le rendez-vous de les passionn\u00e9s de communication pour des discussions inspirantes et des \u00e9changes constructifs - KS\\\/CS Communication Suisse\",\"isPartOf\":{\"@id\":\"https:\\\/\\\/ks-cs.ch\\\/fr\\\/#website\"},\"datePublished\":\"2024-01-24T20:33:02+00:00\",\"dateModified\":\"2024-01-26T16:37:14+00:00\",\"breadcrumb\":{\"@id\":\"https:\\\/\\\/ks-cs.ch\\\/fr\\\/comon-le-rendez-vous-de-la-communication-pour-des-discussions-inspirantes-et-des-echanges-constructifs\\\/#breadcrumb\"},\"inLanguage\":\"fr-FR\",\"potentialAction\":[{\"@type\":\"ReadAction\",\"target\":[\"https:\\\/\\\/ks-cs.ch\\\/fr\\\/comon-le-rendez-vous-de-la-communication-pour-des-discussions-inspirantes-et-des-echanges-constructifs\\\/\"]}]},{\"@type\":\"BreadcrumbList\",\"@id\":\"https:\\\/\\\/ks-cs.ch\\\/fr\\\/comon-le-rendez-vous-de-la-communication-pour-des-discussions-inspirantes-et-des-echanges-constructifs\\\/#breadcrumb\",\"itemListElement\":[{\"@type\":\"ListItem\",\"position\":1,\"name\":\"Home\",\"item\":\"https:\\\/\\\/ks-cs.ch\\\/fr\\\/\"},{\"@type\":\"ListItem\",\"position\":2,\"name\":\"Com&#8217;ON : le rendez-vous de les passionn\u00e9s de communication pour des discussions inspirantes et des \u00e9changes constructifs\"}]},{\"@type\":\"WebSite\",\"@id\":\"https:\\\/\\\/ks-cs.ch\\\/fr\\\/#website\",\"url\":\"https:\\\/\\\/ks-cs.ch\\\/fr\\\/\",\"name\":\"KS\\\/CS Kommunikation Schweiz\",\"description\":\"Association des communications commerciales\",\"publisher\":{\"@id\":\"https:\\\/\\\/ks-cs.ch\\\/fr\\\/#organization\"},\"potentialAction\":[{\"@type\":\"SearchAction\",\"target\":{\"@type\":\"EntryPoint\",\"urlTemplate\":\"https:\\\/\\\/ks-cs.ch\\\/fr\\\/?s={search_term_string}\"},\"query-input\":{\"@type\":\"PropertyValueSpecification\",\"valueRequired\":true,\"valueName\":\"search_term_string\"}}],\"inLanguage\":\"fr-FR\"},{\"@type\":\"Organization\",\"@id\":\"https:\\\/\\\/ks-cs.ch\\\/fr\\\/#organization\",\"name\":\"KS\\\/CS Kommunikation Schweiz\",\"url\":\"https:\\\/\\\/ks-cs.ch\\\/fr\\\/\",\"logo\":{\"@type\":\"ImageObject\",\"inLanguage\":\"fr-FR\",\"@id\":\"https:\\\/\\\/ks-cs.ch\\\/fr\\\/#\\\/schema\\\/logo\\\/image\\\/\",\"url\":\"https:\\\/\\\/ks-cs.ch\\\/wp-content\\\/uploads\\\/2022\\\/12\\\/Logo-Social-Media-1.jpg\",\"contentUrl\":\"https:\\\/\\\/ks-cs.ch\\\/wp-content\\\/uploads\\\/2022\\\/12\\\/Logo-Social-Media-1.jpg\",\"width\":709,\"height\":608,\"caption\":\"KS\\\/CS Kommunikation Schweiz\"},\"image\":{\"@id\":\"https:\\\/\\\/ks-cs.ch\\\/fr\\\/#\\\/schema\\\/logo\\\/image\\\/\"},\"sameAs\":[\"https:\\\/\\\/www.linkedin.com\\\/company\\\/kommunikation-schweiz-communication-suisse-comunicazione-svizzera-communication-switzerland\\\/\"]},{\"@type\":\"Person\",\"@id\":\"https:\\\/\\\/ks-cs.ch\\\/fr\\\/#\\\/schema\\\/person\\\/9d52779da2bedc35cb887cf481ae8cfb\",\"name\":\"Yasmin Spengler\",\"image\":{\"@type\":\"ImageObject\",\"inLanguage\":\"fr-FR\",\"@id\":\"https:\\\/\\\/secure.gravatar.com\\\/avatar\\\/55e0188ff631f21ae4e1891d34a7a316edd8320e919b990bd18eab546364b283?s=96&d=mm&r=g\",\"url\":\"https:\\\/\\\/secure.gravatar.com\\\/avatar\\\/55e0188ff631f21ae4e1891d34a7a316edd8320e919b990bd18eab546364b283?s=96&d=mm&r=g\",\"contentUrl\":\"https:\\\/\\\/secure.gravatar.com\\\/avatar\\\/55e0188ff631f21ae4e1891d34a7a316edd8320e919b990bd18eab546364b283?s=96&d=mm&r=g\",\"caption\":\"Yasmin Spengler\"}}]}<\/script>\n<!-- \/ Yoast SEO plugin. -->","yoast_head_json":{"title":"Com'ON : le rendez-vous de les passionn\u00e9s de communication pour des discussions inspirantes et des \u00e9changes constructifs - KS\/CS Communication Suisse","robots":{"index":"index","follow":"follow","max-snippet":"max-snippet:-1","max-image-preview":"max-image-preview:large","max-video-preview":"max-video-preview:-1"},"canonical":"https:\/\/ks-cs.ch\/fr\/comon-le-rendez-vous-de-la-communication-pour-des-discussions-inspirantes-et-des-echanges-constructifs\/","og_locale":"fr_FR","og_type":"article","og_title":"Com'ON : le rendez-vous de les passionn\u00e9s de communication pour des discussions inspirantes et des \u00e9changes constructifs - KS\/CS Communication Suisse","og_description":"Com'ON, le rendez-vous annuel de la branche de la communication en Suisse romande, a lieu au d\u00e9but de chaque mois de janvier. Il sert \u00e0 donner le ton pour l'ann\u00e9e \u00e0 venir. Apr\u00e8s les d\u00e9fis de 2023, notamment l'inflation qui a affect\u00e9 le pouvoir d'achat des Suisses, 2024 montrera la r\u00e9silience et la capacit\u00e9 d'adaptation de l'\u00e9conomie suisse.","og_url":"https:\/\/ks-cs.ch\/fr\/comon-le-rendez-vous-de-la-communication-pour-des-discussions-inspirantes-et-des-echanges-constructifs\/","og_site_name":"KS\/CS Communication Suisse","article_published_time":"2024-01-24T20:33:02+00:00","article_modified_time":"2024-01-26T16:37:14+00:00","og_image":[{"width":1200,"height":920,"url":"https:\/\/ks-cs.ch\/wp-content\/uploads\/2022\/11\/Logo.jpeg","type":"image\/jpeg"}],"author":"Yasmin Spengler","twitter_card":"summary_large_image","twitter_misc":{"\u00c9crit par":"Yasmin Spengler","Dur\u00e9e de lecture estim\u00e9e":"2 minutes"},"schema":{"@context":"https:\/\/schema.org","@graph":[{"@type":"Article","@id":"https:\/\/ks-cs.ch\/fr\/comon-le-rendez-vous-de-la-communication-pour-des-discussions-inspirantes-et-des-echanges-constructifs\/#article","isPartOf":{"@id":"https:\/\/ks-cs.ch\/fr\/comon-le-rendez-vous-de-la-communication-pour-des-discussions-inspirantes-et-des-echanges-constructifs\/"},"author":{"name":"Yasmin Spengler","@id":"https:\/\/ks-cs.ch\/fr\/#\/schema\/person\/9d52779da2bedc35cb887cf481ae8cfb"},"headline":"Com&rsquo;ON : le rendez-vous de les passionn\u00e9s de communication pour des discussions inspirantes et des \u00e9changes constructifs","datePublished":"2024-01-24T20:33:02+00:00","dateModified":"2024-01-26T16:37:14+00:00","mainEntityOfPage":{"@id":"https:\/\/ks-cs.ch\/fr\/comon-le-rendez-vous-de-la-communication-pour-des-discussions-inspirantes-et-des-echanges-constructifs\/"},"wordCount":219,"publisher":{"@id":"https:\/\/ks-cs.ch\/fr\/#organization"},"articleSection":["Nouvelles"],"inLanguage":"fr-FR"},{"@type":"WebPage","@id":"https:\/\/ks-cs.ch\/fr\/comon-le-rendez-vous-de-la-communication-pour-des-discussions-inspirantes-et-des-echanges-constructifs\/","url":"https:\/\/ks-cs.ch\/fr\/comon-le-rendez-vous-de-la-communication-pour-des-discussions-inspirantes-et-des-echanges-constructifs\/","name":"Com'ON : le rendez-vous de les passionn\u00e9s de communication pour des discussions inspirantes et des \u00e9changes constructifs - KS\/CS Communication Suisse","isPartOf":{"@id":"https:\/\/ks-cs.ch\/fr\/#website"},"datePublished":"2024-01-24T20:33:02+00:00","dateModified":"2024-01-26T16:37:14+00:00","breadcrumb":{"@id":"https:\/\/ks-cs.ch\/fr\/comon-le-rendez-vous-de-la-communication-pour-des-discussions-inspirantes-et-des-echanges-constructifs\/#breadcrumb"},"inLanguage":"fr-FR","potentialAction":[{"@type":"ReadAction","target":["https:\/\/ks-cs.ch\/fr\/comon-le-rendez-vous-de-la-communication-pour-des-discussions-inspirantes-et-des-echanges-constructifs\/"]}]},{"@type":"BreadcrumbList","@id":"https:\/\/ks-cs.ch\/fr\/comon-le-rendez-vous-de-la-communication-pour-des-discussions-inspirantes-et-des-echanges-constructifs\/#breadcrumb","itemListElement":[{"@type":"ListItem","position":1,"name":"Home","item":"https:\/\/ks-cs.ch\/fr\/"},{"@type":"ListItem","position":2,"name":"Com&#8217;ON : le rendez-vous de les passionn\u00e9s de communication pour des discussions inspirantes et des \u00e9changes constructifs"}]},{"@type":"WebSite","@id":"https:\/\/ks-cs.ch\/fr\/#website","url":"https:\/\/ks-cs.ch\/fr\/","name":"KS\/CS Kommunikation Schweiz","description":"Association des communications commerciales","publisher":{"@id":"https:\/\/ks-cs.ch\/fr\/#organization"},"potentialAction":[{"@type":"SearchAction","target":{"@type":"EntryPoint","urlTemplate":"https:\/\/ks-cs.ch\/fr\/?s={search_term_string}"},"query-input":{"@type":"PropertyValueSpecification","valueRequired":true,"valueName":"search_term_string"}}],"inLanguage":"fr-FR"},{"@type":"Organization","@id":"https:\/\/ks-cs.ch\/fr\/#organization","name":"KS\/CS Kommunikation Schweiz","url":"https:\/\/ks-cs.ch\/fr\/","logo":{"@type":"ImageObject","inLanguage":"fr-FR","@id":"https:\/\/ks-cs.ch\/fr\/#\/schema\/logo\/image\/","url":"https:\/\/ks-cs.ch\/wp-content\/uploads\/2022\/12\/Logo-Social-Media-1.jpg","contentUrl":"https:\/\/ks-cs.ch\/wp-content\/uploads\/2022\/12\/Logo-Social-Media-1.jpg","width":709,"height":608,"caption":"KS\/CS Kommunikation Schweiz"},"image":{"@id":"https:\/\/ks-cs.ch\/fr\/#\/schema\/logo\/image\/"},"sameAs":["https:\/\/www.linkedin.com\/company\/kommunikation-schweiz-communication-suisse-comunicazione-svizzera-communication-switzerland\/"]},{"@type":"Person","@id":"https:\/\/ks-cs.ch\/fr\/#\/schema\/person\/9d52779da2bedc35cb887cf481ae8cfb","name":"Yasmin Spengler","image":{"@type":"ImageObject","inLanguage":"fr-FR","@id":"https:\/\/secure.gravatar.com\/avatar\/55e0188ff631f21ae4e1891d34a7a316edd8320e919b990bd18eab546364b283?s=96&d=mm&r=g","url":"https:\/\/secure.gravatar.com\/avatar\/55e0188ff631f21ae4e1891d34a7a316edd8320e919b990bd18eab546364b283?s=96&d=mm&r=g","contentUrl":"https:\/\/secure.gravatar.com\/avatar\/55e0188ff631f21ae4e1891d34a7a316edd8320e919b990bd18eab546364b283?s=96&d=mm&r=g","caption":"Yasmin Spengler"}}]}},"publishpress_future_action":{"enabled":false,"date":"2026-05-08 20:50:14","action":"change-status","newStatus":"draft","terms":[],"taxonomy":"category","extraData":[]},"publishpress_future_workflow_manual_trigger":{"enabledWorkflows":[]},"_links":{"self":[{"href":"https:\/\/ks-cs.ch\/fr\/wp-json\/wp\/v2\/posts\/4970","targetHints":{"allow":["GET"]}}],"collection":[{"href":"https:\/\/ks-cs.ch\/fr\/wp-json\/wp\/v2\/posts"}],"about":[{"href":"https:\/\/ks-cs.ch\/fr\/wp-json\/wp\/v2\/types\/post"}],"author":[{"embeddable":true,"href":"https:\/\/ks-cs.ch\/fr\/wp-json\/wp\/v2\/users\/6"}],"replies":[{"embeddable":true,"href":"https:\/\/ks-cs.ch\/fr\/wp-json\/wp\/v2\/comments?post=4970"}],"version-history":[{"count":4,"href":"https:\/\/ks-cs.ch\/fr\/wp-json\/wp\/v2\/posts\/4970\/revisions"}],"predecessor-version":[{"id":4984,"href":"https:\/\/ks-cs.ch\/fr\/wp-json\/wp\/v2\/posts\/4970\/revisions\/4984"}],"wp:attachment":[{"href":"https:\/\/ks-cs.ch\/fr\/wp-json\/wp\/v2\/media?parent=4970"}],"wp:term":[{"taxonomy":"category","embeddable":true,"href":"https:\/\/ks-cs.ch\/fr\/wp-json\/wp\/v2\/categories?post=4970"},{"taxonomy":"post_tag","embeddable":true,"href":"https:\/\/ks-cs.ch\/fr\/wp-json\/wp\/v2\/tags?post=4970"}],"curies":[{"name":"wp","href":"https:\/\/api.w.org\/{rel}","templated":true}]}}