{"id":4032,"date":"2023-08-25T10:36:56","date_gmt":"2023-08-25T08:36:56","guid":{"rendered":"https:\/\/ks-cs.ch\/?p=4032"},"modified":"2023-08-25T10:36:56","modified_gmt":"2023-08-25T08:36:56","slug":"passionnee-par-la-communication-jai-passe-lexamen-federal-de-specialiste-en-communication","status":"publish","type":"post","link":"https:\/\/ks-cs.ch\/fr\/passionnee-par-la-communication-jai-passe-lexamen-federal-de-specialiste-en-communication\/","title":{"rendered":"\u00ab Passionn\u00e9e par la communication, j&rsquo;ai pass\u00e9 l&rsquo;examen f\u00e9d\u00e9ral de sp\u00e9cialiste en communication \u00bb"},"content":{"rendered":"<p>La c\u00e9r\u00e9monie de remise des dipl\u00f4mes, anim\u00e9e par le Pr\u00e9sident de la Commission des examens, Dominik Leonhardt, a r\u00e9uni des \u00e9tudiants, des charg\u00e9s de cours et des repr\u00e9sentants de la branche de la communication. Dans son message de bienvenue, J\u00fcrg Bachmann, Pr\u00e9sident de KS\/CS Communication Suisse, a f\u00e9licit\u00e9 les dipl\u00f4m\u00e9s pour leur r\u00e9ussite et a soulign\u00e9 l&rsquo;importance de la formation pour l&rsquo;ensemble de la branche. La manifestation, organis\u00e9e par Ekaterina Petrova, responsable du secr\u00e9tariat des examens, a permis aux dipl\u00f4m\u00e9s de recevoir leurs s\u00e9sames des mains des responsables des examens Yves Epiney et Roland Ehrler, et de c\u00e9l\u00e9brer leur dur labeur.<\/p>\n<p><strong>Passion et pers\u00e9v\u00e9rance comme facteurs de r\u00e9ussite<\/strong><br \/>\n\u00ab J&rsquo;\u00e9tais curieux de nature et je voulais approfondir mes connaissances en mati\u00e8re de communication sur le march\u00e9 suisse \u00bb, r\u00e9pond Maxime Chabloz, Account Director chez Agence Trio, lorsqu&rsquo;on lui demande ce qui l&rsquo;a incit\u00e9 \u00e0 suivre la formation. Pour lui, il \u00e9tait clair que la formation \u00e9tait une condition \u00e9vidente pour son activit\u00e9 professionnelle. La passion pour la communication a \u00e9galement \u00e9t\u00e9 une motivation centrale pour Loreana Cabr\u00e9, assistante marketing au Grand Casino de Berne. Pour les dipl\u00f4m\u00e9s, une bonne gestion du temps pendant les quatorze mois de formation \u00e9tait extr\u00eamement importante, \u00e9tant donn\u00e9 qu&rsquo;il s&rsquo;agissait d&rsquo;une formation \u00e0 temps partiel: \u00ab Le plus grand d\u00e9fi pour moi a \u00e9t\u00e9 de combiner la formation, la vie professionnelle et la vie priv\u00e9e \u00bb, a d\u00e9clar\u00e9 Maxime. Pour toutes les personnes interrog\u00e9es, la formation a \u00e9t\u00e9 marqu\u00e9e par une forte coh\u00e9sion de classe. Roman B\u00e4rtschi, conseiller junior chez Valencia Kommunikation AG, a ainsi d\u00e9clar\u00e9 : \u00ab Nous \u00e9tions une classe formidable et nous nous voyons encore apr\u00e8s l&rsquo;obtention de notre dipl\u00f4me \u00bb. Donc, en plus de nouvelles connaissances professionnelles, les dipl\u00f4m\u00e9s gagnent de nouvelles amiti\u00e9s et \u00e9largissent ainsi leur r\u00e9seau professionnel.<\/p>\n<p><strong>Des comp\u00e9tences solides pour la suite de la vie professionnelle<\/strong><br \/>\nLes cinq meilleurs dipl\u00f4m\u00e9s ont \u00e9t\u00e9 r\u00e9compens\u00e9s pour leurs brillantes performances par des stylos grav\u00e9s individuellement par Faber Castell, un sponsor de longue date. Outre ces objets, les trois meilleurs dipl\u00f4m\u00e9s ont \u00e9galement re\u00e7u des bons pour une nuit d&rsquo;h\u00f4tel. KS\/CS Communication Suisse f\u00e9licite les candidats pour leurs performances remarquables.<\/p>\n<p>La c\u00e9r\u00e9monie de remise des dipl\u00f4mes de l&rsquo;examen f\u00e9d\u00e9ral de sp\u00e9cialiste en communication 2023, soutenue depuis des ann\u00e9es par l&rsquo;Association suisse des annonceurs (ASA), marque non seulement la fin d&rsquo;un chapitre important de la vie professionnelle des dipl\u00f4m\u00e9s, mais aussi le d\u00e9but d&rsquo;une nouvelle \u00e9tape passionnante, au cours de laquelle ils pourront mettre \u00e0 profit les comp\u00e9tences et les connaissances acquises lors de leur formation dans le monde dynamique de la communication.<\/p>\n<figure id=\"attachment_4043\" aria-describedby=\"caption-attachment-4043\" style=\"width: 2000px\" class=\"wp-caption aligncenter\"><img decoding=\"async\" class=\"wp-image-4043 size-full\" src=\"https:\/\/ks-cs.ch\/wp-content\/uploads\/2023\/08\/ET_2384-Verbessert-RR-1.jpg\" alt=\"\" width=\"2000\" height=\"1334\" srcset=\"https:\/\/ks-cs.ch\/wp-content\/uploads\/2023\/08\/ET_2384-Verbessert-RR-1.jpg 2000w, https:\/\/ks-cs.ch\/wp-content\/uploads\/2023\/08\/ET_2384-Verbessert-RR-1-300x200.jpg 300w, https:\/\/ks-cs.ch\/wp-content\/uploads\/2023\/08\/ET_2384-Verbessert-RR-1-1024x683.jpg 1024w, https:\/\/ks-cs.ch\/wp-content\/uploads\/2023\/08\/ET_2384-Verbessert-RR-1-768x512.jpg 768w, https:\/\/ks-cs.ch\/wp-content\/uploads\/2023\/08\/ET_2384-Verbessert-RR-1-1536x1025.jpg 1536w\" sizes=\"(max-width: 2000px) 100vw, 2000px\" \/><figcaption id=\"caption-attachment-4043\" class=\"wp-caption-text\">(de g. \u00e0 d.) Yves Epiney, Maxime Chabloz, Nadine Leuenberger, May Gisler, Raphael Urs Schaffner et Roland Ehrler.<\/figcaption><\/figure>\n<p>Les prochains examens pour les sp\u00e9cialistes f\u00e9d\u00e9raux de la communication auront lieu en mars 2024. Le d\u00e9lai d&rsquo;inscription est fix\u00e9 au 28 octobre 2023. Pour en savoir plus sur la formation continue en communication, les personnes int\u00e9ress\u00e9es peuvent consulter le <a href=\"https:\/\/ks-cs.ch\/fr\/offre\/examens\/\">site web de KS\/CS<\/a>.<\/p>\n<p><strong>Informations et m\u00e9dias <\/strong><\/p>\n<p>Dominik Leonhardt<br \/>\nPr\u00e9sident de la commission d&rsquo;examen KS\/CS Communication Suisse<br \/>\nleonhardt@ks-cs.ch<br \/>\n+41 44 277 51 15<\/p>\n<p><strong>A propos<\/strong><\/p>\n<p>La formation et la formation continue sont l&rsquo;une des pr\u00e9occupations majeures de KS\/CS Communication Suisse. L&rsquo;association fa\u00eeti\u00e8re de la communication commerciale en Suisse organise notamment, sur mandat de la Conf\u00e9d\u00e9ration, les examens professionnels f\u00e9d\u00e9raux pour les sp\u00e9cialistes de la communication ainsi que l&rsquo;examen professionnel sup\u00e9rieur pour les responsables de la communication. Ces examens sont pass\u00e9s chaque ann\u00e9e par plus de 100 candidats. Dans ce contexte, KS\/CS soutient tous les efforts visant \u00e0 renforcer le syst\u00e8me de formation dual et \u00e0 rendre ses dipl\u00f4mes comparables au niveau international.<\/p>\n","protected":false},"excerpt":{"rendered":"<p>Bienne, le 24 ao\u00fbt 2023 &#8211; Une \u00e9tape importante a \u00e9t\u00e9 franchie pour les dipl\u00f4m\u00e9s de l&rsquo;examen professionnel f\u00e9d\u00e9ral de sp\u00e9cialiste en communication: ils ont re\u00e7u leur dipl\u00f4me bien m\u00e9rit\u00e9 dans un cadre festif. Les r\u00e9jouissances \u00e0 la Maison Farel \u00e0 Bienne, accompagn\u00e9es d&rsquo;interm\u00e8des musicaux cr\u00e9atifs de \u00ab\u00a0Magic Joko\u00a0\u00bb, ont \u00e9t\u00e9 un \u00e9v\u00e9nement important pour le parcours professionnel des dipl\u00f4m\u00e9s.<\/p>\n","protected":false},"author":5,"featured_media":0,"comment_status":"closed","ping_status":"open","sticky":false,"template":"","format":"standard","meta":{"content-type":"","footnotes":""},"categories":[27],"tags":[],"class_list":["post-4032","post","type-post","status-publish","format-standard","hentry","category-communique-de-presse"],"yoast_head":"<!-- This site is optimized with the Yoast SEO plugin v27.4 - https:\/\/yoast.com\/product\/yoast-seo-wordpress\/ -->\n<title>\u00ab Passionn\u00e9e par la communication, j&#039;ai pass\u00e9 l&#039;examen f\u00e9d\u00e9ral de sp\u00e9cialiste en communication \u00bb - KS\/CS Communication Suisse<\/title>\n<meta name=\"robots\" content=\"index, follow, max-snippet:-1, max-image-preview:large, max-video-preview:-1\" \/>\n<link rel=\"canonical\" href=\"https:\/\/ks-cs.ch\/fr\/passionnee-par-la-communication-jai-passe-lexamen-federal-de-specialiste-en-communication\/\" \/>\n<meta property=\"og:locale\" content=\"fr_FR\" \/>\n<meta property=\"og:type\" content=\"article\" \/>\n<meta property=\"og:title\" content=\"\u00ab Passionn\u00e9e par la communication, j&#039;ai pass\u00e9 l&#039;examen f\u00e9d\u00e9ral de sp\u00e9cialiste en communication \u00bb - KS\/CS Communication Suisse\" \/>\n<meta property=\"og:description\" content=\"Bienne, le 24 ao\u00fbt 2023 - Une \u00e9tape importante a \u00e9t\u00e9 franchie pour les dipl\u00f4m\u00e9s de l&#039;examen professionnel f\u00e9d\u00e9ral de sp\u00e9cialiste en communication: ils ont re\u00e7u leur dipl\u00f4me bien m\u00e9rit\u00e9 dans un cadre festif. Les r\u00e9jouissances \u00e0 la Maison Farel \u00e0 Bienne, accompagn\u00e9es d&#039;interm\u00e8des musicaux cr\u00e9atifs de &quot;Magic Joko&quot;, ont \u00e9t\u00e9 un \u00e9v\u00e9nement important pour le parcours professionnel des dipl\u00f4m\u00e9s.\" \/>\n<meta property=\"og:url\" content=\"https:\/\/ks-cs.ch\/fr\/passionnee-par-la-communication-jai-passe-lexamen-federal-de-specialiste-en-communication\/\" \/>\n<meta property=\"og:site_name\" content=\"KS\/CS Communication Suisse\" \/>\n<meta property=\"article:published_time\" content=\"2023-08-25T08:36:56+00:00\" \/>\n<meta property=\"og:image\" content=\"https:\/\/ks-cs.ch\/wp-content\/uploads\/2023\/08\/ET_2384-Verbessert-RR-1.jpg\" \/>\n<meta name=\"author\" content=\"Hendrik Fischer\" \/>\n<meta name=\"twitter:card\" content=\"summary_large_image\" \/>\n<meta name=\"twitter:label1\" content=\"\u00c9crit par\" \/>\n\t<meta name=\"twitter:data1\" content=\"Hendrik Fischer\" \/>\n\t<meta name=\"twitter:label2\" content=\"Dur\u00e9e de lecture estim\u00e9e\" \/>\n\t<meta name=\"twitter:data2\" content=\"4 minutes\" \/>\n<script type=\"application\/ld+json\" class=\"yoast-schema-graph\">{\"@context\":\"https:\\\/\\\/schema.org\",\"@graph\":[{\"@type\":\"Article\",\"@id\":\"https:\\\/\\\/ks-cs.ch\\\/fr\\\/passionnee-par-la-communication-jai-passe-lexamen-federal-de-specialiste-en-communication\\\/#article\",\"isPartOf\":{\"@id\":\"https:\\\/\\\/ks-cs.ch\\\/fr\\\/passionnee-par-la-communication-jai-passe-lexamen-federal-de-specialiste-en-communication\\\/\"},\"author\":{\"name\":\"Hendrik Fischer\",\"@id\":\"https:\\\/\\\/ks-cs.ch\\\/fr\\\/#\\\/schema\\\/person\\\/757c9eea7858086d44d1a415e371e005\"},\"headline\":\"\u00ab Passionn\u00e9e par la communication, j&rsquo;ai pass\u00e9 l&rsquo;examen f\u00e9d\u00e9ral de sp\u00e9cialiste en communication \u00bb\",\"datePublished\":\"2023-08-25T08:36:56+00:00\",\"mainEntityOfPage\":{\"@id\":\"https:\\\/\\\/ks-cs.ch\\\/fr\\\/passionnee-par-la-communication-jai-passe-lexamen-federal-de-specialiste-en-communication\\\/\"},\"wordCount\":695,\"publisher\":{\"@id\":\"https:\\\/\\\/ks-cs.ch\\\/fr\\\/#organization\"},\"image\":{\"@id\":\"https:\\\/\\\/ks-cs.ch\\\/fr\\\/passionnee-par-la-communication-jai-passe-lexamen-federal-de-specialiste-en-communication\\\/#primaryimage\"},\"thumbnailUrl\":\"https:\\\/\\\/ks-cs.ch\\\/wp-content\\\/uploads\\\/2023\\\/08\\\/ET_2384-Verbessert-RR-1.jpg\",\"articleSection\":[\"Communiqu\u00e9 de presse\"],\"inLanguage\":\"fr-FR\"},{\"@type\":\"WebPage\",\"@id\":\"https:\\\/\\\/ks-cs.ch\\\/fr\\\/passionnee-par-la-communication-jai-passe-lexamen-federal-de-specialiste-en-communication\\\/\",\"url\":\"https:\\\/\\\/ks-cs.ch\\\/fr\\\/passionnee-par-la-communication-jai-passe-lexamen-federal-de-specialiste-en-communication\\\/\",\"name\":\"\u00ab Passionn\u00e9e par la communication, j'ai pass\u00e9 l'examen f\u00e9d\u00e9ral de sp\u00e9cialiste en communication \u00bb - KS\\\/CS Communication Suisse\",\"isPartOf\":{\"@id\":\"https:\\\/\\\/ks-cs.ch\\\/fr\\\/#website\"},\"primaryImageOfPage\":{\"@id\":\"https:\\\/\\\/ks-cs.ch\\\/fr\\\/passionnee-par-la-communication-jai-passe-lexamen-federal-de-specialiste-en-communication\\\/#primaryimage\"},\"image\":{\"@id\":\"https:\\\/\\\/ks-cs.ch\\\/fr\\\/passionnee-par-la-communication-jai-passe-lexamen-federal-de-specialiste-en-communication\\\/#primaryimage\"},\"thumbnailUrl\":\"https:\\\/\\\/ks-cs.ch\\\/wp-content\\\/uploads\\\/2023\\\/08\\\/ET_2384-Verbessert-RR-1.jpg\",\"datePublished\":\"2023-08-25T08:36:56+00:00\",\"breadcrumb\":{\"@id\":\"https:\\\/\\\/ks-cs.ch\\\/fr\\\/passionnee-par-la-communication-jai-passe-lexamen-federal-de-specialiste-en-communication\\\/#breadcrumb\"},\"inLanguage\":\"fr-FR\",\"potentialAction\":[{\"@type\":\"ReadAction\",\"target\":[\"https:\\\/\\\/ks-cs.ch\\\/fr\\\/passionnee-par-la-communication-jai-passe-lexamen-federal-de-specialiste-en-communication\\\/\"]}]},{\"@type\":\"ImageObject\",\"inLanguage\":\"fr-FR\",\"@id\":\"https:\\\/\\\/ks-cs.ch\\\/fr\\\/passionnee-par-la-communication-jai-passe-lexamen-federal-de-specialiste-en-communication\\\/#primaryimage\",\"url\":\"https:\\\/\\\/ks-cs.ch\\\/wp-content\\\/uploads\\\/2023\\\/08\\\/ET_2384-Verbessert-RR-1.jpg\",\"contentUrl\":\"https:\\\/\\\/ks-cs.ch\\\/wp-content\\\/uploads\\\/2023\\\/08\\\/ET_2384-Verbessert-RR-1.jpg\"},{\"@type\":\"BreadcrumbList\",\"@id\":\"https:\\\/\\\/ks-cs.ch\\\/fr\\\/passionnee-par-la-communication-jai-passe-lexamen-federal-de-specialiste-en-communication\\\/#breadcrumb\",\"itemListElement\":[{\"@type\":\"ListItem\",\"position\":1,\"name\":\"Home\",\"item\":\"https:\\\/\\\/ks-cs.ch\\\/fr\\\/\"},{\"@type\":\"ListItem\",\"position\":2,\"name\":\"\u00ab Passionn\u00e9e par la communication, j&#8217;ai pass\u00e9 l&#8217;examen f\u00e9d\u00e9ral de sp\u00e9cialiste en communication \u00bb\"}]},{\"@type\":\"WebSite\",\"@id\":\"https:\\\/\\\/ks-cs.ch\\\/fr\\\/#website\",\"url\":\"https:\\\/\\\/ks-cs.ch\\\/fr\\\/\",\"name\":\"KS\\\/CS Kommunikation Schweiz\",\"description\":\"Association des communications commerciales\",\"publisher\":{\"@id\":\"https:\\\/\\\/ks-cs.ch\\\/fr\\\/#organization\"},\"potentialAction\":[{\"@type\":\"SearchAction\",\"target\":{\"@type\":\"EntryPoint\",\"urlTemplate\":\"https:\\\/\\\/ks-cs.ch\\\/fr\\\/?s={search_term_string}\"},\"query-input\":{\"@type\":\"PropertyValueSpecification\",\"valueRequired\":true,\"valueName\":\"search_term_string\"}}],\"inLanguage\":\"fr-FR\"},{\"@type\":\"Organization\",\"@id\":\"https:\\\/\\\/ks-cs.ch\\\/fr\\\/#organization\",\"name\":\"KS\\\/CS Kommunikation Schweiz\",\"url\":\"https:\\\/\\\/ks-cs.ch\\\/fr\\\/\",\"logo\":{\"@type\":\"ImageObject\",\"inLanguage\":\"fr-FR\",\"@id\":\"https:\\\/\\\/ks-cs.ch\\\/fr\\\/#\\\/schema\\\/logo\\\/image\\\/\",\"url\":\"https:\\\/\\\/ks-cs.ch\\\/wp-content\\\/uploads\\\/2022\\\/12\\\/Logo-Social-Media-1.jpg\",\"contentUrl\":\"https:\\\/\\\/ks-cs.ch\\\/wp-content\\\/uploads\\\/2022\\\/12\\\/Logo-Social-Media-1.jpg\",\"width\":709,\"height\":608,\"caption\":\"KS\\\/CS Kommunikation Schweiz\"},\"image\":{\"@id\":\"https:\\\/\\\/ks-cs.ch\\\/fr\\\/#\\\/schema\\\/logo\\\/image\\\/\"},\"sameAs\":[\"https:\\\/\\\/www.linkedin.com\\\/company\\\/kommunikation-schweiz-communication-suisse-comunicazione-svizzera-communication-switzerland\\\/\"]},{\"@type\":\"Person\",\"@id\":\"https:\\\/\\\/ks-cs.ch\\\/fr\\\/#\\\/schema\\\/person\\\/757c9eea7858086d44d1a415e371e005\",\"name\":\"Hendrik Fischer\",\"image\":{\"@type\":\"ImageObject\",\"inLanguage\":\"fr-FR\",\"@id\":\"https:\\\/\\\/secure.gravatar.com\\\/avatar\\\/53cc83626804a21e731fe1b5f49d38c46710f65192dda8fbe5b5fe16ad0804b8?s=96&d=mm&r=g\",\"url\":\"https:\\\/\\\/secure.gravatar.com\\\/avatar\\\/53cc83626804a21e731fe1b5f49d38c46710f65192dda8fbe5b5fe16ad0804b8?s=96&d=mm&r=g\",\"contentUrl\":\"https:\\\/\\\/secure.gravatar.com\\\/avatar\\\/53cc83626804a21e731fe1b5f49d38c46710f65192dda8fbe5b5fe16ad0804b8?s=96&d=mm&r=g\",\"caption\":\"Hendrik Fischer\"}}]}<\/script>\n<!-- \/ Yoast SEO plugin. -->","yoast_head_json":{"title":"\u00ab Passionn\u00e9e par la communication, j'ai pass\u00e9 l'examen f\u00e9d\u00e9ral de sp\u00e9cialiste en communication \u00bb - KS\/CS Communication Suisse","robots":{"index":"index","follow":"follow","max-snippet":"max-snippet:-1","max-image-preview":"max-image-preview:large","max-video-preview":"max-video-preview:-1"},"canonical":"https:\/\/ks-cs.ch\/fr\/passionnee-par-la-communication-jai-passe-lexamen-federal-de-specialiste-en-communication\/","og_locale":"fr_FR","og_type":"article","og_title":"\u00ab Passionn\u00e9e par la communication, j'ai pass\u00e9 l'examen f\u00e9d\u00e9ral de sp\u00e9cialiste en communication \u00bb - KS\/CS Communication Suisse","og_description":"Bienne, le 24 ao\u00fbt 2023 - Une \u00e9tape importante a \u00e9t\u00e9 franchie pour les dipl\u00f4m\u00e9s de l'examen professionnel f\u00e9d\u00e9ral de sp\u00e9cialiste en communication: ils ont re\u00e7u leur dipl\u00f4me bien m\u00e9rit\u00e9 dans un cadre festif. Les r\u00e9jouissances \u00e0 la Maison Farel \u00e0 Bienne, accompagn\u00e9es d'interm\u00e8des musicaux cr\u00e9atifs de \"Magic Joko\", ont \u00e9t\u00e9 un \u00e9v\u00e9nement important pour le parcours professionnel des dipl\u00f4m\u00e9s.","og_url":"https:\/\/ks-cs.ch\/fr\/passionnee-par-la-communication-jai-passe-lexamen-federal-de-specialiste-en-communication\/","og_site_name":"KS\/CS Communication Suisse","article_published_time":"2023-08-25T08:36:56+00:00","og_image":[{"url":"https:\/\/ks-cs.ch\/wp-content\/uploads\/2023\/08\/ET_2384-Verbessert-RR-1.jpg","type":"","width":"","height":""}],"author":"Hendrik Fischer","twitter_card":"summary_large_image","twitter_misc":{"\u00c9crit par":"Hendrik Fischer","Dur\u00e9e de lecture estim\u00e9e":"4 minutes"},"schema":{"@context":"https:\/\/schema.org","@graph":[{"@type":"Article","@id":"https:\/\/ks-cs.ch\/fr\/passionnee-par-la-communication-jai-passe-lexamen-federal-de-specialiste-en-communication\/#article","isPartOf":{"@id":"https:\/\/ks-cs.ch\/fr\/passionnee-par-la-communication-jai-passe-lexamen-federal-de-specialiste-en-communication\/"},"author":{"name":"Hendrik Fischer","@id":"https:\/\/ks-cs.ch\/fr\/#\/schema\/person\/757c9eea7858086d44d1a415e371e005"},"headline":"\u00ab Passionn\u00e9e par la communication, j&rsquo;ai pass\u00e9 l&rsquo;examen f\u00e9d\u00e9ral de sp\u00e9cialiste en communication \u00bb","datePublished":"2023-08-25T08:36:56+00:00","mainEntityOfPage":{"@id":"https:\/\/ks-cs.ch\/fr\/passionnee-par-la-communication-jai-passe-lexamen-federal-de-specialiste-en-communication\/"},"wordCount":695,"publisher":{"@id":"https:\/\/ks-cs.ch\/fr\/#organization"},"image":{"@id":"https:\/\/ks-cs.ch\/fr\/passionnee-par-la-communication-jai-passe-lexamen-federal-de-specialiste-en-communication\/#primaryimage"},"thumbnailUrl":"https:\/\/ks-cs.ch\/wp-content\/uploads\/2023\/08\/ET_2384-Verbessert-RR-1.jpg","articleSection":["Communiqu\u00e9 de presse"],"inLanguage":"fr-FR"},{"@type":"WebPage","@id":"https:\/\/ks-cs.ch\/fr\/passionnee-par-la-communication-jai-passe-lexamen-federal-de-specialiste-en-communication\/","url":"https:\/\/ks-cs.ch\/fr\/passionnee-par-la-communication-jai-passe-lexamen-federal-de-specialiste-en-communication\/","name":"\u00ab Passionn\u00e9e par la communication, j'ai pass\u00e9 l'examen f\u00e9d\u00e9ral de sp\u00e9cialiste en communication \u00bb - KS\/CS Communication Suisse","isPartOf":{"@id":"https:\/\/ks-cs.ch\/fr\/#website"},"primaryImageOfPage":{"@id":"https:\/\/ks-cs.ch\/fr\/passionnee-par-la-communication-jai-passe-lexamen-federal-de-specialiste-en-communication\/#primaryimage"},"image":{"@id":"https:\/\/ks-cs.ch\/fr\/passionnee-par-la-communication-jai-passe-lexamen-federal-de-specialiste-en-communication\/#primaryimage"},"thumbnailUrl":"https:\/\/ks-cs.ch\/wp-content\/uploads\/2023\/08\/ET_2384-Verbessert-RR-1.jpg","datePublished":"2023-08-25T08:36:56+00:00","breadcrumb":{"@id":"https:\/\/ks-cs.ch\/fr\/passionnee-par-la-communication-jai-passe-lexamen-federal-de-specialiste-en-communication\/#breadcrumb"},"inLanguage":"fr-FR","potentialAction":[{"@type":"ReadAction","target":["https:\/\/ks-cs.ch\/fr\/passionnee-par-la-communication-jai-passe-lexamen-federal-de-specialiste-en-communication\/"]}]},{"@type":"ImageObject","inLanguage":"fr-FR","@id":"https:\/\/ks-cs.ch\/fr\/passionnee-par-la-communication-jai-passe-lexamen-federal-de-specialiste-en-communication\/#primaryimage","url":"https:\/\/ks-cs.ch\/wp-content\/uploads\/2023\/08\/ET_2384-Verbessert-RR-1.jpg","contentUrl":"https:\/\/ks-cs.ch\/wp-content\/uploads\/2023\/08\/ET_2384-Verbessert-RR-1.jpg"},{"@type":"BreadcrumbList","@id":"https:\/\/ks-cs.ch\/fr\/passionnee-par-la-communication-jai-passe-lexamen-federal-de-specialiste-en-communication\/#breadcrumb","itemListElement":[{"@type":"ListItem","position":1,"name":"Home","item":"https:\/\/ks-cs.ch\/fr\/"},{"@type":"ListItem","position":2,"name":"\u00ab Passionn\u00e9e par la communication, j&#8217;ai pass\u00e9 l&#8217;examen f\u00e9d\u00e9ral de sp\u00e9cialiste en communication \u00bb"}]},{"@type":"WebSite","@id":"https:\/\/ks-cs.ch\/fr\/#website","url":"https:\/\/ks-cs.ch\/fr\/","name":"KS\/CS Kommunikation Schweiz","description":"Association des communications commerciales","publisher":{"@id":"https:\/\/ks-cs.ch\/fr\/#organization"},"potentialAction":[{"@type":"SearchAction","target":{"@type":"EntryPoint","urlTemplate":"https:\/\/ks-cs.ch\/fr\/?s={search_term_string}"},"query-input":{"@type":"PropertyValueSpecification","valueRequired":true,"valueName":"search_term_string"}}],"inLanguage":"fr-FR"},{"@type":"Organization","@id":"https:\/\/ks-cs.ch\/fr\/#organization","name":"KS\/CS Kommunikation Schweiz","url":"https:\/\/ks-cs.ch\/fr\/","logo":{"@type":"ImageObject","inLanguage":"fr-FR","@id":"https:\/\/ks-cs.ch\/fr\/#\/schema\/logo\/image\/","url":"https:\/\/ks-cs.ch\/wp-content\/uploads\/2022\/12\/Logo-Social-Media-1.jpg","contentUrl":"https:\/\/ks-cs.ch\/wp-content\/uploads\/2022\/12\/Logo-Social-Media-1.jpg","width":709,"height":608,"caption":"KS\/CS Kommunikation Schweiz"},"image":{"@id":"https:\/\/ks-cs.ch\/fr\/#\/schema\/logo\/image\/"},"sameAs":["https:\/\/www.linkedin.com\/company\/kommunikation-schweiz-communication-suisse-comunicazione-svizzera-communication-switzerland\/"]},{"@type":"Person","@id":"https:\/\/ks-cs.ch\/fr\/#\/schema\/person\/757c9eea7858086d44d1a415e371e005","name":"Hendrik Fischer","image":{"@type":"ImageObject","inLanguage":"fr-FR","@id":"https:\/\/secure.gravatar.com\/avatar\/53cc83626804a21e731fe1b5f49d38c46710f65192dda8fbe5b5fe16ad0804b8?s=96&d=mm&r=g","url":"https:\/\/secure.gravatar.com\/avatar\/53cc83626804a21e731fe1b5f49d38c46710f65192dda8fbe5b5fe16ad0804b8?s=96&d=mm&r=g","contentUrl":"https:\/\/secure.gravatar.com\/avatar\/53cc83626804a21e731fe1b5f49d38c46710f65192dda8fbe5b5fe16ad0804b8?s=96&d=mm&r=g","caption":"Hendrik Fischer"}}]}},"publishpress_future_action":{"enabled":false,"date":"2026-05-04 14:33:03","action":"change-status","newStatus":"draft","terms":[],"taxonomy":"category","extraData":[]},"publishpress_future_workflow_manual_trigger":{"enabledWorkflows":[]},"_links":{"self":[{"href":"https:\/\/ks-cs.ch\/fr\/wp-json\/wp\/v2\/posts\/4032","targetHints":{"allow":["GET"]}}],"collection":[{"href":"https:\/\/ks-cs.ch\/fr\/wp-json\/wp\/v2\/posts"}],"about":[{"href":"https:\/\/ks-cs.ch\/fr\/wp-json\/wp\/v2\/types\/post"}],"author":[{"embeddable":true,"href":"https:\/\/ks-cs.ch\/fr\/wp-json\/wp\/v2\/users\/5"}],"replies":[{"embeddable":true,"href":"https:\/\/ks-cs.ch\/fr\/wp-json\/wp\/v2\/comments?post=4032"}],"version-history":[{"count":2,"href":"https:\/\/ks-cs.ch\/fr\/wp-json\/wp\/v2\/posts\/4032\/revisions"}],"predecessor-version":[{"id":4046,"href":"https:\/\/ks-cs.ch\/fr\/wp-json\/wp\/v2\/posts\/4032\/revisions\/4046"}],"wp:attachment":[{"href":"https:\/\/ks-cs.ch\/fr\/wp-json\/wp\/v2\/media?parent=4032"}],"wp:term":[{"taxonomy":"category","embeddable":true,"href":"https:\/\/ks-cs.ch\/fr\/wp-json\/wp\/v2\/categories?post=4032"},{"taxonomy":"post_tag","embeddable":true,"href":"https:\/\/ks-cs.ch\/fr\/wp-json\/wp\/v2\/tags?post=4032"}],"curies":[{"name":"wp","href":"https:\/\/api.w.org\/{rel}","templated":true}]}}