{"id":3925,"date":"2023-08-16T17:52:53","date_gmt":"2023-08-16T15:52:53","guid":{"rendered":"https:\/\/ks-cs.ch\/?p=3925"},"modified":"2023-09-27T08:32:05","modified_gmt":"2023-09-27T06:32:05","slug":"forum-des-medias-romands","status":"archive","type":"post","link":"https:\/\/ks-cs.ch\/fr\/forum-des-medias-romands\/","title":{"rendered":"Forum des M\u00e9dias Romands"},"content":{"rendered":"<p data-pm-slice=\"1 1 []\">Prochaine \u00e9dition le 19 septembre 2023 au mus\u00e9e Mus\u00e9e Olympique de Lausanne.<\/p>\n<p>Les m\u00e9dias romands poursuivent leur mission d\u2019information dans un contexte \u00e9voluant de plus en plus rapidement, et sous l\u2019influence des grandes plateformes.<\/p>\n<p>La digitalisation de la soci\u00e9t\u00e9 entra\u00eene des changements de comportements importants et l\u2019intelligence artificielle promet de nouvelles \u00e9tapes dont nous ne mesurons pas encore les contours. Le Forum des m\u00e9dias romands se penchera sur ces th\u00e8mes<strong> le 19 septembre prochain<\/strong> avec des observateurs exp\u00e9riment\u00e9s mais aussi avec des jeunes journalistes particuli\u00e8rement impliqu\u00e9s dans l\u2019\u00e9volution des m\u00e9dias. Nous \u00e9voquerons aussi le projet de loi sur les droits voisins et des reculs enregistr\u00e9s en Suisse romande dans le domaine de la publicit\u00e9 nationale.<\/p>\n<p><a href=\"https:\/\/forum-medias.ch\/#programme\" target=\"_blank\" rel=\"noopener\">Programme et inscriptions ici.<\/a><\/p>\n","protected":false},"excerpt":{"rendered":"<p>19. septembre 2023, Heure : 14.00, Lieu : Mus\u00e9e Olympique von Lausanne<\/p>\n","protected":false},"author":6,"featured_media":0,"comment_status":"closed","ping_status":"open","sticky":false,"template":"","format":"standard","meta":{"content-type":"","footnotes":""},"categories":[30],"tags":[],"class_list":["post-3925","post","type-post","status-archive","format-standard","hentry","category-evenements"],"yoast_head":"<!-- This site is optimized with the Yoast SEO plugin v27.4 - https:\/\/yoast.com\/product\/yoast-seo-wordpress\/ -->\n<title>Forum des M\u00e9dias Romands - KS\/CS Communication Suisse<\/title>\n<meta name=\"robots\" content=\"index, follow, max-snippet:-1, max-image-preview:large, max-video-preview:-1\" \/>\n<link rel=\"canonical\" href=\"https:\/\/ks-cs.ch\/fr\/forum-des-medias-romands\/\" \/>\n<meta property=\"og:locale\" content=\"fr_FR\" \/>\n<meta property=\"og:type\" content=\"article\" \/>\n<meta property=\"og:title\" content=\"Forum des M\u00e9dias Romands - KS\/CS Communication Suisse\" \/>\n<meta property=\"og:description\" content=\"19. septembre 2023, Heure : 14.00, Lieu : Mus\u00e9e Olympique von Lausanne\" \/>\n<meta property=\"og:url\" content=\"https:\/\/ks-cs.ch\/fr\/forum-des-medias-romands\/\" \/>\n<meta property=\"og:site_name\" content=\"KS\/CS Communication Suisse\" \/>\n<meta property=\"article:published_time\" content=\"2023-08-16T15:52:53+00:00\" \/>\n<meta property=\"article:modified_time\" content=\"2023-09-27T06:32:05+00:00\" \/>\n<meta property=\"og:image\" content=\"https:\/\/ks-cs.ch\/wp-content\/uploads\/2022\/11\/Logo.jpeg\" \/>\n\t<meta property=\"og:image:width\" content=\"1200\" \/>\n\t<meta property=\"og:image:height\" content=\"920\" \/>\n\t<meta property=\"og:image:type\" content=\"image\/jpeg\" \/>\n<meta name=\"author\" content=\"Yasmin Spengler\" \/>\n<meta name=\"twitter:card\" content=\"summary_large_image\" \/>\n<meta name=\"twitter:label1\" content=\"\u00c9crit par\" \/>\n\t<meta name=\"twitter:data1\" content=\"Yasmin Spengler\" \/>\n\t<meta name=\"twitter:label2\" content=\"Dur\u00e9e de lecture estim\u00e9e\" \/>\n\t<meta name=\"twitter:data2\" content=\"1 minute\" \/>\n<script type=\"application\/ld+json\" class=\"yoast-schema-graph\">{\"@context\":\"https:\\\/\\\/schema.org\",\"@graph\":[{\"@type\":\"Article\",\"@id\":\"https:\\\/\\\/ks-cs.ch\\\/fr\\\/forum-des-medias-romands\\\/#article\",\"isPartOf\":{\"@id\":\"https:\\\/\\\/ks-cs.ch\\\/fr\\\/forum-des-medias-romands\\\/\"},\"author\":{\"name\":\"Yasmin Spengler\",\"@id\":\"https:\\\/\\\/ks-cs.ch\\\/fr\\\/#\\\/schema\\\/person\\\/9d52779da2bedc35cb887cf481ae8cfb\"},\"headline\":\"Forum des M\u00e9dias Romands\",\"datePublished\":\"2023-08-16T15:52:53+00:00\",\"dateModified\":\"2023-09-27T06:32:05+00:00\",\"mainEntityOfPage\":{\"@id\":\"https:\\\/\\\/ks-cs.ch\\\/fr\\\/forum-des-medias-romands\\\/\"},\"wordCount\":138,\"publisher\":{\"@id\":\"https:\\\/\\\/ks-cs.ch\\\/fr\\\/#organization\"},\"articleSection\":[\"\u00c9v\u00e9nements\"],\"inLanguage\":\"fr-FR\"},{\"@type\":\"WebPage\",\"@id\":\"https:\\\/\\\/ks-cs.ch\\\/fr\\\/forum-des-medias-romands\\\/\",\"url\":\"https:\\\/\\\/ks-cs.ch\\\/fr\\\/forum-des-medias-romands\\\/\",\"name\":\"Forum des M\u00e9dias Romands - KS\\\/CS Communication Suisse\",\"isPartOf\":{\"@id\":\"https:\\\/\\\/ks-cs.ch\\\/fr\\\/#website\"},\"datePublished\":\"2023-08-16T15:52:53+00:00\",\"dateModified\":\"2023-09-27T06:32:05+00:00\",\"breadcrumb\":{\"@id\":\"https:\\\/\\\/ks-cs.ch\\\/fr\\\/forum-des-medias-romands\\\/#breadcrumb\"},\"inLanguage\":\"fr-FR\",\"potentialAction\":[{\"@type\":\"ReadAction\",\"target\":[\"https:\\\/\\\/ks-cs.ch\\\/fr\\\/forum-des-medias-romands\\\/\"]}]},{\"@type\":\"BreadcrumbList\",\"@id\":\"https:\\\/\\\/ks-cs.ch\\\/fr\\\/forum-des-medias-romands\\\/#breadcrumb\",\"itemListElement\":[{\"@type\":\"ListItem\",\"position\":1,\"name\":\"Home\",\"item\":\"https:\\\/\\\/ks-cs.ch\\\/fr\\\/\"},{\"@type\":\"ListItem\",\"position\":2,\"name\":\"Forum des M\u00e9dias Romands\"}]},{\"@type\":\"WebSite\",\"@id\":\"https:\\\/\\\/ks-cs.ch\\\/fr\\\/#website\",\"url\":\"https:\\\/\\\/ks-cs.ch\\\/fr\\\/\",\"name\":\"KS\\\/CS Kommunikation Schweiz\",\"description\":\"Association des communications commerciales\",\"publisher\":{\"@id\":\"https:\\\/\\\/ks-cs.ch\\\/fr\\\/#organization\"},\"potentialAction\":[{\"@type\":\"SearchAction\",\"target\":{\"@type\":\"EntryPoint\",\"urlTemplate\":\"https:\\\/\\\/ks-cs.ch\\\/fr\\\/?s={search_term_string}\"},\"query-input\":{\"@type\":\"PropertyValueSpecification\",\"valueRequired\":true,\"valueName\":\"search_term_string\"}}],\"inLanguage\":\"fr-FR\"},{\"@type\":\"Organization\",\"@id\":\"https:\\\/\\\/ks-cs.ch\\\/fr\\\/#organization\",\"name\":\"KS\\\/CS Kommunikation Schweiz\",\"url\":\"https:\\\/\\\/ks-cs.ch\\\/fr\\\/\",\"logo\":{\"@type\":\"ImageObject\",\"inLanguage\":\"fr-FR\",\"@id\":\"https:\\\/\\\/ks-cs.ch\\\/fr\\\/#\\\/schema\\\/logo\\\/image\\\/\",\"url\":\"https:\\\/\\\/ks-cs.ch\\\/wp-content\\\/uploads\\\/2022\\\/12\\\/Logo-Social-Media-1.jpg\",\"contentUrl\":\"https:\\\/\\\/ks-cs.ch\\\/wp-content\\\/uploads\\\/2022\\\/12\\\/Logo-Social-Media-1.jpg\",\"width\":709,\"height\":608,\"caption\":\"KS\\\/CS Kommunikation Schweiz\"},\"image\":{\"@id\":\"https:\\\/\\\/ks-cs.ch\\\/fr\\\/#\\\/schema\\\/logo\\\/image\\\/\"},\"sameAs\":[\"https:\\\/\\\/www.linkedin.com\\\/company\\\/kommunikation-schweiz-communication-suisse-comunicazione-svizzera-communication-switzerland\\\/\"]},{\"@type\":\"Person\",\"@id\":\"https:\\\/\\\/ks-cs.ch\\\/fr\\\/#\\\/schema\\\/person\\\/9d52779da2bedc35cb887cf481ae8cfb\",\"name\":\"Yasmin Spengler\",\"image\":{\"@type\":\"ImageObject\",\"inLanguage\":\"fr-FR\",\"@id\":\"https:\\\/\\\/secure.gravatar.com\\\/avatar\\\/55e0188ff631f21ae4e1891d34a7a316edd8320e919b990bd18eab546364b283?s=96&d=mm&r=g\",\"url\":\"https:\\\/\\\/secure.gravatar.com\\\/avatar\\\/55e0188ff631f21ae4e1891d34a7a316edd8320e919b990bd18eab546364b283?s=96&d=mm&r=g\",\"contentUrl\":\"https:\\\/\\\/secure.gravatar.com\\\/avatar\\\/55e0188ff631f21ae4e1891d34a7a316edd8320e919b990bd18eab546364b283?s=96&d=mm&r=g\",\"caption\":\"Yasmin Spengler\"}}]}<\/script>\n<!-- \/ Yoast SEO plugin. -->","yoast_head_json":{"title":"Forum des M\u00e9dias Romands - KS\/CS Communication Suisse","robots":{"index":"index","follow":"follow","max-snippet":"max-snippet:-1","max-image-preview":"max-image-preview:large","max-video-preview":"max-video-preview:-1"},"canonical":"https:\/\/ks-cs.ch\/fr\/forum-des-medias-romands\/","og_locale":"fr_FR","og_type":"article","og_title":"Forum des M\u00e9dias Romands - KS\/CS Communication Suisse","og_description":"19. septembre 2023, Heure : 14.00, Lieu : Mus\u00e9e Olympique von Lausanne","og_url":"https:\/\/ks-cs.ch\/fr\/forum-des-medias-romands\/","og_site_name":"KS\/CS Communication Suisse","article_published_time":"2023-08-16T15:52:53+00:00","article_modified_time":"2023-09-27T06:32:05+00:00","og_image":[{"width":1200,"height":920,"url":"https:\/\/ks-cs.ch\/wp-content\/uploads\/2022\/11\/Logo.jpeg","type":"image\/jpeg"}],"author":"Yasmin Spengler","twitter_card":"summary_large_image","twitter_misc":{"\u00c9crit par":"Yasmin Spengler","Dur\u00e9e de lecture estim\u00e9e":"1 minute"},"schema":{"@context":"https:\/\/schema.org","@graph":[{"@type":"Article","@id":"https:\/\/ks-cs.ch\/fr\/forum-des-medias-romands\/#article","isPartOf":{"@id":"https:\/\/ks-cs.ch\/fr\/forum-des-medias-romands\/"},"author":{"name":"Yasmin Spengler","@id":"https:\/\/ks-cs.ch\/fr\/#\/schema\/person\/9d52779da2bedc35cb887cf481ae8cfb"},"headline":"Forum des M\u00e9dias Romands","datePublished":"2023-08-16T15:52:53+00:00","dateModified":"2023-09-27T06:32:05+00:00","mainEntityOfPage":{"@id":"https:\/\/ks-cs.ch\/fr\/forum-des-medias-romands\/"},"wordCount":138,"publisher":{"@id":"https:\/\/ks-cs.ch\/fr\/#organization"},"articleSection":["\u00c9v\u00e9nements"],"inLanguage":"fr-FR"},{"@type":"WebPage","@id":"https:\/\/ks-cs.ch\/fr\/forum-des-medias-romands\/","url":"https:\/\/ks-cs.ch\/fr\/forum-des-medias-romands\/","name":"Forum des M\u00e9dias Romands - KS\/CS Communication Suisse","isPartOf":{"@id":"https:\/\/ks-cs.ch\/fr\/#website"},"datePublished":"2023-08-16T15:52:53+00:00","dateModified":"2023-09-27T06:32:05+00:00","breadcrumb":{"@id":"https:\/\/ks-cs.ch\/fr\/forum-des-medias-romands\/#breadcrumb"},"inLanguage":"fr-FR","potentialAction":[{"@type":"ReadAction","target":["https:\/\/ks-cs.ch\/fr\/forum-des-medias-romands\/"]}]},{"@type":"BreadcrumbList","@id":"https:\/\/ks-cs.ch\/fr\/forum-des-medias-romands\/#breadcrumb","itemListElement":[{"@type":"ListItem","position":1,"name":"Home","item":"https:\/\/ks-cs.ch\/fr\/"},{"@type":"ListItem","position":2,"name":"Forum des M\u00e9dias Romands"}]},{"@type":"WebSite","@id":"https:\/\/ks-cs.ch\/fr\/#website","url":"https:\/\/ks-cs.ch\/fr\/","name":"KS\/CS Kommunikation Schweiz","description":"Association des communications commerciales","publisher":{"@id":"https:\/\/ks-cs.ch\/fr\/#organization"},"potentialAction":[{"@type":"SearchAction","target":{"@type":"EntryPoint","urlTemplate":"https:\/\/ks-cs.ch\/fr\/?s={search_term_string}"},"query-input":{"@type":"PropertyValueSpecification","valueRequired":true,"valueName":"search_term_string"}}],"inLanguage":"fr-FR"},{"@type":"Organization","@id":"https:\/\/ks-cs.ch\/fr\/#organization","name":"KS\/CS Kommunikation Schweiz","url":"https:\/\/ks-cs.ch\/fr\/","logo":{"@type":"ImageObject","inLanguage":"fr-FR","@id":"https:\/\/ks-cs.ch\/fr\/#\/schema\/logo\/image\/","url":"https:\/\/ks-cs.ch\/wp-content\/uploads\/2022\/12\/Logo-Social-Media-1.jpg","contentUrl":"https:\/\/ks-cs.ch\/wp-content\/uploads\/2022\/12\/Logo-Social-Media-1.jpg","width":709,"height":608,"caption":"KS\/CS Kommunikation Schweiz"},"image":{"@id":"https:\/\/ks-cs.ch\/fr\/#\/schema\/logo\/image\/"},"sameAs":["https:\/\/www.linkedin.com\/company\/kommunikation-schweiz-communication-suisse-comunicazione-svizzera-communication-switzerland\/"]},{"@type":"Person","@id":"https:\/\/ks-cs.ch\/fr\/#\/schema\/person\/9d52779da2bedc35cb887cf481ae8cfb","name":"Yasmin Spengler","image":{"@type":"ImageObject","inLanguage":"fr-FR","@id":"https:\/\/secure.gravatar.com\/avatar\/55e0188ff631f21ae4e1891d34a7a316edd8320e919b990bd18eab546364b283?s=96&d=mm&r=g","url":"https:\/\/secure.gravatar.com\/avatar\/55e0188ff631f21ae4e1891d34a7a316edd8320e919b990bd18eab546364b283?s=96&d=mm&r=g","contentUrl":"https:\/\/secure.gravatar.com\/avatar\/55e0188ff631f21ae4e1891d34a7a316edd8320e919b990bd18eab546364b283?s=96&d=mm&r=g","caption":"Yasmin Spengler"}}]}},"publishpress_future_action":{"enabled":false,"date":"2026-05-04 07:24:37","action":"change-status","newStatus":"draft","terms":[],"taxonomy":"category","extraData":[]},"publishpress_future_workflow_manual_trigger":{"enabledWorkflows":[]},"_links":{"self":[{"href":"https:\/\/ks-cs.ch\/fr\/wp-json\/wp\/v2\/posts\/3925","targetHints":{"allow":["GET"]}}],"collection":[{"href":"https:\/\/ks-cs.ch\/fr\/wp-json\/wp\/v2\/posts"}],"about":[{"href":"https:\/\/ks-cs.ch\/fr\/wp-json\/wp\/v2\/types\/post"}],"author":[{"embeddable":true,"href":"https:\/\/ks-cs.ch\/fr\/wp-json\/wp\/v2\/users\/6"}],"replies":[{"embeddable":true,"href":"https:\/\/ks-cs.ch\/fr\/wp-json\/wp\/v2\/comments?post=3925"}],"version-history":[{"count":3,"href":"https:\/\/ks-cs.ch\/fr\/wp-json\/wp\/v2\/posts\/3925\/revisions"}],"predecessor-version":[{"id":3956,"href":"https:\/\/ks-cs.ch\/fr\/wp-json\/wp\/v2\/posts\/3925\/revisions\/3956"}],"wp:attachment":[{"href":"https:\/\/ks-cs.ch\/fr\/wp-json\/wp\/v2\/media?parent=3925"}],"wp:term":[{"taxonomy":"category","embeddable":true,"href":"https:\/\/ks-cs.ch\/fr\/wp-json\/wp\/v2\/categories?post=3925"},{"taxonomy":"post_tag","embeddable":true,"href":"https:\/\/ks-cs.ch\/fr\/wp-json\/wp\/v2\/tags?post=3925"}],"curies":[{"name":"wp","href":"https:\/\/api.w.org\/{rel}","templated":true}]}}