{"id":3644,"date":"2023-05-23T15:00:53","date_gmt":"2023-05-23T13:00:53","guid":{"rendered":"https:\/\/ks-cs.ch\/?p=3644"},"modified":"2023-05-23T15:00:53","modified_gmt":"2023-05-23T13:00:53","slug":"la-publicite-est-un-element-fondamental-pour-une-concurrence-efficace","status":"publish","type":"post","link":"https:\/\/ks-cs.ch\/fr\/la-publicite-est-un-element-fondamental-pour-une-concurrence-efficace\/","title":{"rendered":"\u00abLa publicit\u00e9 est un \u00e9l\u00e9ment fondamental pour une concurrence efficace\u00bb"},"content":{"rendered":"<p>Dans son allocution, le Conseiller F\u00e9d\u00e9ral et Chef du D\u00e9partement f\u00e9d\u00e9ral de l&rsquo;\u00e9conomie, de la formation et de la recherche (DEFR), Guy Parmelin, a soulign\u00e9 \u00e0 quel point la publicit\u00e9 est un \u00e9l\u00e9ment constitutif d&rsquo;une concurrence efficace et donc d&rsquo;une \u00e9conomie prosp\u00e8re.<\/p>\n<p><strong>\u00abAppliquer les lois en vigueur\u00bb<\/strong><br \/>\nLors de son intervention, le Pr\u00e9sident de KS\/CS, J\u00fcrg Bachmann, a pr\u00e9sent\u00e9 le travail de l&rsquo;association au cours de l&rsquo;ann\u00e9e \u00e9coul\u00e9e. Celle-ci s&rsquo;engage pour une r\u00e9glementation lib\u00e9rale d\u2019une publicit\u00e9 responsable et durable, avec le moins d&rsquo;interdictions possible. \u00ab\u00a0Une grande partie de ce qui est demand\u00e9 aujourd&rsquo;hui au niveau politique est d\u00e9j\u00e0 r\u00e9glement\u00e9\u00a0\u00bb, a d\u00e9clar\u00e9 J\u00fcrg Bachmann, \u00ab\u00a0et il est juste d&rsquo;appliquer d&rsquo;abord les lois en vigueur avant d&rsquo;en cr\u00e9er de nouvelles\u00a0\u00bb.<\/p>\n<p>L&rsquo;ann\u00e9e derni\u00e8re, en \u00e9troite collaboration avec le groupe parlementaire f\u00e9d\u00e9ral \u00ab\u00a0March\u00e9 et publicit\u00e9\u00a0\u00bb, KS\/CS a poursuivi avec succ\u00e8s ses objectifs en se concentrant sur le traitement des interventions qui visent \u00e0 restreindre ou \u00e0 interdire la publicit\u00e9. De telles initiatives n&rsquo;existent pas seulement au niveau f\u00e9d\u00e9ral, mais aussi, et de plus en plus, sur le plan cantonal voire communal. L\u2019affichage ext\u00e9rieur, dont les concessions sont attribu\u00e9es par les communes, est ainsi mis sous pression \u00e0 de nombreux endroits. Dans ce domaine, un succ\u00e8s important a \u00e9t\u00e9 enregistr\u00e9 en ville de Gen\u00e8ve, puisque l&rsquo;initiative \u00ab\u00a0Gen\u00e8ve Z\u00e9ro Pub\u00a0\u00bb a \u00e9t\u00e9 repouss\u00e9e le 12 mars dernier. Mais d&rsquo;autres pr\u00e9c\u00e9dents locaux menacent d&rsquo;avoir des r\u00e9percussions sur l&rsquo;ensemble du pays, ce que KS\/CS surveille de pr\u00e8s. L\u2019association continue d&rsquo;agir d\u00e8s les premiers stades du processus politique.<\/p>\n<p><strong>Engagement du groupe parlementaire \u00ab\u00a0March\u00e9 et publicit\u00e9\u00a0\u00bb<\/strong><br \/>\nCette ann\u00e9e encore, le Conseiller National Gregor Rutz, Pr\u00e9sident du groupe parlementaire \u00ab\u00a0March\u00e9 et publicit\u00e9\u00a0\u00bb, a mis en \u00e9vidence les d\u00e9fis politiques parfois dramatiques auxquels est confront\u00e9e la branche publicitaire. Son discours engag\u00e9 sur le th\u00e8me \u00ab\u00a0Qui fait de la publicit\u00e9\u00a0\u00bb, \u00e9maill\u00e9 de nombreux exemples, a illustr\u00e9 une fois de plus le r\u00f4le d\u00e9terminant de l&rsquo;engagement politique de KS\/CS pour tous ceux qui sont actifs dans la cha\u00eene de cr\u00e9ation de valeur de la publicit\u00e9.<\/p>\n<p><strong>Selon la nouvelle statistique publicitaire, la publicit\u00e9 en ligne est en t\u00eate<br \/>\n<\/strong>Les derniers r\u00e9sultats de la Fondation Statistique Suisse en Publicit\u00e9 font \u00e9tat, cette ann\u00e9e encore, d\u2019un chiffre d&rsquo;affaires publicitaire en hausse. Dans sa publication, la fondation prend d\u00e9sormais en compte, pour la premi\u00e8re fois, les chiffres des \u201cg\u00e9ants mondiaux du num\u00e9rique\u201d. Pour ce faire, une estimation a \u00e9t\u00e9 effectu\u00e9e par des experts. Les chiffres ainsi consid\u00e9r\u00e9s pour YouTube, les moteurs de recherche et les m\u00e9dias sociaux s&rsquo;\u00e9l\u00e8vent au total \u00e0 un montant compris entre 1,69 \u00e0 2,07 milliards de francs. Cela signifie que 30% des d\u00e9penses publicitaires totales et environ 74% des d\u00e9penses publicitaires en ligne sont absorb\u00e9es par les \u201cg\u00e9ants mondiaux du num\u00e9rique\u201d.<\/p>\n<p><strong>Rapport annuel et approbation des comptes annuels<br \/>\n<\/strong>Dans la partie statutaire, les membres de l\u2019association pr\u00e9sents ont pris connaissance du rapport annuel 2022 et du rapport de r\u00e9vision. Ils ont aussi approuv\u00e9 les comptes annuels. En reconnaissance des services qu&rsquo;il a rendus pendant de nombreuses ann\u00e9es \u00e0 la Commission Suisse pour la Loyaut\u00e9 (CSL), l&rsquo;assembl\u00e9e g\u00e9n\u00e9rale a nomm\u00e9 le professeur Dr. Mischa Senn membre d&rsquo;honneur de KS\/CS Communication Suisse.<\/p>\n<p>&nbsp;<\/p>\n<p><strong>Informations m\u00e9dias:<br \/>\n<\/strong>Vera Baldo-Tschan<strong><br \/>\n<\/strong>Direction des Affaires Publiques &amp; Communication<strong><br \/>\n<\/strong><a href=\"mailto:baldo-tschan@ks-cs.ch\">baldo-tschan@ks-cs.ch<\/a><strong><br \/>\n<\/strong>+41 79 586 66 36<\/p>\n","protected":false},"excerpt":{"rendered":"<p>Berne, le 23 mai 2023. KS\/CS Communication Suisse, association fa\u00eeti\u00e8re de la communication en Suisse, a tenu, ce jour, sa 98e Assembl\u00e9e G\u00e9n\u00e9rale \u00e0 Berne. Le Conseiller F\u00e9d\u00e9ral Guy Parmelin, chef du DEFR, le Conseiller National Gregor Rutz, Pr\u00e9sident du groupe parlementaire \u00ab\u00a0March\u00e9 et publicit\u00e9\u00a0\u00bb ainsi que J\u00fcrg Bachmann, Pr\u00e9sident de KS\/CS, ont soulign\u00e9, dans leurs interventions, l&rsquo;importance essentielle de la libert\u00e9 de communiquer pour l&rsquo;\u00e9conomie, la politique et la soci\u00e9t\u00e9 suisses.<\/p>\n","protected":false},"author":5,"featured_media":0,"comment_status":"closed","ping_status":"open","sticky":false,"template":"","format":"standard","meta":{"content-type":"","footnotes":""},"categories":[27],"tags":[],"class_list":["post-3644","post","type-post","status-publish","format-standard","hentry","category-communique-de-presse"],"yoast_head":"<!-- This site is optimized with the Yoast SEO plugin v27.4 - https:\/\/yoast.com\/product\/yoast-seo-wordpress\/ -->\n<title>\u00abLa publicit\u00e9 est un \u00e9l\u00e9ment fondamental pour une concurrence efficace\u00bb - KS\/CS Communication Suisse<\/title>\n<meta name=\"robots\" content=\"index, follow, max-snippet:-1, max-image-preview:large, max-video-preview:-1\" \/>\n<link rel=\"canonical\" href=\"https:\/\/ks-cs.ch\/fr\/la-publicite-est-un-element-fondamental-pour-une-concurrence-efficace\/\" \/>\n<meta property=\"og:locale\" content=\"fr_FR\" \/>\n<meta property=\"og:type\" content=\"article\" \/>\n<meta property=\"og:title\" content=\"\u00abLa publicit\u00e9 est un \u00e9l\u00e9ment fondamental pour une concurrence efficace\u00bb - KS\/CS Communication Suisse\" \/>\n<meta property=\"og:description\" content=\"Berne, le 23 mai 2023. KS\/CS Communication Suisse, association fa\u00eeti\u00e8re de la communication en Suisse, a tenu, ce jour, sa 98e Assembl\u00e9e G\u00e9n\u00e9rale \u00e0 Berne. Le Conseiller F\u00e9d\u00e9ral Guy Parmelin, chef du DEFR, le Conseiller National Gregor Rutz, Pr\u00e9sident du groupe parlementaire &quot;March\u00e9 et publicit\u00e9&quot; ainsi que J\u00fcrg Bachmann, Pr\u00e9sident de KS\/CS, ont soulign\u00e9, dans leurs interventions, l&#039;importance essentielle de la libert\u00e9 de communiquer pour l&#039;\u00e9conomie, la politique et la soci\u00e9t\u00e9 suisses.\" \/>\n<meta property=\"og:url\" content=\"https:\/\/ks-cs.ch\/fr\/la-publicite-est-un-element-fondamental-pour-une-concurrence-efficace\/\" \/>\n<meta property=\"og:site_name\" content=\"KS\/CS Communication Suisse\" \/>\n<meta property=\"article:published_time\" content=\"2023-05-23T13:00:53+00:00\" \/>\n<meta property=\"og:image\" content=\"https:\/\/ks-cs.ch\/wp-content\/uploads\/2022\/11\/Logo.jpeg\" \/>\n\t<meta property=\"og:image:width\" content=\"1200\" \/>\n\t<meta property=\"og:image:height\" content=\"920\" \/>\n\t<meta property=\"og:image:type\" content=\"image\/jpeg\" \/>\n<meta name=\"author\" content=\"Hendrik Fischer\" \/>\n<meta name=\"twitter:card\" content=\"summary_large_image\" \/>\n<meta name=\"twitter:label1\" content=\"\u00c9crit par\" \/>\n\t<meta name=\"twitter:data1\" content=\"Hendrik Fischer\" \/>\n\t<meta name=\"twitter:label2\" content=\"Dur\u00e9e de lecture estim\u00e9e\" \/>\n\t<meta name=\"twitter:data2\" content=\"3 minutes\" \/>\n<script type=\"application\/ld+json\" class=\"yoast-schema-graph\">{\"@context\":\"https:\\\/\\\/schema.org\",\"@graph\":[{\"@type\":\"Article\",\"@id\":\"https:\\\/\\\/ks-cs.ch\\\/fr\\\/la-publicite-est-un-element-fondamental-pour-une-concurrence-efficace\\\/#article\",\"isPartOf\":{\"@id\":\"https:\\\/\\\/ks-cs.ch\\\/fr\\\/la-publicite-est-un-element-fondamental-pour-une-concurrence-efficace\\\/\"},\"author\":{\"name\":\"Hendrik Fischer\",\"@id\":\"https:\\\/\\\/ks-cs.ch\\\/fr\\\/#\\\/schema\\\/person\\\/757c9eea7858086d44d1a415e371e005\"},\"headline\":\"\u00abLa publicit\u00e9 est un \u00e9l\u00e9ment fondamental pour une concurrence efficace\u00bb\",\"datePublished\":\"2023-05-23T13:00:53+00:00\",\"mainEntityOfPage\":{\"@id\":\"https:\\\/\\\/ks-cs.ch\\\/fr\\\/la-publicite-est-un-element-fondamental-pour-une-concurrence-efficace\\\/\"},\"wordCount\":611,\"publisher\":{\"@id\":\"https:\\\/\\\/ks-cs.ch\\\/fr\\\/#organization\"},\"articleSection\":[\"Communiqu\u00e9 de presse\"],\"inLanguage\":\"fr-FR\"},{\"@type\":\"WebPage\",\"@id\":\"https:\\\/\\\/ks-cs.ch\\\/fr\\\/la-publicite-est-un-element-fondamental-pour-une-concurrence-efficace\\\/\",\"url\":\"https:\\\/\\\/ks-cs.ch\\\/fr\\\/la-publicite-est-un-element-fondamental-pour-une-concurrence-efficace\\\/\",\"name\":\"\u00abLa publicit\u00e9 est un \u00e9l\u00e9ment fondamental pour une concurrence efficace\u00bb - KS\\\/CS Communication Suisse\",\"isPartOf\":{\"@id\":\"https:\\\/\\\/ks-cs.ch\\\/fr\\\/#website\"},\"datePublished\":\"2023-05-23T13:00:53+00:00\",\"breadcrumb\":{\"@id\":\"https:\\\/\\\/ks-cs.ch\\\/fr\\\/la-publicite-est-un-element-fondamental-pour-une-concurrence-efficace\\\/#breadcrumb\"},\"inLanguage\":\"fr-FR\",\"potentialAction\":[{\"@type\":\"ReadAction\",\"target\":[\"https:\\\/\\\/ks-cs.ch\\\/fr\\\/la-publicite-est-un-element-fondamental-pour-une-concurrence-efficace\\\/\"]}]},{\"@type\":\"BreadcrumbList\",\"@id\":\"https:\\\/\\\/ks-cs.ch\\\/fr\\\/la-publicite-est-un-element-fondamental-pour-une-concurrence-efficace\\\/#breadcrumb\",\"itemListElement\":[{\"@type\":\"ListItem\",\"position\":1,\"name\":\"Home\",\"item\":\"https:\\\/\\\/ks-cs.ch\\\/fr\\\/\"},{\"@type\":\"ListItem\",\"position\":2,\"name\":\"\u00abLa publicit\u00e9 est un \u00e9l\u00e9ment fondamental pour une concurrence efficace\u00bb\"}]},{\"@type\":\"WebSite\",\"@id\":\"https:\\\/\\\/ks-cs.ch\\\/fr\\\/#website\",\"url\":\"https:\\\/\\\/ks-cs.ch\\\/fr\\\/\",\"name\":\"KS\\\/CS Kommunikation Schweiz\",\"description\":\"Association des communications commerciales\",\"publisher\":{\"@id\":\"https:\\\/\\\/ks-cs.ch\\\/fr\\\/#organization\"},\"potentialAction\":[{\"@type\":\"SearchAction\",\"target\":{\"@type\":\"EntryPoint\",\"urlTemplate\":\"https:\\\/\\\/ks-cs.ch\\\/fr\\\/?s={search_term_string}\"},\"query-input\":{\"@type\":\"PropertyValueSpecification\",\"valueRequired\":true,\"valueName\":\"search_term_string\"}}],\"inLanguage\":\"fr-FR\"},{\"@type\":\"Organization\",\"@id\":\"https:\\\/\\\/ks-cs.ch\\\/fr\\\/#organization\",\"name\":\"KS\\\/CS Kommunikation Schweiz\",\"url\":\"https:\\\/\\\/ks-cs.ch\\\/fr\\\/\",\"logo\":{\"@type\":\"ImageObject\",\"inLanguage\":\"fr-FR\",\"@id\":\"https:\\\/\\\/ks-cs.ch\\\/fr\\\/#\\\/schema\\\/logo\\\/image\\\/\",\"url\":\"https:\\\/\\\/ks-cs.ch\\\/wp-content\\\/uploads\\\/2022\\\/12\\\/Logo-Social-Media-1.jpg\",\"contentUrl\":\"https:\\\/\\\/ks-cs.ch\\\/wp-content\\\/uploads\\\/2022\\\/12\\\/Logo-Social-Media-1.jpg\",\"width\":709,\"height\":608,\"caption\":\"KS\\\/CS Kommunikation Schweiz\"},\"image\":{\"@id\":\"https:\\\/\\\/ks-cs.ch\\\/fr\\\/#\\\/schema\\\/logo\\\/image\\\/\"},\"sameAs\":[\"https:\\\/\\\/www.linkedin.com\\\/company\\\/kommunikation-schweiz-communication-suisse-comunicazione-svizzera-communication-switzerland\\\/\"]},{\"@type\":\"Person\",\"@id\":\"https:\\\/\\\/ks-cs.ch\\\/fr\\\/#\\\/schema\\\/person\\\/757c9eea7858086d44d1a415e371e005\",\"name\":\"Hendrik Fischer\",\"image\":{\"@type\":\"ImageObject\",\"inLanguage\":\"fr-FR\",\"@id\":\"https:\\\/\\\/secure.gravatar.com\\\/avatar\\\/53cc83626804a21e731fe1b5f49d38c46710f65192dda8fbe5b5fe16ad0804b8?s=96&d=mm&r=g\",\"url\":\"https:\\\/\\\/secure.gravatar.com\\\/avatar\\\/53cc83626804a21e731fe1b5f49d38c46710f65192dda8fbe5b5fe16ad0804b8?s=96&d=mm&r=g\",\"contentUrl\":\"https:\\\/\\\/secure.gravatar.com\\\/avatar\\\/53cc83626804a21e731fe1b5f49d38c46710f65192dda8fbe5b5fe16ad0804b8?s=96&d=mm&r=g\",\"caption\":\"Hendrik Fischer\"}}]}<\/script>\n<!-- \/ Yoast SEO plugin. -->","yoast_head_json":{"title":"\u00abLa publicit\u00e9 est un \u00e9l\u00e9ment fondamental pour une concurrence efficace\u00bb - KS\/CS Communication Suisse","robots":{"index":"index","follow":"follow","max-snippet":"max-snippet:-1","max-image-preview":"max-image-preview:large","max-video-preview":"max-video-preview:-1"},"canonical":"https:\/\/ks-cs.ch\/fr\/la-publicite-est-un-element-fondamental-pour-une-concurrence-efficace\/","og_locale":"fr_FR","og_type":"article","og_title":"\u00abLa publicit\u00e9 est un \u00e9l\u00e9ment fondamental pour une concurrence efficace\u00bb - KS\/CS Communication Suisse","og_description":"Berne, le 23 mai 2023. KS\/CS Communication Suisse, association fa\u00eeti\u00e8re de la communication en Suisse, a tenu, ce jour, sa 98e Assembl\u00e9e G\u00e9n\u00e9rale \u00e0 Berne. Le Conseiller F\u00e9d\u00e9ral Guy Parmelin, chef du DEFR, le Conseiller National Gregor Rutz, Pr\u00e9sident du groupe parlementaire \"March\u00e9 et publicit\u00e9\" ainsi que J\u00fcrg Bachmann, Pr\u00e9sident de KS\/CS, ont soulign\u00e9, dans leurs interventions, l'importance essentielle de la libert\u00e9 de communiquer pour l'\u00e9conomie, la politique et la soci\u00e9t\u00e9 suisses.","og_url":"https:\/\/ks-cs.ch\/fr\/la-publicite-est-un-element-fondamental-pour-une-concurrence-efficace\/","og_site_name":"KS\/CS Communication Suisse","article_published_time":"2023-05-23T13:00:53+00:00","og_image":[{"width":1200,"height":920,"url":"https:\/\/ks-cs.ch\/wp-content\/uploads\/2022\/11\/Logo.jpeg","type":"image\/jpeg"}],"author":"Hendrik Fischer","twitter_card":"summary_large_image","twitter_misc":{"\u00c9crit par":"Hendrik Fischer","Dur\u00e9e de lecture estim\u00e9e":"3 minutes"},"schema":{"@context":"https:\/\/schema.org","@graph":[{"@type":"Article","@id":"https:\/\/ks-cs.ch\/fr\/la-publicite-est-un-element-fondamental-pour-une-concurrence-efficace\/#article","isPartOf":{"@id":"https:\/\/ks-cs.ch\/fr\/la-publicite-est-un-element-fondamental-pour-une-concurrence-efficace\/"},"author":{"name":"Hendrik Fischer","@id":"https:\/\/ks-cs.ch\/fr\/#\/schema\/person\/757c9eea7858086d44d1a415e371e005"},"headline":"\u00abLa publicit\u00e9 est un \u00e9l\u00e9ment fondamental pour une concurrence efficace\u00bb","datePublished":"2023-05-23T13:00:53+00:00","mainEntityOfPage":{"@id":"https:\/\/ks-cs.ch\/fr\/la-publicite-est-un-element-fondamental-pour-une-concurrence-efficace\/"},"wordCount":611,"publisher":{"@id":"https:\/\/ks-cs.ch\/fr\/#organization"},"articleSection":["Communiqu\u00e9 de presse"],"inLanguage":"fr-FR"},{"@type":"WebPage","@id":"https:\/\/ks-cs.ch\/fr\/la-publicite-est-un-element-fondamental-pour-une-concurrence-efficace\/","url":"https:\/\/ks-cs.ch\/fr\/la-publicite-est-un-element-fondamental-pour-une-concurrence-efficace\/","name":"\u00abLa publicit\u00e9 est un \u00e9l\u00e9ment fondamental pour une concurrence efficace\u00bb - KS\/CS Communication Suisse","isPartOf":{"@id":"https:\/\/ks-cs.ch\/fr\/#website"},"datePublished":"2023-05-23T13:00:53+00:00","breadcrumb":{"@id":"https:\/\/ks-cs.ch\/fr\/la-publicite-est-un-element-fondamental-pour-une-concurrence-efficace\/#breadcrumb"},"inLanguage":"fr-FR","potentialAction":[{"@type":"ReadAction","target":["https:\/\/ks-cs.ch\/fr\/la-publicite-est-un-element-fondamental-pour-une-concurrence-efficace\/"]}]},{"@type":"BreadcrumbList","@id":"https:\/\/ks-cs.ch\/fr\/la-publicite-est-un-element-fondamental-pour-une-concurrence-efficace\/#breadcrumb","itemListElement":[{"@type":"ListItem","position":1,"name":"Home","item":"https:\/\/ks-cs.ch\/fr\/"},{"@type":"ListItem","position":2,"name":"\u00abLa publicit\u00e9 est un \u00e9l\u00e9ment fondamental pour une concurrence efficace\u00bb"}]},{"@type":"WebSite","@id":"https:\/\/ks-cs.ch\/fr\/#website","url":"https:\/\/ks-cs.ch\/fr\/","name":"KS\/CS Kommunikation Schweiz","description":"Association des communications commerciales","publisher":{"@id":"https:\/\/ks-cs.ch\/fr\/#organization"},"potentialAction":[{"@type":"SearchAction","target":{"@type":"EntryPoint","urlTemplate":"https:\/\/ks-cs.ch\/fr\/?s={search_term_string}"},"query-input":{"@type":"PropertyValueSpecification","valueRequired":true,"valueName":"search_term_string"}}],"inLanguage":"fr-FR"},{"@type":"Organization","@id":"https:\/\/ks-cs.ch\/fr\/#organization","name":"KS\/CS Kommunikation Schweiz","url":"https:\/\/ks-cs.ch\/fr\/","logo":{"@type":"ImageObject","inLanguage":"fr-FR","@id":"https:\/\/ks-cs.ch\/fr\/#\/schema\/logo\/image\/","url":"https:\/\/ks-cs.ch\/wp-content\/uploads\/2022\/12\/Logo-Social-Media-1.jpg","contentUrl":"https:\/\/ks-cs.ch\/wp-content\/uploads\/2022\/12\/Logo-Social-Media-1.jpg","width":709,"height":608,"caption":"KS\/CS Kommunikation Schweiz"},"image":{"@id":"https:\/\/ks-cs.ch\/fr\/#\/schema\/logo\/image\/"},"sameAs":["https:\/\/www.linkedin.com\/company\/kommunikation-schweiz-communication-suisse-comunicazione-svizzera-communication-switzerland\/"]},{"@type":"Person","@id":"https:\/\/ks-cs.ch\/fr\/#\/schema\/person\/757c9eea7858086d44d1a415e371e005","name":"Hendrik Fischer","image":{"@type":"ImageObject","inLanguage":"fr-FR","@id":"https:\/\/secure.gravatar.com\/avatar\/53cc83626804a21e731fe1b5f49d38c46710f65192dda8fbe5b5fe16ad0804b8?s=96&d=mm&r=g","url":"https:\/\/secure.gravatar.com\/avatar\/53cc83626804a21e731fe1b5f49d38c46710f65192dda8fbe5b5fe16ad0804b8?s=96&d=mm&r=g","contentUrl":"https:\/\/secure.gravatar.com\/avatar\/53cc83626804a21e731fe1b5f49d38c46710f65192dda8fbe5b5fe16ad0804b8?s=96&d=mm&r=g","caption":"Hendrik Fischer"}}]}},"publishpress_future_action":{"enabled":false,"date":"2026-05-04 14:34:35","action":"change-status","newStatus":"draft","terms":[],"taxonomy":"category","extraData":[]},"publishpress_future_workflow_manual_trigger":{"enabledWorkflows":[]},"_links":{"self":[{"href":"https:\/\/ks-cs.ch\/fr\/wp-json\/wp\/v2\/posts\/3644","targetHints":{"allow":["GET"]}}],"collection":[{"href":"https:\/\/ks-cs.ch\/fr\/wp-json\/wp\/v2\/posts"}],"about":[{"href":"https:\/\/ks-cs.ch\/fr\/wp-json\/wp\/v2\/types\/post"}],"author":[{"embeddable":true,"href":"https:\/\/ks-cs.ch\/fr\/wp-json\/wp\/v2\/users\/5"}],"replies":[{"embeddable":true,"href":"https:\/\/ks-cs.ch\/fr\/wp-json\/wp\/v2\/comments?post=3644"}],"version-history":[{"count":1,"href":"https:\/\/ks-cs.ch\/fr\/wp-json\/wp\/v2\/posts\/3644\/revisions"}],"predecessor-version":[{"id":3645,"href":"https:\/\/ks-cs.ch\/fr\/wp-json\/wp\/v2\/posts\/3644\/revisions\/3645"}],"wp:attachment":[{"href":"https:\/\/ks-cs.ch\/fr\/wp-json\/wp\/v2\/media?parent=3644"}],"wp:term":[{"taxonomy":"category","embeddable":true,"href":"https:\/\/ks-cs.ch\/fr\/wp-json\/wp\/v2\/categories?post=3644"},{"taxonomy":"post_tag","embeddable":true,"href":"https:\/\/ks-cs.ch\/fr\/wp-json\/wp\/v2\/tags?post=3644"}],"curies":[{"name":"wp","href":"https:\/\/api.w.org\/{rel}","templated":true}]}}