{"id":3382,"date":"2023-03-12T17:05:00","date_gmt":"2023-03-12T16:05:00","guid":{"rendered":"https:\/\/ks-cs.ch\/?p=3382"},"modified":"2023-03-12T17:05:00","modified_gmt":"2023-03-12T16:05:00","slug":"un-non-pour-linterdiction-de-laffichage-publicitaire-en-ville-de-geneve","status":"publish","type":"post","link":"https:\/\/ks-cs.ch\/fr\/un-non-pour-linterdiction-de-laffichage-publicitaire-en-ville-de-geneve\/","title":{"rendered":"Un Non pour l\u2019interdiction de l\u2019affichage publicitaire en Ville de Gen\u00e8ve"},"content":{"rendered":"<p>Le peuple genevois a rejet\u00e9 l&rsquo;initiative \u00ab\u00a0Z\u00e9ro pub\u00a0\u00bb, qui voulait bannir l\u2019affichage commerciale de l&rsquo;espace public, avec environ 52% de voix. La publicit\u00e9 ext\u00e9rieure reste donc autoris\u00e9e en ville de Gen\u00e8ve.<\/p>\n<p>Par son refus, les citoyens de la ville de Gen\u00e8ve ont montr\u00e9 qu\u2019ils soutiennent le tissu \u00e9conomique local, et qu\u2019ils rejettent une moralisation de la soci\u00e9t\u00e9, dangereuse pour notre d\u00e9mocratie. La censure n\u2019est jamais une solution pour une soci\u00e9t\u00e9 responsable qui mise sur l\u2019avenir !<\/p>\n<p>\u201cAujourd&rsquo;hui, la libert\u00e9 d&rsquo;information et d&rsquo;expression a gagn\u00e9\u201d, d\u00e9clare Vincent Antonioli, Pr\u00e9sident de la commission r\u00e9gionale Suisse romande de KS\/CS Communication Suisse. Il ajoute \u201cla publicit\u00e9, et en particulier l\u2019affichage, est un moyen d&rsquo;information important pour l&rsquo;\u00e9conomie, la politique et la culture, que nous continuerons de prot\u00e9ger \u00e0 l&rsquo;avenir\u201d.<\/p>\n<p>&nbsp;<\/p>\n<p><strong>Plus d\u2019informations: <\/strong><\/p>\n<p>Vincent Antonioli<br \/>\nPr\u00e9sident de la Commission r\u00e9gionale suisse romande<br \/>\n<a href=\"mailto:vantonioli@ks-cs.ch\">vantonioli@ks-cs.ch<\/a><br \/>\n+41 79 401 11 87<\/p>\n","protected":false},"excerpt":{"rendered":"<p>Zurich, le 12 mars 2023. C\u2019est avec satisfaction que KS\/CS Communication Suisse prend acte du refus de la population genevoise de censurer l\u2019affichage commercial sur le domaine public de la Ville. <\/p>\n","protected":false},"author":5,"featured_media":0,"comment_status":"closed","ping_status":"open","sticky":false,"template":"","format":"standard","meta":{"content-type":"","footnotes":""},"categories":[27],"tags":[],"class_list":["post-3382","post","type-post","status-publish","format-standard","hentry","category-communique-de-presse"],"yoast_head":"<!-- This site is optimized with the Yoast SEO plugin v27.4 - https:\/\/yoast.com\/product\/yoast-seo-wordpress\/ -->\n<title>Un Non pour l\u2019interdiction de l\u2019affichage publicitaire en Ville de Gen\u00e8ve - KS\/CS Communication Suisse<\/title>\n<meta name=\"robots\" content=\"index, follow, max-snippet:-1, max-image-preview:large, max-video-preview:-1\" \/>\n<link rel=\"canonical\" href=\"https:\/\/ks-cs.ch\/fr\/un-non-pour-linterdiction-de-laffichage-publicitaire-en-ville-de-geneve\/\" \/>\n<meta property=\"og:locale\" content=\"fr_FR\" \/>\n<meta property=\"og:type\" content=\"article\" \/>\n<meta property=\"og:title\" content=\"Un Non pour l\u2019interdiction de l\u2019affichage publicitaire en Ville de Gen\u00e8ve - KS\/CS Communication Suisse\" \/>\n<meta property=\"og:description\" content=\"Zurich, le 12 mars 2023. C\u2019est avec satisfaction que KS\/CS Communication Suisse prend acte du refus de la population genevoise de censurer l\u2019affichage commercial sur le domaine public de la Ville.\" \/>\n<meta property=\"og:url\" content=\"https:\/\/ks-cs.ch\/fr\/un-non-pour-linterdiction-de-laffichage-publicitaire-en-ville-de-geneve\/\" \/>\n<meta property=\"og:site_name\" content=\"KS\/CS Communication Suisse\" \/>\n<meta property=\"article:published_time\" content=\"2023-03-12T16:05:00+00:00\" \/>\n<meta property=\"og:image\" content=\"https:\/\/ks-cs.ch\/wp-content\/uploads\/2022\/11\/Logo.jpeg\" \/>\n\t<meta property=\"og:image:width\" content=\"1200\" \/>\n\t<meta property=\"og:image:height\" content=\"920\" \/>\n\t<meta property=\"og:image:type\" content=\"image\/jpeg\" \/>\n<meta name=\"author\" content=\"Hendrik Fischer\" \/>\n<meta name=\"twitter:card\" content=\"summary_large_image\" \/>\n<meta name=\"twitter:label1\" content=\"\u00c9crit par\" \/>\n\t<meta name=\"twitter:data1\" content=\"Hendrik Fischer\" \/>\n\t<meta name=\"twitter:label2\" content=\"Dur\u00e9e de lecture estim\u00e9e\" \/>\n\t<meta name=\"twitter:data2\" content=\"1 minute\" \/>\n<script type=\"application\/ld+json\" class=\"yoast-schema-graph\">{\"@context\":\"https:\\\/\\\/schema.org\",\"@graph\":[{\"@type\":\"Article\",\"@id\":\"https:\\\/\\\/ks-cs.ch\\\/fr\\\/un-non-pour-linterdiction-de-laffichage-publicitaire-en-ville-de-geneve\\\/#article\",\"isPartOf\":{\"@id\":\"https:\\\/\\\/ks-cs.ch\\\/fr\\\/un-non-pour-linterdiction-de-laffichage-publicitaire-en-ville-de-geneve\\\/\"},\"author\":{\"name\":\"Hendrik Fischer\",\"@id\":\"https:\\\/\\\/ks-cs.ch\\\/fr\\\/#\\\/schema\\\/person\\\/757c9eea7858086d44d1a415e371e005\"},\"headline\":\"Un Non pour l\u2019interdiction de l\u2019affichage publicitaire en Ville de Gen\u00e8ve\",\"datePublished\":\"2023-03-12T16:05:00+00:00\",\"mainEntityOfPage\":{\"@id\":\"https:\\\/\\\/ks-cs.ch\\\/fr\\\/un-non-pour-linterdiction-de-laffichage-publicitaire-en-ville-de-geneve\\\/\"},\"wordCount\":174,\"publisher\":{\"@id\":\"https:\\\/\\\/ks-cs.ch\\\/fr\\\/#organization\"},\"articleSection\":[\"Communiqu\u00e9 de presse\"],\"inLanguage\":\"fr-FR\"},{\"@type\":\"WebPage\",\"@id\":\"https:\\\/\\\/ks-cs.ch\\\/fr\\\/un-non-pour-linterdiction-de-laffichage-publicitaire-en-ville-de-geneve\\\/\",\"url\":\"https:\\\/\\\/ks-cs.ch\\\/fr\\\/un-non-pour-linterdiction-de-laffichage-publicitaire-en-ville-de-geneve\\\/\",\"name\":\"Un Non pour l\u2019interdiction de l\u2019affichage publicitaire en Ville de Gen\u00e8ve - KS\\\/CS Communication Suisse\",\"isPartOf\":{\"@id\":\"https:\\\/\\\/ks-cs.ch\\\/fr\\\/#website\"},\"datePublished\":\"2023-03-12T16:05:00+00:00\",\"breadcrumb\":{\"@id\":\"https:\\\/\\\/ks-cs.ch\\\/fr\\\/un-non-pour-linterdiction-de-laffichage-publicitaire-en-ville-de-geneve\\\/#breadcrumb\"},\"inLanguage\":\"fr-FR\",\"potentialAction\":[{\"@type\":\"ReadAction\",\"target\":[\"https:\\\/\\\/ks-cs.ch\\\/fr\\\/un-non-pour-linterdiction-de-laffichage-publicitaire-en-ville-de-geneve\\\/\"]}]},{\"@type\":\"BreadcrumbList\",\"@id\":\"https:\\\/\\\/ks-cs.ch\\\/fr\\\/un-non-pour-linterdiction-de-laffichage-publicitaire-en-ville-de-geneve\\\/#breadcrumb\",\"itemListElement\":[{\"@type\":\"ListItem\",\"position\":1,\"name\":\"Home\",\"item\":\"https:\\\/\\\/ks-cs.ch\\\/fr\\\/\"},{\"@type\":\"ListItem\",\"position\":2,\"name\":\"Un Non pour l\u2019interdiction de l\u2019affichage publicitaire en Ville de Gen\u00e8ve\"}]},{\"@type\":\"WebSite\",\"@id\":\"https:\\\/\\\/ks-cs.ch\\\/fr\\\/#website\",\"url\":\"https:\\\/\\\/ks-cs.ch\\\/fr\\\/\",\"name\":\"KS\\\/CS Kommunikation Schweiz\",\"description\":\"Association des communications commerciales\",\"publisher\":{\"@id\":\"https:\\\/\\\/ks-cs.ch\\\/fr\\\/#organization\"},\"potentialAction\":[{\"@type\":\"SearchAction\",\"target\":{\"@type\":\"EntryPoint\",\"urlTemplate\":\"https:\\\/\\\/ks-cs.ch\\\/fr\\\/?s={search_term_string}\"},\"query-input\":{\"@type\":\"PropertyValueSpecification\",\"valueRequired\":true,\"valueName\":\"search_term_string\"}}],\"inLanguage\":\"fr-FR\"},{\"@type\":\"Organization\",\"@id\":\"https:\\\/\\\/ks-cs.ch\\\/fr\\\/#organization\",\"name\":\"KS\\\/CS Kommunikation Schweiz\",\"url\":\"https:\\\/\\\/ks-cs.ch\\\/fr\\\/\",\"logo\":{\"@type\":\"ImageObject\",\"inLanguage\":\"fr-FR\",\"@id\":\"https:\\\/\\\/ks-cs.ch\\\/fr\\\/#\\\/schema\\\/logo\\\/image\\\/\",\"url\":\"https:\\\/\\\/ks-cs.ch\\\/wp-content\\\/uploads\\\/2022\\\/12\\\/Logo-Social-Media-1.jpg\",\"contentUrl\":\"https:\\\/\\\/ks-cs.ch\\\/wp-content\\\/uploads\\\/2022\\\/12\\\/Logo-Social-Media-1.jpg\",\"width\":709,\"height\":608,\"caption\":\"KS\\\/CS Kommunikation Schweiz\"},\"image\":{\"@id\":\"https:\\\/\\\/ks-cs.ch\\\/fr\\\/#\\\/schema\\\/logo\\\/image\\\/\"},\"sameAs\":[\"https:\\\/\\\/www.linkedin.com\\\/company\\\/kommunikation-schweiz-communication-suisse-comunicazione-svizzera-communication-switzerland\\\/\"]},{\"@type\":\"Person\",\"@id\":\"https:\\\/\\\/ks-cs.ch\\\/fr\\\/#\\\/schema\\\/person\\\/757c9eea7858086d44d1a415e371e005\",\"name\":\"Hendrik Fischer\",\"image\":{\"@type\":\"ImageObject\",\"inLanguage\":\"fr-FR\",\"@id\":\"https:\\\/\\\/secure.gravatar.com\\\/avatar\\\/53cc83626804a21e731fe1b5f49d38c46710f65192dda8fbe5b5fe16ad0804b8?s=96&d=mm&r=g\",\"url\":\"https:\\\/\\\/secure.gravatar.com\\\/avatar\\\/53cc83626804a21e731fe1b5f49d38c46710f65192dda8fbe5b5fe16ad0804b8?s=96&d=mm&r=g\",\"contentUrl\":\"https:\\\/\\\/secure.gravatar.com\\\/avatar\\\/53cc83626804a21e731fe1b5f49d38c46710f65192dda8fbe5b5fe16ad0804b8?s=96&d=mm&r=g\",\"caption\":\"Hendrik Fischer\"}}]}<\/script>\n<!-- \/ Yoast SEO plugin. -->","yoast_head_json":{"title":"Un Non pour l\u2019interdiction de l\u2019affichage publicitaire en Ville de Gen\u00e8ve - KS\/CS Communication Suisse","robots":{"index":"index","follow":"follow","max-snippet":"max-snippet:-1","max-image-preview":"max-image-preview:large","max-video-preview":"max-video-preview:-1"},"canonical":"https:\/\/ks-cs.ch\/fr\/un-non-pour-linterdiction-de-laffichage-publicitaire-en-ville-de-geneve\/","og_locale":"fr_FR","og_type":"article","og_title":"Un Non pour l\u2019interdiction de l\u2019affichage publicitaire en Ville de Gen\u00e8ve - KS\/CS Communication Suisse","og_description":"Zurich, le 12 mars 2023. C\u2019est avec satisfaction que KS\/CS Communication Suisse prend acte du refus de la population genevoise de censurer l\u2019affichage commercial sur le domaine public de la Ville.","og_url":"https:\/\/ks-cs.ch\/fr\/un-non-pour-linterdiction-de-laffichage-publicitaire-en-ville-de-geneve\/","og_site_name":"KS\/CS Communication Suisse","article_published_time":"2023-03-12T16:05:00+00:00","og_image":[{"width":1200,"height":920,"url":"https:\/\/ks-cs.ch\/wp-content\/uploads\/2022\/11\/Logo.jpeg","type":"image\/jpeg"}],"author":"Hendrik Fischer","twitter_card":"summary_large_image","twitter_misc":{"\u00c9crit par":"Hendrik Fischer","Dur\u00e9e de lecture estim\u00e9e":"1 minute"},"schema":{"@context":"https:\/\/schema.org","@graph":[{"@type":"Article","@id":"https:\/\/ks-cs.ch\/fr\/un-non-pour-linterdiction-de-laffichage-publicitaire-en-ville-de-geneve\/#article","isPartOf":{"@id":"https:\/\/ks-cs.ch\/fr\/un-non-pour-linterdiction-de-laffichage-publicitaire-en-ville-de-geneve\/"},"author":{"name":"Hendrik Fischer","@id":"https:\/\/ks-cs.ch\/fr\/#\/schema\/person\/757c9eea7858086d44d1a415e371e005"},"headline":"Un Non pour l\u2019interdiction de l\u2019affichage publicitaire en Ville de Gen\u00e8ve","datePublished":"2023-03-12T16:05:00+00:00","mainEntityOfPage":{"@id":"https:\/\/ks-cs.ch\/fr\/un-non-pour-linterdiction-de-laffichage-publicitaire-en-ville-de-geneve\/"},"wordCount":174,"publisher":{"@id":"https:\/\/ks-cs.ch\/fr\/#organization"},"articleSection":["Communiqu\u00e9 de presse"],"inLanguage":"fr-FR"},{"@type":"WebPage","@id":"https:\/\/ks-cs.ch\/fr\/un-non-pour-linterdiction-de-laffichage-publicitaire-en-ville-de-geneve\/","url":"https:\/\/ks-cs.ch\/fr\/un-non-pour-linterdiction-de-laffichage-publicitaire-en-ville-de-geneve\/","name":"Un Non pour l\u2019interdiction de l\u2019affichage publicitaire en Ville de Gen\u00e8ve - KS\/CS Communication Suisse","isPartOf":{"@id":"https:\/\/ks-cs.ch\/fr\/#website"},"datePublished":"2023-03-12T16:05:00+00:00","breadcrumb":{"@id":"https:\/\/ks-cs.ch\/fr\/un-non-pour-linterdiction-de-laffichage-publicitaire-en-ville-de-geneve\/#breadcrumb"},"inLanguage":"fr-FR","potentialAction":[{"@type":"ReadAction","target":["https:\/\/ks-cs.ch\/fr\/un-non-pour-linterdiction-de-laffichage-publicitaire-en-ville-de-geneve\/"]}]},{"@type":"BreadcrumbList","@id":"https:\/\/ks-cs.ch\/fr\/un-non-pour-linterdiction-de-laffichage-publicitaire-en-ville-de-geneve\/#breadcrumb","itemListElement":[{"@type":"ListItem","position":1,"name":"Home","item":"https:\/\/ks-cs.ch\/fr\/"},{"@type":"ListItem","position":2,"name":"Un Non pour l\u2019interdiction de l\u2019affichage publicitaire en Ville de Gen\u00e8ve"}]},{"@type":"WebSite","@id":"https:\/\/ks-cs.ch\/fr\/#website","url":"https:\/\/ks-cs.ch\/fr\/","name":"KS\/CS Kommunikation Schweiz","description":"Association des communications commerciales","publisher":{"@id":"https:\/\/ks-cs.ch\/fr\/#organization"},"potentialAction":[{"@type":"SearchAction","target":{"@type":"EntryPoint","urlTemplate":"https:\/\/ks-cs.ch\/fr\/?s={search_term_string}"},"query-input":{"@type":"PropertyValueSpecification","valueRequired":true,"valueName":"search_term_string"}}],"inLanguage":"fr-FR"},{"@type":"Organization","@id":"https:\/\/ks-cs.ch\/fr\/#organization","name":"KS\/CS Kommunikation Schweiz","url":"https:\/\/ks-cs.ch\/fr\/","logo":{"@type":"ImageObject","inLanguage":"fr-FR","@id":"https:\/\/ks-cs.ch\/fr\/#\/schema\/logo\/image\/","url":"https:\/\/ks-cs.ch\/wp-content\/uploads\/2022\/12\/Logo-Social-Media-1.jpg","contentUrl":"https:\/\/ks-cs.ch\/wp-content\/uploads\/2022\/12\/Logo-Social-Media-1.jpg","width":709,"height":608,"caption":"KS\/CS Kommunikation Schweiz"},"image":{"@id":"https:\/\/ks-cs.ch\/fr\/#\/schema\/logo\/image\/"},"sameAs":["https:\/\/www.linkedin.com\/company\/kommunikation-schweiz-communication-suisse-comunicazione-svizzera-communication-switzerland\/"]},{"@type":"Person","@id":"https:\/\/ks-cs.ch\/fr\/#\/schema\/person\/757c9eea7858086d44d1a415e371e005","name":"Hendrik Fischer","image":{"@type":"ImageObject","inLanguage":"fr-FR","@id":"https:\/\/secure.gravatar.com\/avatar\/53cc83626804a21e731fe1b5f49d38c46710f65192dda8fbe5b5fe16ad0804b8?s=96&d=mm&r=g","url":"https:\/\/secure.gravatar.com\/avatar\/53cc83626804a21e731fe1b5f49d38c46710f65192dda8fbe5b5fe16ad0804b8?s=96&d=mm&r=g","contentUrl":"https:\/\/secure.gravatar.com\/avatar\/53cc83626804a21e731fe1b5f49d38c46710f65192dda8fbe5b5fe16ad0804b8?s=96&d=mm&r=g","caption":"Hendrik Fischer"}}]}},"publishpress_future_action":{"enabled":false,"date":"2026-05-04 11:23:07","action":"change-status","newStatus":"draft","terms":[],"taxonomy":"category","extraData":[]},"publishpress_future_workflow_manual_trigger":{"enabledWorkflows":[]},"_links":{"self":[{"href":"https:\/\/ks-cs.ch\/fr\/wp-json\/wp\/v2\/posts\/3382","targetHints":{"allow":["GET"]}}],"collection":[{"href":"https:\/\/ks-cs.ch\/fr\/wp-json\/wp\/v2\/posts"}],"about":[{"href":"https:\/\/ks-cs.ch\/fr\/wp-json\/wp\/v2\/types\/post"}],"author":[{"embeddable":true,"href":"https:\/\/ks-cs.ch\/fr\/wp-json\/wp\/v2\/users\/5"}],"replies":[{"embeddable":true,"href":"https:\/\/ks-cs.ch\/fr\/wp-json\/wp\/v2\/comments?post=3382"}],"version-history":[{"count":1,"href":"https:\/\/ks-cs.ch\/fr\/wp-json\/wp\/v2\/posts\/3382\/revisions"}],"predecessor-version":[{"id":3383,"href":"https:\/\/ks-cs.ch\/fr\/wp-json\/wp\/v2\/posts\/3382\/revisions\/3383"}],"wp:attachment":[{"href":"https:\/\/ks-cs.ch\/fr\/wp-json\/wp\/v2\/media?parent=3382"}],"wp:term":[{"taxonomy":"category","embeddable":true,"href":"https:\/\/ks-cs.ch\/fr\/wp-json\/wp\/v2\/categories?post=3382"},{"taxonomy":"post_tag","embeddable":true,"href":"https:\/\/ks-cs.ch\/fr\/wp-json\/wp\/v2\/tags?post=3382"}],"curies":[{"name":"wp","href":"https:\/\/api.w.org\/{rel}","templated":true}]}}