{"id":1142,"date":"2022-02-12T08:34:31","date_gmt":"2022-02-12T07:34:31","guid":{"rendered":"https:\/\/ks-cs.ch\/la-branche-publicitaire-regrette-ladoption-de-linitiative-extreme-sur-linterdiction-de-la-publicite-pour-le-tabac\/"},"modified":"2022-10-26T10:49:24","modified_gmt":"2022-10-26T08:49:24","slug":"la-branche-publicitaire-regrette-ladoption-de-linitiative-extreme-sur-linterdiction-de-la-publicite-pour-le-tabac","status":"publish","type":"post","link":"https:\/\/ks-cs.ch\/fr\/la-branche-publicitaire-regrette-ladoption-de-linitiative-extreme-sur-linterdiction-de-la-publicite-pour-le-tabac\/","title":{"rendered":"La branche publicitaire regrette l&rsquo;adoption de l&rsquo;initiative extr\u00eame sur l&rsquo;interdiction de la publicit\u00e9 pour le tabac"},"content":{"rendered":"<p><img decoding=\"async\" class=\"alignnone size-full wp-image-863\" src=\"https:\/\/ks-cs.ch\/wp-content\/uploads\/2022\/07\/Bildschirmfoto-2022-07-29-um-08.32.49.png\" alt=\"\" width=\"2586\" height=\"784\" srcset=\"https:\/\/ks-cs.ch\/wp-content\/uploads\/2022\/07\/Bildschirmfoto-2022-07-29-um-08.32.49.png 2586w, https:\/\/ks-cs.ch\/wp-content\/uploads\/2022\/07\/Bildschirmfoto-2022-07-29-um-08.32.49-300x91.png 300w, https:\/\/ks-cs.ch\/wp-content\/uploads\/2022\/07\/Bildschirmfoto-2022-07-29-um-08.32.49-1024x310.png 1024w, https:\/\/ks-cs.ch\/wp-content\/uploads\/2022\/07\/Bildschirmfoto-2022-07-29-um-08.32.49-768x233.png 768w, https:\/\/ks-cs.ch\/wp-content\/uploads\/2022\/07\/Bildschirmfoto-2022-07-29-um-08.32.49-1536x466.png 1536w, https:\/\/ks-cs.ch\/wp-content\/uploads\/2022\/07\/Bildschirmfoto-2022-07-29-um-08.32.49-2048x621.png 2048w\" sizes=\"(max-width: 2586px) 100vw, 2586px\" \/><\/p>\n<p>Les sept principales associations suisses de communication et de marketing regrettent que les \u00e9lecteurs aient pr\u00e9f\u00e9r\u00e9 l&rsquo;interdiction extr\u00eame de la publicit\u00e9 propos\u00e9e par les initiants \u00e0 un contre-projet cibl\u00e9 du Parlement. Il s&rsquo;agit de KS\/CS Communication Suisse, IAA Swiss Chapter, IAB Switzerland, l&rsquo;Union suisse de l&rsquo;article de marque Promarca, l&rsquo;Association suisse du marketing de dialogue (SDV), l&rsquo;Association suisse des m\u00e9dias (VSM) et l&rsquo;Association suisse des annonceurs (SWA).<\/p>\n<p>Pendant la campagne de votation, les auteurs de l&rsquo;initiative ont assur\u00e9 \u00e0 plusieurs reprises qu&rsquo;ils ne voulaient limiter que la publicit\u00e9 pour le tabac qui s&rsquo;adresse aux enfants et aux jeunes. Le Parlement est maintenant appel\u00e9 \u00e0 s&rsquo;orienter sur cette directive et \u00e0 mettre en \u0153uvre l&rsquo;initiative avec la mesure n\u00e9cessaire. Pour ce faire, il peut s&rsquo;appuyer sur la nouvelle loi sur les produits du tabac qui sera adopt\u00e9e \u00e0 l&rsquo;automne 2021. Celle-ci contient d\u00e9j\u00e0 une interdiction de vente de produits du tabac aux moins de 18 ans dans toute la Suisse. En outre, la publicit\u00e9 destin\u00e9e aux enfants et aux jeunes est d\u00e9j\u00e0 interdite. La loi sur les produits du tabac fait \u00e9galement dispara\u00eetre la publicit\u00e9 pour le tabac de l&rsquo;espace public. L&rsquo;initiative est donc d\u00e9j\u00e0 en grande partie mise en \u0153uvre. Il faut renoncer \u00e0 une interdiction totale de la publicit\u00e9, qui serait en contradiction avec la libert\u00e9 de commerce et d&rsquo;industrie ancr\u00e9e dans la Constitution.<\/p>\n<p>La prudence est \u00e9galement de mise en ce qui concerne les exigences suppl\u00e9mentaires d&rsquo;interdiction de la publicit\u00e9. Les associations signataires s&rsquo;y opposeront.<\/p>\n<p><strong>Associations signataires :<\/strong><\/p>\n<ul>\n<li>KS\/CS Communication Suisse<\/li>\n<li>Association Suisse des Annonceurs SWA<\/li>\n<li>International Advertising Association &#8211; Swiss Chapter<\/li>\n<li>IAB Suisse<\/li>\n<li>Promarca<\/li>\n<li>SDV Association suisse de marketing de dialogue<\/li>\n<li>Association des \u00e9diteurs MEDIAS SUISSES<\/li>\n<\/ul>\n<p><strong>Informations sur les m\u00e9dias:<\/strong><br \/>\nJ\u00fcrg Bachmann<br \/>\nPr\u00e9sident KS\/CS Communication Suisse<br \/>\nE-Mail: <a href=\"mailto:bachmann@ks-cs.ch\">bachmann@ks-cs.ch<\/a><br \/>\nTel. <a href=\"tel:+41796003262\">+41 79 600 32 62<\/a><\/p>\n","protected":false},"excerpt":{"rendered":"<p>Les \u00e9lecteurs suisses se sont prononc\u00e9s aujourd&rsquo;hui en faveur de l&rsquo;initiative sur l&rsquo;interdiction de la publicit\u00e9. Les associations suisses de communication et de marketing regrettent cette d\u00e9cision et demandent maintenant au Parlement de mettre en \u0153uvre cette initiative avec discernement dans le cadre de la nouvelle loi sur les produits du tabac.<\/p>\n","protected":false},"author":1,"featured_media":0,"comment_status":"closed","ping_status":"open","sticky":false,"template":"","format":"standard","meta":{"content-type":"","footnotes":""},"categories":[27],"tags":[],"class_list":["post-1142","post","type-post","status-publish","format-standard","hentry","category-communique-de-presse"],"yoast_head":"<!-- This site is optimized with the Yoast SEO plugin v27.4 - https:\/\/yoast.com\/product\/yoast-seo-wordpress\/ -->\n<title>La branche publicitaire regrette l&#039;adoption de l&#039;initiative extr\u00eame sur l&#039;interdiction de la publicit\u00e9 pour le tabac - KS\/CS Communication Suisse<\/title>\n<meta name=\"robots\" content=\"index, follow, max-snippet:-1, max-image-preview:large, max-video-preview:-1\" \/>\n<link rel=\"canonical\" href=\"https:\/\/ks-cs.ch\/fr\/la-branche-publicitaire-regrette-ladoption-de-linitiative-extreme-sur-linterdiction-de-la-publicite-pour-le-tabac\/\" \/>\n<meta property=\"og:locale\" content=\"fr_FR\" \/>\n<meta property=\"og:type\" content=\"article\" \/>\n<meta property=\"og:title\" content=\"La branche publicitaire regrette l&#039;adoption de l&#039;initiative extr\u00eame sur l&#039;interdiction de la publicit\u00e9 pour le tabac - KS\/CS Communication Suisse\" \/>\n<meta property=\"og:description\" content=\"Les \u00e9lecteurs suisses se sont prononc\u00e9s aujourd&#039;hui en faveur de l&#039;initiative sur l&#039;interdiction de la publicit\u00e9. Les associations suisses de communication et de marketing regrettent cette d\u00e9cision et demandent maintenant au Parlement de mettre en \u0153uvre cette initiative avec discernement dans le cadre de la nouvelle loi sur les produits du tabac.\" \/>\n<meta property=\"og:url\" content=\"https:\/\/ks-cs.ch\/fr\/la-branche-publicitaire-regrette-ladoption-de-linitiative-extreme-sur-linterdiction-de-la-publicite-pour-le-tabac\/\" \/>\n<meta property=\"og:site_name\" content=\"KS\/CS Communication Suisse\" \/>\n<meta property=\"article:published_time\" content=\"2022-02-12T07:34:31+00:00\" \/>\n<meta property=\"article:modified_time\" content=\"2022-10-26T08:49:24+00:00\" \/>\n<meta property=\"og:image\" content=\"https:\/\/ks-cs.ch\/wp-content\/uploads\/2022\/07\/Bildschirmfoto-2022-07-29-um-08.32.49.png\" \/>\n<meta name=\"author\" content=\"chris\" \/>\n<meta name=\"twitter:card\" content=\"summary_large_image\" \/>\n<meta name=\"twitter:label1\" content=\"\u00c9crit par\" \/>\n\t<meta name=\"twitter:data1\" content=\"chris\" \/>\n\t<meta name=\"twitter:label2\" content=\"Dur\u00e9e de lecture estim\u00e9e\" \/>\n\t<meta name=\"twitter:data2\" content=\"2 minutes\" \/>\n<script type=\"application\/ld+json\" class=\"yoast-schema-graph\">{\"@context\":\"https:\\\/\\\/schema.org\",\"@graph\":[{\"@type\":\"Article\",\"@id\":\"https:\\\/\\\/ks-cs.ch\\\/fr\\\/la-branche-publicitaire-regrette-ladoption-de-linitiative-extreme-sur-linterdiction-de-la-publicite-pour-le-tabac\\\/#article\",\"isPartOf\":{\"@id\":\"https:\\\/\\\/ks-cs.ch\\\/fr\\\/la-branche-publicitaire-regrette-ladoption-de-linitiative-extreme-sur-linterdiction-de-la-publicite-pour-le-tabac\\\/\"},\"author\":{\"name\":\"chris\",\"@id\":\"https:\\\/\\\/ks-cs.ch\\\/fr\\\/#\\\/schema\\\/person\\\/c514c44eb5ae1cd2ea32d7f64ec9d495\"},\"headline\":\"La branche publicitaire regrette l&rsquo;adoption de l&rsquo;initiative extr\u00eame sur l&rsquo;interdiction de la publicit\u00e9 pour le tabac\",\"datePublished\":\"2022-02-12T07:34:31+00:00\",\"dateModified\":\"2022-10-26T08:49:24+00:00\",\"mainEntityOfPage\":{\"@id\":\"https:\\\/\\\/ks-cs.ch\\\/fr\\\/la-branche-publicitaire-regrette-ladoption-de-linitiative-extreme-sur-linterdiction-de-la-publicite-pour-le-tabac\\\/\"},\"wordCount\":322,\"publisher\":{\"@id\":\"https:\\\/\\\/ks-cs.ch\\\/fr\\\/#organization\"},\"image\":{\"@id\":\"https:\\\/\\\/ks-cs.ch\\\/fr\\\/la-branche-publicitaire-regrette-ladoption-de-linitiative-extreme-sur-linterdiction-de-la-publicite-pour-le-tabac\\\/#primaryimage\"},\"thumbnailUrl\":\"https:\\\/\\\/ks-cs.ch\\\/wp-content\\\/uploads\\\/2022\\\/07\\\/Bildschirmfoto-2022-07-29-um-08.32.49.png\",\"articleSection\":[\"Communiqu\u00e9 de presse\"],\"inLanguage\":\"fr-FR\"},{\"@type\":\"WebPage\",\"@id\":\"https:\\\/\\\/ks-cs.ch\\\/fr\\\/la-branche-publicitaire-regrette-ladoption-de-linitiative-extreme-sur-linterdiction-de-la-publicite-pour-le-tabac\\\/\",\"url\":\"https:\\\/\\\/ks-cs.ch\\\/fr\\\/la-branche-publicitaire-regrette-ladoption-de-linitiative-extreme-sur-linterdiction-de-la-publicite-pour-le-tabac\\\/\",\"name\":\"La branche publicitaire regrette l'adoption de l'initiative extr\u00eame sur l'interdiction de la publicit\u00e9 pour le tabac - KS\\\/CS Communication Suisse\",\"isPartOf\":{\"@id\":\"https:\\\/\\\/ks-cs.ch\\\/fr\\\/#website\"},\"primaryImageOfPage\":{\"@id\":\"https:\\\/\\\/ks-cs.ch\\\/fr\\\/la-branche-publicitaire-regrette-ladoption-de-linitiative-extreme-sur-linterdiction-de-la-publicite-pour-le-tabac\\\/#primaryimage\"},\"image\":{\"@id\":\"https:\\\/\\\/ks-cs.ch\\\/fr\\\/la-branche-publicitaire-regrette-ladoption-de-linitiative-extreme-sur-linterdiction-de-la-publicite-pour-le-tabac\\\/#primaryimage\"},\"thumbnailUrl\":\"https:\\\/\\\/ks-cs.ch\\\/wp-content\\\/uploads\\\/2022\\\/07\\\/Bildschirmfoto-2022-07-29-um-08.32.49.png\",\"datePublished\":\"2022-02-12T07:34:31+00:00\",\"dateModified\":\"2022-10-26T08:49:24+00:00\",\"breadcrumb\":{\"@id\":\"https:\\\/\\\/ks-cs.ch\\\/fr\\\/la-branche-publicitaire-regrette-ladoption-de-linitiative-extreme-sur-linterdiction-de-la-publicite-pour-le-tabac\\\/#breadcrumb\"},\"inLanguage\":\"fr-FR\",\"potentialAction\":[{\"@type\":\"ReadAction\",\"target\":[\"https:\\\/\\\/ks-cs.ch\\\/fr\\\/la-branche-publicitaire-regrette-ladoption-de-linitiative-extreme-sur-linterdiction-de-la-publicite-pour-le-tabac\\\/\"]}]},{\"@type\":\"ImageObject\",\"inLanguage\":\"fr-FR\",\"@id\":\"https:\\\/\\\/ks-cs.ch\\\/fr\\\/la-branche-publicitaire-regrette-ladoption-de-linitiative-extreme-sur-linterdiction-de-la-publicite-pour-le-tabac\\\/#primaryimage\",\"url\":\"https:\\\/\\\/ks-cs.ch\\\/wp-content\\\/uploads\\\/2022\\\/07\\\/Bildschirmfoto-2022-07-29-um-08.32.49.png\",\"contentUrl\":\"https:\\\/\\\/ks-cs.ch\\\/wp-content\\\/uploads\\\/2022\\\/07\\\/Bildschirmfoto-2022-07-29-um-08.32.49.png\"},{\"@type\":\"BreadcrumbList\",\"@id\":\"https:\\\/\\\/ks-cs.ch\\\/fr\\\/la-branche-publicitaire-regrette-ladoption-de-linitiative-extreme-sur-linterdiction-de-la-publicite-pour-le-tabac\\\/#breadcrumb\",\"itemListElement\":[{\"@type\":\"ListItem\",\"position\":1,\"name\":\"Home\",\"item\":\"https:\\\/\\\/ks-cs.ch\\\/fr\\\/\"},{\"@type\":\"ListItem\",\"position\":2,\"name\":\"La branche publicitaire regrette l&rsquo;adoption de l&rsquo;initiative extr\u00eame sur l&rsquo;interdiction de la publicit\u00e9 pour le tabac\"}]},{\"@type\":\"WebSite\",\"@id\":\"https:\\\/\\\/ks-cs.ch\\\/fr\\\/#website\",\"url\":\"https:\\\/\\\/ks-cs.ch\\\/fr\\\/\",\"name\":\"KS\\\/CS Kommunikation Schweiz\",\"description\":\"Association des communications commerciales\",\"publisher\":{\"@id\":\"https:\\\/\\\/ks-cs.ch\\\/fr\\\/#organization\"},\"potentialAction\":[{\"@type\":\"SearchAction\",\"target\":{\"@type\":\"EntryPoint\",\"urlTemplate\":\"https:\\\/\\\/ks-cs.ch\\\/fr\\\/?s={search_term_string}\"},\"query-input\":{\"@type\":\"PropertyValueSpecification\",\"valueRequired\":true,\"valueName\":\"search_term_string\"}}],\"inLanguage\":\"fr-FR\"},{\"@type\":\"Organization\",\"@id\":\"https:\\\/\\\/ks-cs.ch\\\/fr\\\/#organization\",\"name\":\"KS\\\/CS Kommunikation Schweiz\",\"url\":\"https:\\\/\\\/ks-cs.ch\\\/fr\\\/\",\"logo\":{\"@type\":\"ImageObject\",\"inLanguage\":\"fr-FR\",\"@id\":\"https:\\\/\\\/ks-cs.ch\\\/fr\\\/#\\\/schema\\\/logo\\\/image\\\/\",\"url\":\"https:\\\/\\\/ks-cs.ch\\\/wp-content\\\/uploads\\\/2022\\\/12\\\/Logo-Social-Media-1.jpg\",\"contentUrl\":\"https:\\\/\\\/ks-cs.ch\\\/wp-content\\\/uploads\\\/2022\\\/12\\\/Logo-Social-Media-1.jpg\",\"width\":709,\"height\":608,\"caption\":\"KS\\\/CS Kommunikation Schweiz\"},\"image\":{\"@id\":\"https:\\\/\\\/ks-cs.ch\\\/fr\\\/#\\\/schema\\\/logo\\\/image\\\/\"},\"sameAs\":[\"https:\\\/\\\/www.linkedin.com\\\/company\\\/kommunikation-schweiz-communication-suisse-comunicazione-svizzera-communication-switzerland\\\/\"]},{\"@type\":\"Person\",\"@id\":\"https:\\\/\\\/ks-cs.ch\\\/fr\\\/#\\\/schema\\\/person\\\/c514c44eb5ae1cd2ea32d7f64ec9d495\",\"name\":\"chris\",\"image\":{\"@type\":\"ImageObject\",\"inLanguage\":\"fr-FR\",\"@id\":\"https:\\\/\\\/secure.gravatar.com\\\/avatar\\\/bfb50d1cba705ec7b06e8cc63542866addf3e2a90482863b15e0bf41565c439a?s=96&d=mm&r=g\",\"url\":\"https:\\\/\\\/secure.gravatar.com\\\/avatar\\\/bfb50d1cba705ec7b06e8cc63542866addf3e2a90482863b15e0bf41565c439a?s=96&d=mm&r=g\",\"contentUrl\":\"https:\\\/\\\/secure.gravatar.com\\\/avatar\\\/bfb50d1cba705ec7b06e8cc63542866addf3e2a90482863b15e0bf41565c439a?s=96&d=mm&r=g\",\"caption\":\"chris\"},\"sameAs\":[\"https:\\\/\\\/new.ks-cs.ch\"]}]}<\/script>\n<!-- \/ Yoast SEO plugin. -->","yoast_head_json":{"title":"La branche publicitaire regrette l'adoption de l'initiative extr\u00eame sur l'interdiction de la publicit\u00e9 pour le tabac - KS\/CS Communication Suisse","robots":{"index":"index","follow":"follow","max-snippet":"max-snippet:-1","max-image-preview":"max-image-preview:large","max-video-preview":"max-video-preview:-1"},"canonical":"https:\/\/ks-cs.ch\/fr\/la-branche-publicitaire-regrette-ladoption-de-linitiative-extreme-sur-linterdiction-de-la-publicite-pour-le-tabac\/","og_locale":"fr_FR","og_type":"article","og_title":"La branche publicitaire regrette l'adoption de l'initiative extr\u00eame sur l'interdiction de la publicit\u00e9 pour le tabac - KS\/CS Communication Suisse","og_description":"Les \u00e9lecteurs suisses se sont prononc\u00e9s aujourd'hui en faveur de l'initiative sur l'interdiction de la publicit\u00e9. Les associations suisses de communication et de marketing regrettent cette d\u00e9cision et demandent maintenant au Parlement de mettre en \u0153uvre cette initiative avec discernement dans le cadre de la nouvelle loi sur les produits du tabac.","og_url":"https:\/\/ks-cs.ch\/fr\/la-branche-publicitaire-regrette-ladoption-de-linitiative-extreme-sur-linterdiction-de-la-publicite-pour-le-tabac\/","og_site_name":"KS\/CS Communication Suisse","article_published_time":"2022-02-12T07:34:31+00:00","article_modified_time":"2022-10-26T08:49:24+00:00","og_image":[{"url":"https:\/\/ks-cs.ch\/wp-content\/uploads\/2022\/07\/Bildschirmfoto-2022-07-29-um-08.32.49.png","type":"","width":"","height":""}],"author":"chris","twitter_card":"summary_large_image","twitter_misc":{"\u00c9crit par":"chris","Dur\u00e9e de lecture estim\u00e9e":"2 minutes"},"schema":{"@context":"https:\/\/schema.org","@graph":[{"@type":"Article","@id":"https:\/\/ks-cs.ch\/fr\/la-branche-publicitaire-regrette-ladoption-de-linitiative-extreme-sur-linterdiction-de-la-publicite-pour-le-tabac\/#article","isPartOf":{"@id":"https:\/\/ks-cs.ch\/fr\/la-branche-publicitaire-regrette-ladoption-de-linitiative-extreme-sur-linterdiction-de-la-publicite-pour-le-tabac\/"},"author":{"name":"chris","@id":"https:\/\/ks-cs.ch\/fr\/#\/schema\/person\/c514c44eb5ae1cd2ea32d7f64ec9d495"},"headline":"La branche publicitaire regrette l&rsquo;adoption de l&rsquo;initiative extr\u00eame sur l&rsquo;interdiction de la publicit\u00e9 pour le tabac","datePublished":"2022-02-12T07:34:31+00:00","dateModified":"2022-10-26T08:49:24+00:00","mainEntityOfPage":{"@id":"https:\/\/ks-cs.ch\/fr\/la-branche-publicitaire-regrette-ladoption-de-linitiative-extreme-sur-linterdiction-de-la-publicite-pour-le-tabac\/"},"wordCount":322,"publisher":{"@id":"https:\/\/ks-cs.ch\/fr\/#organization"},"image":{"@id":"https:\/\/ks-cs.ch\/fr\/la-branche-publicitaire-regrette-ladoption-de-linitiative-extreme-sur-linterdiction-de-la-publicite-pour-le-tabac\/#primaryimage"},"thumbnailUrl":"https:\/\/ks-cs.ch\/wp-content\/uploads\/2022\/07\/Bildschirmfoto-2022-07-29-um-08.32.49.png","articleSection":["Communiqu\u00e9 de presse"],"inLanguage":"fr-FR"},{"@type":"WebPage","@id":"https:\/\/ks-cs.ch\/fr\/la-branche-publicitaire-regrette-ladoption-de-linitiative-extreme-sur-linterdiction-de-la-publicite-pour-le-tabac\/","url":"https:\/\/ks-cs.ch\/fr\/la-branche-publicitaire-regrette-ladoption-de-linitiative-extreme-sur-linterdiction-de-la-publicite-pour-le-tabac\/","name":"La branche publicitaire regrette l'adoption de l'initiative extr\u00eame sur l'interdiction de la publicit\u00e9 pour le tabac - KS\/CS Communication Suisse","isPartOf":{"@id":"https:\/\/ks-cs.ch\/fr\/#website"},"primaryImageOfPage":{"@id":"https:\/\/ks-cs.ch\/fr\/la-branche-publicitaire-regrette-ladoption-de-linitiative-extreme-sur-linterdiction-de-la-publicite-pour-le-tabac\/#primaryimage"},"image":{"@id":"https:\/\/ks-cs.ch\/fr\/la-branche-publicitaire-regrette-ladoption-de-linitiative-extreme-sur-linterdiction-de-la-publicite-pour-le-tabac\/#primaryimage"},"thumbnailUrl":"https:\/\/ks-cs.ch\/wp-content\/uploads\/2022\/07\/Bildschirmfoto-2022-07-29-um-08.32.49.png","datePublished":"2022-02-12T07:34:31+00:00","dateModified":"2022-10-26T08:49:24+00:00","breadcrumb":{"@id":"https:\/\/ks-cs.ch\/fr\/la-branche-publicitaire-regrette-ladoption-de-linitiative-extreme-sur-linterdiction-de-la-publicite-pour-le-tabac\/#breadcrumb"},"inLanguage":"fr-FR","potentialAction":[{"@type":"ReadAction","target":["https:\/\/ks-cs.ch\/fr\/la-branche-publicitaire-regrette-ladoption-de-linitiative-extreme-sur-linterdiction-de-la-publicite-pour-le-tabac\/"]}]},{"@type":"ImageObject","inLanguage":"fr-FR","@id":"https:\/\/ks-cs.ch\/fr\/la-branche-publicitaire-regrette-ladoption-de-linitiative-extreme-sur-linterdiction-de-la-publicite-pour-le-tabac\/#primaryimage","url":"https:\/\/ks-cs.ch\/wp-content\/uploads\/2022\/07\/Bildschirmfoto-2022-07-29-um-08.32.49.png","contentUrl":"https:\/\/ks-cs.ch\/wp-content\/uploads\/2022\/07\/Bildschirmfoto-2022-07-29-um-08.32.49.png"},{"@type":"BreadcrumbList","@id":"https:\/\/ks-cs.ch\/fr\/la-branche-publicitaire-regrette-ladoption-de-linitiative-extreme-sur-linterdiction-de-la-publicite-pour-le-tabac\/#breadcrumb","itemListElement":[{"@type":"ListItem","position":1,"name":"Home","item":"https:\/\/ks-cs.ch\/fr\/"},{"@type":"ListItem","position":2,"name":"La branche publicitaire regrette l&rsquo;adoption de l&rsquo;initiative extr\u00eame sur l&rsquo;interdiction de la publicit\u00e9 pour le tabac"}]},{"@type":"WebSite","@id":"https:\/\/ks-cs.ch\/fr\/#website","url":"https:\/\/ks-cs.ch\/fr\/","name":"KS\/CS Kommunikation Schweiz","description":"Association des communications commerciales","publisher":{"@id":"https:\/\/ks-cs.ch\/fr\/#organization"},"potentialAction":[{"@type":"SearchAction","target":{"@type":"EntryPoint","urlTemplate":"https:\/\/ks-cs.ch\/fr\/?s={search_term_string}"},"query-input":{"@type":"PropertyValueSpecification","valueRequired":true,"valueName":"search_term_string"}}],"inLanguage":"fr-FR"},{"@type":"Organization","@id":"https:\/\/ks-cs.ch\/fr\/#organization","name":"KS\/CS Kommunikation Schweiz","url":"https:\/\/ks-cs.ch\/fr\/","logo":{"@type":"ImageObject","inLanguage":"fr-FR","@id":"https:\/\/ks-cs.ch\/fr\/#\/schema\/logo\/image\/","url":"https:\/\/ks-cs.ch\/wp-content\/uploads\/2022\/12\/Logo-Social-Media-1.jpg","contentUrl":"https:\/\/ks-cs.ch\/wp-content\/uploads\/2022\/12\/Logo-Social-Media-1.jpg","width":709,"height":608,"caption":"KS\/CS Kommunikation Schweiz"},"image":{"@id":"https:\/\/ks-cs.ch\/fr\/#\/schema\/logo\/image\/"},"sameAs":["https:\/\/www.linkedin.com\/company\/kommunikation-schweiz-communication-suisse-comunicazione-svizzera-communication-switzerland\/"]},{"@type":"Person","@id":"https:\/\/ks-cs.ch\/fr\/#\/schema\/person\/c514c44eb5ae1cd2ea32d7f64ec9d495","name":"chris","image":{"@type":"ImageObject","inLanguage":"fr-FR","@id":"https:\/\/secure.gravatar.com\/avatar\/bfb50d1cba705ec7b06e8cc63542866addf3e2a90482863b15e0bf41565c439a?s=96&d=mm&r=g","url":"https:\/\/secure.gravatar.com\/avatar\/bfb50d1cba705ec7b06e8cc63542866addf3e2a90482863b15e0bf41565c439a?s=96&d=mm&r=g","contentUrl":"https:\/\/secure.gravatar.com\/avatar\/bfb50d1cba705ec7b06e8cc63542866addf3e2a90482863b15e0bf41565c439a?s=96&d=mm&r=g","caption":"chris"},"sameAs":["https:\/\/new.ks-cs.ch"]}]}},"publishpress_future_action":{"enabled":false,"date":"2026-05-04 16:21:57","action":"change-status","newStatus":"draft","terms":[],"taxonomy":"category","extraData":[]},"publishpress_future_workflow_manual_trigger":{"enabledWorkflows":[]},"_links":{"self":[{"href":"https:\/\/ks-cs.ch\/fr\/wp-json\/wp\/v2\/posts\/1142","targetHints":{"allow":["GET"]}}],"collection":[{"href":"https:\/\/ks-cs.ch\/fr\/wp-json\/wp\/v2\/posts"}],"about":[{"href":"https:\/\/ks-cs.ch\/fr\/wp-json\/wp\/v2\/types\/post"}],"author":[{"embeddable":true,"href":"https:\/\/ks-cs.ch\/fr\/wp-json\/wp\/v2\/users\/1"}],"replies":[{"embeddable":true,"href":"https:\/\/ks-cs.ch\/fr\/wp-json\/wp\/v2\/comments?post=1142"}],"version-history":[{"count":3,"href":"https:\/\/ks-cs.ch\/fr\/wp-json\/wp\/v2\/posts\/1142\/revisions"}],"predecessor-version":[{"id":2200,"href":"https:\/\/ks-cs.ch\/fr\/wp-json\/wp\/v2\/posts\/1142\/revisions\/2200"}],"wp:attachment":[{"href":"https:\/\/ks-cs.ch\/fr\/wp-json\/wp\/v2\/media?parent=1142"}],"wp:term":[{"taxonomy":"category","embeddable":true,"href":"https:\/\/ks-cs.ch\/fr\/wp-json\/wp\/v2\/categories?post=1142"},{"taxonomy":"post_tag","embeddable":true,"href":"https:\/\/ks-cs.ch\/fr\/wp-json\/wp\/v2\/tags?post=1142"}],"curies":[{"name":"wp","href":"https:\/\/api.w.org\/{rel}","templated":true}]}}