{"id":1080,"date":"2022-01-26T08:42:18","date_gmt":"2022-01-26T07:42:18","guid":{"rendered":"https:\/\/ks-cs.ch\/renforcement-de-lexpertise-en-communication\/"},"modified":"2022-10-26T11:04:27","modified_gmt":"2022-10-26T09:04:27","slug":"des-competences-specifiques-en-communication-encore-renforcees","status":"publish","type":"post","link":"https:\/\/ks-cs.ch\/fr\/des-competences-specifiques-en-communication-encore-renforcees\/","title":{"rendered":"Des comp\u00e9tences sp\u00e9cifiques en communication encore renforc\u00e9es"},"content":{"rendered":"<p>En 2021, les 14 candidats aux examens professionnels sup\u00e9rieurs ont d\u00e9montr\u00e9 avec succ\u00e8s les connaissances qu&rsquo;ils ont acquises et d\u00e9velopp\u00e9es de mani\u00e8re intensive pendant une ann\u00e9e (7 candidats l&rsquo;ann\u00e9e pr\u00e9c\u00e9dente). Ils disposent d\u00e9sormais de comp\u00e9tences professionnelles et de gestion n\u00e9cessaires, ainsi que des connaissances pour organiser la communication des entreprises de mani\u00e8re comp\u00e9tente, cr\u00e9dible et efficace.<\/p>\n<h3>Deux femmes au sommet<\/h3>\n<p>Cette ann\u00e9e encore, la meilleure performance a \u00e9t\u00e9 obtenue par une femme. Avec une note globale de 4,9, c&rsquo;est Manuela Schlumpf (directrice chez Vincent &amp; Partner GmbH) qui a r\u00e9ussi les meilleures \u00e9preuves. Elle est suivie de pr\u00e8s par Tabita Walther (collaboratrice du service de communication du canton de B\u00e2le-Ville). La moyenne des notes de tous les laur\u00e9ats est de 4,4. L&rsquo;ann\u00e9e derni\u00e8re, Miriam Dibsdale (Smart Media Agency AG, Zurich), avec une note globale de 5,3, et Devi Geigenfeind, (fadeout gmbh, Agentur f\u00fcr digitale Kommunikation, B\u00e2le) ont obtenu les meilleures notes.<\/p>\n<h3>Des travaux de dipl\u00f4me proches de la pratique<\/h3>\n<p>La r\u00e9ussite de l&rsquo;examen \u00e9crit n&rsquo;\u00e9tait pas la seule condition pour obtenir le dipl\u00f4me. Les futurs responsables de communication ont \u00e9galement \u00e9labor\u00e9 un travail de dipl\u00f4me qu&rsquo;ils ont pr\u00e9sent\u00e9 aux experts dans le cadre des examens oraux. Outre des projets passionnants, les connaissances techniques ax\u00e9es sur la pratique qui y sont li\u00e9es ont particuli\u00e8rement retenu l&rsquo;attention.<\/p>\n<h3>Examens 2022<\/h3>\n<p>Les prochains examens \u00e9crits des responsables de communication auront lieu les jeudi et vendredi 25 et 26 ao\u00fbt, les examens oraux le lundi 3 octobre 2022. Le d\u00e9lai d&rsquo;inscription est fix\u00e9 au lundi 11 avril 2022.<\/p>\n<p>Les noms des dipl\u00f4m\u00e9s ainsi que d&rsquo;autres informations sur l&rsquo;offre de formation continue dans la branche de la communication sont disponibles sur ks-cs.ch dans la rubrique \u201cFormation\u201d.<\/p>\n<p><strong>Contact et information:<\/strong><br \/>\nVera Baldo-Tschan<br \/>\nContent Manager<br \/>\n<a href=\"mailto:Baldo-tschan@ks-cs.ch\">Baldo-tschan@ks-cs.ch<\/a><br \/>\n<a href=\"tel:+41795866636\">+41 79 586 66 36<\/a><\/p>\n<p><strong>A propos de nous:<\/strong><br \/>\nLa formation et la formation continue sont l&rsquo;une des pr\u00e9occupations majeures de KS\/CS Communication Suisse. L&rsquo;association fa\u00eeti\u00e8re de la communication commerciale en Suisse organise notamment, sur mandat de la Conf\u00e9d\u00e9ration, les examens professionnels f\u00e9d\u00e9raux pour les sp\u00e9cialistes de la communication ainsi que l&rsquo;examen professionnel sup\u00e9rieur pour les responsables de la communication. Ces examens sont pass\u00e9s chaque ann\u00e9e par plus de 120 candidates et candidats. Ce faisant, KS\/CS soutient tous les efforts visant \u00e0 renforcer le syst\u00e8me de formation dual et \u00e0 rendre ses dipl\u00f4mes comparables au niveau international.<\/p>\n","protected":false},"excerpt":{"rendered":"<p>Zurich, le 27 janvier 2022. Cette ann\u00e9e, 93% des candidats ont r\u00e9ussi l&rsquo;examen f\u00e9d\u00e9ral de responsable de communication. L&rsquo;an dernier, ils \u00e9taient 86%. Les dipl\u00f4m\u00e9s des deux derni\u00e8res vol\u00e9es ont re\u00e7u la plus haute distinction de la branche suisse de la communication, lors d&rsquo;une c\u00e9r\u00e9monie \u00e0 Lucerne.<\/p>\n","protected":false},"author":1,"featured_media":0,"comment_status":"closed","ping_status":"open","sticky":false,"template":"","format":"standard","meta":{"content-type":"","footnotes":""},"categories":[27],"tags":[],"class_list":["post-1080","post","type-post","status-publish","format-standard","hentry","category-communique-de-presse"],"yoast_head":"<!-- This site is optimized with the Yoast SEO plugin v27.4 - https:\/\/yoast.com\/product\/yoast-seo-wordpress\/ -->\n<title>Des comp\u00e9tences sp\u00e9cifiques en communication encore renforc\u00e9es - KS\/CS Communication Suisse<\/title>\n<meta name=\"robots\" content=\"index, follow, max-snippet:-1, max-image-preview:large, max-video-preview:-1\" \/>\n<link rel=\"canonical\" href=\"https:\/\/ks-cs.ch\/fr\/des-competences-specifiques-en-communication-encore-renforcees\/\" \/>\n<meta property=\"og:locale\" content=\"fr_FR\" \/>\n<meta property=\"og:type\" content=\"article\" \/>\n<meta property=\"og:title\" content=\"Des comp\u00e9tences sp\u00e9cifiques en communication encore renforc\u00e9es - KS\/CS Communication Suisse\" \/>\n<meta property=\"og:description\" content=\"Zurich, le 27 janvier 2022. Cette ann\u00e9e, 93% des candidats ont r\u00e9ussi l&#039;examen f\u00e9d\u00e9ral de responsable de communication. L&#039;an dernier, ils \u00e9taient 86%. Les dipl\u00f4m\u00e9s des deux derni\u00e8res vol\u00e9es ont re\u00e7u la plus haute distinction de la branche suisse de la communication, lors d&#039;une c\u00e9r\u00e9monie \u00e0 Lucerne.\" \/>\n<meta property=\"og:url\" content=\"https:\/\/ks-cs.ch\/fr\/des-competences-specifiques-en-communication-encore-renforcees\/\" \/>\n<meta property=\"og:site_name\" content=\"KS\/CS Communication Suisse\" \/>\n<meta property=\"article:published_time\" content=\"2022-01-26T07:42:18+00:00\" \/>\n<meta property=\"article:modified_time\" content=\"2022-10-26T09:04:27+00:00\" \/>\n<meta property=\"og:image\" content=\"https:\/\/ks-cs.ch\/wp-content\/uploads\/2022\/11\/Logo.jpeg\" \/>\n\t<meta property=\"og:image:width\" content=\"1200\" \/>\n\t<meta property=\"og:image:height\" content=\"920\" \/>\n\t<meta property=\"og:image:type\" content=\"image\/jpeg\" \/>\n<meta name=\"author\" content=\"chris\" \/>\n<meta name=\"twitter:card\" content=\"summary_large_image\" \/>\n<meta name=\"twitter:label1\" content=\"\u00c9crit par\" \/>\n\t<meta name=\"twitter:data1\" content=\"chris\" \/>\n\t<meta name=\"twitter:label2\" content=\"Dur\u00e9e de lecture estim\u00e9e\" \/>\n\t<meta name=\"twitter:data2\" content=\"2 minutes\" \/>\n<script type=\"application\/ld+json\" class=\"yoast-schema-graph\">{\"@context\":\"https:\\\/\\\/schema.org\",\"@graph\":[{\"@type\":\"Article\",\"@id\":\"https:\\\/\\\/ks-cs.ch\\\/fr\\\/des-competences-specifiques-en-communication-encore-renforcees\\\/#article\",\"isPartOf\":{\"@id\":\"https:\\\/\\\/ks-cs.ch\\\/fr\\\/des-competences-specifiques-en-communication-encore-renforcees\\\/\"},\"author\":{\"name\":\"chris\",\"@id\":\"https:\\\/\\\/ks-cs.ch\\\/fr\\\/#\\\/schema\\\/person\\\/c514c44eb5ae1cd2ea32d7f64ec9d495\"},\"headline\":\"Des comp\u00e9tences sp\u00e9cifiques en communication encore renforc\u00e9es\",\"datePublished\":\"2022-01-26T07:42:18+00:00\",\"dateModified\":\"2022-10-26T09:04:27+00:00\",\"mainEntityOfPage\":{\"@id\":\"https:\\\/\\\/ks-cs.ch\\\/fr\\\/des-competences-specifiques-en-communication-encore-renforcees\\\/\"},\"wordCount\":430,\"publisher\":{\"@id\":\"https:\\\/\\\/ks-cs.ch\\\/fr\\\/#organization\"},\"articleSection\":[\"Communiqu\u00e9 de presse\"],\"inLanguage\":\"fr-FR\"},{\"@type\":\"WebPage\",\"@id\":\"https:\\\/\\\/ks-cs.ch\\\/fr\\\/des-competences-specifiques-en-communication-encore-renforcees\\\/\",\"url\":\"https:\\\/\\\/ks-cs.ch\\\/fr\\\/des-competences-specifiques-en-communication-encore-renforcees\\\/\",\"name\":\"Des comp\u00e9tences sp\u00e9cifiques en communication encore renforc\u00e9es - KS\\\/CS Communication Suisse\",\"isPartOf\":{\"@id\":\"https:\\\/\\\/ks-cs.ch\\\/fr\\\/#website\"},\"datePublished\":\"2022-01-26T07:42:18+00:00\",\"dateModified\":\"2022-10-26T09:04:27+00:00\",\"breadcrumb\":{\"@id\":\"https:\\\/\\\/ks-cs.ch\\\/fr\\\/des-competences-specifiques-en-communication-encore-renforcees\\\/#breadcrumb\"},\"inLanguage\":\"fr-FR\",\"potentialAction\":[{\"@type\":\"ReadAction\",\"target\":[\"https:\\\/\\\/ks-cs.ch\\\/fr\\\/des-competences-specifiques-en-communication-encore-renforcees\\\/\"]}]},{\"@type\":\"BreadcrumbList\",\"@id\":\"https:\\\/\\\/ks-cs.ch\\\/fr\\\/des-competences-specifiques-en-communication-encore-renforcees\\\/#breadcrumb\",\"itemListElement\":[{\"@type\":\"ListItem\",\"position\":1,\"name\":\"Home\",\"item\":\"https:\\\/\\\/ks-cs.ch\\\/fr\\\/\"},{\"@type\":\"ListItem\",\"position\":2,\"name\":\"Des comp\u00e9tences sp\u00e9cifiques en communication encore renforc\u00e9es\"}]},{\"@type\":\"WebSite\",\"@id\":\"https:\\\/\\\/ks-cs.ch\\\/fr\\\/#website\",\"url\":\"https:\\\/\\\/ks-cs.ch\\\/fr\\\/\",\"name\":\"KS\\\/CS Kommunikation Schweiz\",\"description\":\"Association des communications commerciales\",\"publisher\":{\"@id\":\"https:\\\/\\\/ks-cs.ch\\\/fr\\\/#organization\"},\"potentialAction\":[{\"@type\":\"SearchAction\",\"target\":{\"@type\":\"EntryPoint\",\"urlTemplate\":\"https:\\\/\\\/ks-cs.ch\\\/fr\\\/?s={search_term_string}\"},\"query-input\":{\"@type\":\"PropertyValueSpecification\",\"valueRequired\":true,\"valueName\":\"search_term_string\"}}],\"inLanguage\":\"fr-FR\"},{\"@type\":\"Organization\",\"@id\":\"https:\\\/\\\/ks-cs.ch\\\/fr\\\/#organization\",\"name\":\"KS\\\/CS Kommunikation Schweiz\",\"url\":\"https:\\\/\\\/ks-cs.ch\\\/fr\\\/\",\"logo\":{\"@type\":\"ImageObject\",\"inLanguage\":\"fr-FR\",\"@id\":\"https:\\\/\\\/ks-cs.ch\\\/fr\\\/#\\\/schema\\\/logo\\\/image\\\/\",\"url\":\"https:\\\/\\\/ks-cs.ch\\\/wp-content\\\/uploads\\\/2022\\\/12\\\/Logo-Social-Media-1.jpg\",\"contentUrl\":\"https:\\\/\\\/ks-cs.ch\\\/wp-content\\\/uploads\\\/2022\\\/12\\\/Logo-Social-Media-1.jpg\",\"width\":709,\"height\":608,\"caption\":\"KS\\\/CS Kommunikation Schweiz\"},\"image\":{\"@id\":\"https:\\\/\\\/ks-cs.ch\\\/fr\\\/#\\\/schema\\\/logo\\\/image\\\/\"},\"sameAs\":[\"https:\\\/\\\/www.linkedin.com\\\/company\\\/kommunikation-schweiz-communication-suisse-comunicazione-svizzera-communication-switzerland\\\/\"]},{\"@type\":\"Person\",\"@id\":\"https:\\\/\\\/ks-cs.ch\\\/fr\\\/#\\\/schema\\\/person\\\/c514c44eb5ae1cd2ea32d7f64ec9d495\",\"name\":\"chris\",\"image\":{\"@type\":\"ImageObject\",\"inLanguage\":\"fr-FR\",\"@id\":\"https:\\\/\\\/secure.gravatar.com\\\/avatar\\\/bfb50d1cba705ec7b06e8cc63542866addf3e2a90482863b15e0bf41565c439a?s=96&d=mm&r=g\",\"url\":\"https:\\\/\\\/secure.gravatar.com\\\/avatar\\\/bfb50d1cba705ec7b06e8cc63542866addf3e2a90482863b15e0bf41565c439a?s=96&d=mm&r=g\",\"contentUrl\":\"https:\\\/\\\/secure.gravatar.com\\\/avatar\\\/bfb50d1cba705ec7b06e8cc63542866addf3e2a90482863b15e0bf41565c439a?s=96&d=mm&r=g\",\"caption\":\"chris\"},\"sameAs\":[\"https:\\\/\\\/new.ks-cs.ch\"]}]}<\/script>\n<!-- \/ Yoast SEO plugin. -->","yoast_head_json":{"title":"Des comp\u00e9tences sp\u00e9cifiques en communication encore renforc\u00e9es - KS\/CS Communication Suisse","robots":{"index":"index","follow":"follow","max-snippet":"max-snippet:-1","max-image-preview":"max-image-preview:large","max-video-preview":"max-video-preview:-1"},"canonical":"https:\/\/ks-cs.ch\/fr\/des-competences-specifiques-en-communication-encore-renforcees\/","og_locale":"fr_FR","og_type":"article","og_title":"Des comp\u00e9tences sp\u00e9cifiques en communication encore renforc\u00e9es - KS\/CS Communication Suisse","og_description":"Zurich, le 27 janvier 2022. Cette ann\u00e9e, 93% des candidats ont r\u00e9ussi l'examen f\u00e9d\u00e9ral de responsable de communication. L'an dernier, ils \u00e9taient 86%. Les dipl\u00f4m\u00e9s des deux derni\u00e8res vol\u00e9es ont re\u00e7u la plus haute distinction de la branche suisse de la communication, lors d'une c\u00e9r\u00e9monie \u00e0 Lucerne.","og_url":"https:\/\/ks-cs.ch\/fr\/des-competences-specifiques-en-communication-encore-renforcees\/","og_site_name":"KS\/CS Communication Suisse","article_published_time":"2022-01-26T07:42:18+00:00","article_modified_time":"2022-10-26T09:04:27+00:00","og_image":[{"width":1200,"height":920,"url":"https:\/\/ks-cs.ch\/wp-content\/uploads\/2022\/11\/Logo.jpeg","type":"image\/jpeg"}],"author":"chris","twitter_card":"summary_large_image","twitter_misc":{"\u00c9crit par":"chris","Dur\u00e9e de lecture estim\u00e9e":"2 minutes"},"schema":{"@context":"https:\/\/schema.org","@graph":[{"@type":"Article","@id":"https:\/\/ks-cs.ch\/fr\/des-competences-specifiques-en-communication-encore-renforcees\/#article","isPartOf":{"@id":"https:\/\/ks-cs.ch\/fr\/des-competences-specifiques-en-communication-encore-renforcees\/"},"author":{"name":"chris","@id":"https:\/\/ks-cs.ch\/fr\/#\/schema\/person\/c514c44eb5ae1cd2ea32d7f64ec9d495"},"headline":"Des comp\u00e9tences sp\u00e9cifiques en communication encore renforc\u00e9es","datePublished":"2022-01-26T07:42:18+00:00","dateModified":"2022-10-26T09:04:27+00:00","mainEntityOfPage":{"@id":"https:\/\/ks-cs.ch\/fr\/des-competences-specifiques-en-communication-encore-renforcees\/"},"wordCount":430,"publisher":{"@id":"https:\/\/ks-cs.ch\/fr\/#organization"},"articleSection":["Communiqu\u00e9 de presse"],"inLanguage":"fr-FR"},{"@type":"WebPage","@id":"https:\/\/ks-cs.ch\/fr\/des-competences-specifiques-en-communication-encore-renforcees\/","url":"https:\/\/ks-cs.ch\/fr\/des-competences-specifiques-en-communication-encore-renforcees\/","name":"Des comp\u00e9tences sp\u00e9cifiques en communication encore renforc\u00e9es - KS\/CS Communication Suisse","isPartOf":{"@id":"https:\/\/ks-cs.ch\/fr\/#website"},"datePublished":"2022-01-26T07:42:18+00:00","dateModified":"2022-10-26T09:04:27+00:00","breadcrumb":{"@id":"https:\/\/ks-cs.ch\/fr\/des-competences-specifiques-en-communication-encore-renforcees\/#breadcrumb"},"inLanguage":"fr-FR","potentialAction":[{"@type":"ReadAction","target":["https:\/\/ks-cs.ch\/fr\/des-competences-specifiques-en-communication-encore-renforcees\/"]}]},{"@type":"BreadcrumbList","@id":"https:\/\/ks-cs.ch\/fr\/des-competences-specifiques-en-communication-encore-renforcees\/#breadcrumb","itemListElement":[{"@type":"ListItem","position":1,"name":"Home","item":"https:\/\/ks-cs.ch\/fr\/"},{"@type":"ListItem","position":2,"name":"Des comp\u00e9tences sp\u00e9cifiques en communication encore renforc\u00e9es"}]},{"@type":"WebSite","@id":"https:\/\/ks-cs.ch\/fr\/#website","url":"https:\/\/ks-cs.ch\/fr\/","name":"KS\/CS Kommunikation Schweiz","description":"Association des communications commerciales","publisher":{"@id":"https:\/\/ks-cs.ch\/fr\/#organization"},"potentialAction":[{"@type":"SearchAction","target":{"@type":"EntryPoint","urlTemplate":"https:\/\/ks-cs.ch\/fr\/?s={search_term_string}"},"query-input":{"@type":"PropertyValueSpecification","valueRequired":true,"valueName":"search_term_string"}}],"inLanguage":"fr-FR"},{"@type":"Organization","@id":"https:\/\/ks-cs.ch\/fr\/#organization","name":"KS\/CS Kommunikation Schweiz","url":"https:\/\/ks-cs.ch\/fr\/","logo":{"@type":"ImageObject","inLanguage":"fr-FR","@id":"https:\/\/ks-cs.ch\/fr\/#\/schema\/logo\/image\/","url":"https:\/\/ks-cs.ch\/wp-content\/uploads\/2022\/12\/Logo-Social-Media-1.jpg","contentUrl":"https:\/\/ks-cs.ch\/wp-content\/uploads\/2022\/12\/Logo-Social-Media-1.jpg","width":709,"height":608,"caption":"KS\/CS Kommunikation Schweiz"},"image":{"@id":"https:\/\/ks-cs.ch\/fr\/#\/schema\/logo\/image\/"},"sameAs":["https:\/\/www.linkedin.com\/company\/kommunikation-schweiz-communication-suisse-comunicazione-svizzera-communication-switzerland\/"]},{"@type":"Person","@id":"https:\/\/ks-cs.ch\/fr\/#\/schema\/person\/c514c44eb5ae1cd2ea32d7f64ec9d495","name":"chris","image":{"@type":"ImageObject","inLanguage":"fr-FR","@id":"https:\/\/secure.gravatar.com\/avatar\/bfb50d1cba705ec7b06e8cc63542866addf3e2a90482863b15e0bf41565c439a?s=96&d=mm&r=g","url":"https:\/\/secure.gravatar.com\/avatar\/bfb50d1cba705ec7b06e8cc63542866addf3e2a90482863b15e0bf41565c439a?s=96&d=mm&r=g","contentUrl":"https:\/\/secure.gravatar.com\/avatar\/bfb50d1cba705ec7b06e8cc63542866addf3e2a90482863b15e0bf41565c439a?s=96&d=mm&r=g","caption":"chris"},"sameAs":["https:\/\/new.ks-cs.ch"]}]}},"publishpress_future_action":{"enabled":false,"date":"2026-05-04 16:21:58","action":"change-status","newStatus":"draft","terms":[],"taxonomy":"category","extraData":[]},"publishpress_future_workflow_manual_trigger":{"enabledWorkflows":[]},"_links":{"self":[{"href":"https:\/\/ks-cs.ch\/fr\/wp-json\/wp\/v2\/posts\/1080","targetHints":{"allow":["GET"]}}],"collection":[{"href":"https:\/\/ks-cs.ch\/fr\/wp-json\/wp\/v2\/posts"}],"about":[{"href":"https:\/\/ks-cs.ch\/fr\/wp-json\/wp\/v2\/types\/post"}],"author":[{"embeddable":true,"href":"https:\/\/ks-cs.ch\/fr\/wp-json\/wp\/v2\/users\/1"}],"replies":[{"embeddable":true,"href":"https:\/\/ks-cs.ch\/fr\/wp-json\/wp\/v2\/comments?post=1080"}],"version-history":[{"count":3,"href":"https:\/\/ks-cs.ch\/fr\/wp-json\/wp\/v2\/posts\/1080\/revisions"}],"predecessor-version":[{"id":2208,"href":"https:\/\/ks-cs.ch\/fr\/wp-json\/wp\/v2\/posts\/1080\/revisions\/2208"}],"wp:attachment":[{"href":"https:\/\/ks-cs.ch\/fr\/wp-json\/wp\/v2\/media?parent=1080"}],"wp:term":[{"taxonomy":"category","embeddable":true,"href":"https:\/\/ks-cs.ch\/fr\/wp-json\/wp\/v2\/categories?post=1080"},{"taxonomy":"post_tag","embeddable":true,"href":"https:\/\/ks-cs.ch\/fr\/wp-json\/wp\/v2\/tags?post=1080"}],"curies":[{"name":"wp","href":"https:\/\/api.w.org\/{rel}","templated":true}]}}