{"id":1066,"date":"2022-07-12T08:36:59","date_gmt":"2022-07-12T06:36:59","guid":{"rendered":"https:\/\/ks-cs.ch\/remise-des-diplomes-a-la-nouvelle-generation-de-professionnels-de-la-communication\/"},"modified":"2022-10-26T11:08:47","modified_gmt":"2022-10-26T09:08:47","slug":"remise-des-diplomes-a-la-nouvelle-volee-de-specialistes-en-communication","status":"publish","type":"post","link":"https:\/\/ks-cs.ch\/fr\/remise-des-diplomes-a-la-nouvelle-volee-de-specialistes-en-communication\/","title":{"rendered":"Remise des dipl\u00f4mes \u00e0 la nouvelle vol\u00e9e de sp\u00e9cialistes en communication"},"content":{"rendered":"<p>Jeudi soir, les laur\u00e9ats de l&rsquo;examen f\u00e9d\u00e9ral de Sp\u00e9cialiste en Communication ont re\u00e7u leur dipl\u00f4me lors d&rsquo;une c\u00e9r\u00e9monie \u00e0 Berne. Auparavant, le Pr\u00e9sident de la commission des examens, Dominik Leonhardt, a salu\u00e9 les personnes pr\u00e9sentes et les a chaleureusement f\u00e9licit\u00e9es pour leur r\u00e9ussite. 64% des 111 candidat-e-s au total sur toute la Suisse ont r\u00e9ussi l&rsquo;examen f\u00e9d\u00e9ral organis\u00e9, cette ann\u00e9e encore, par KS\/CS Communication Suisse.<\/p>\n<h3>La communication vers l\u2019int\u00e9rieur<\/h3>\n<p>Dans son expos\u00e9, Eva Wannenmacher a parl\u00e9 aux dipl\u00f4m\u00e9s de la communication vers l\u2019int\u00e9rieur avec soi-m\u00eame. La communication avec son propre inconscient est en effet la cl\u00e9 du v\u00e9ritable bonheur de vivre. L\u2019animatrice a alors soulign\u00e9 que les personnes pr\u00e9sentes pouvaient tout aussi bien apprendre \u00e0 communiquer vers l&rsquo;int\u00e9rieur que vers l&rsquo;ext\u00e9rieur. Une partie de cette communication vers l&rsquo;int\u00e9rieur est aussi le pouvoir de manifester : \u201cPour un v\u00e9ritable changement int\u00e9rieur, ce n&rsquo;est pas la force de la volont\u00e9 qui est d\u00e9cisive, mais notre imagination\u201d, a d\u00e9clar\u00e9 Eva Wannenmacher, qui travaille \u00e9galement \u00e0 Zurich comme coach en psychologie.<\/p>\n<h3>Trois performances exceptionnelles<\/h3>\n<p>Cette ann\u00e9e, c&rsquo;est Vanja Dujakovic qui a obtenu le meilleur r\u00e9sultat \u00e0 l&rsquo;examen avec l&rsquo;excellente note finale de 5.5. Elle est suivie par Janine Koller, 5.2, et Nicolas Preisig, 5.1. KS\/CS Communication Suisse f\u00e9licite les laur\u00e9ats pour ces performances exceptionnelles.<\/p>\n<figure id=\"attachment_632\" aria-describedby=\"caption-attachment-632\" style=\"width: 1999px\" class=\"wp-caption alignnone\"><img decoding=\"async\" class=\"wp-image-865 size-full\" src=\"https:\/\/ks-cs.ch\/wp-content\/uploads\/2022\/07\/Diplome-an-die-neue-Generation-der-Kommunikationsfachleute-u\u0308bergeben.jpg\" alt=\"\" width=\"1999\" height=\"1333\" srcset=\"https:\/\/ks-cs.ch\/wp-content\/uploads\/2022\/07\/Diplome-an-die-neue-Generation-der-Kommunikationsfachleute-u\u0308bergeben.jpg 1999w, https:\/\/ks-cs.ch\/wp-content\/uploads\/2022\/07\/Diplome-an-die-neue-Generation-der-Kommunikationsfachleute-u\u0308bergeben-300x200.jpg 300w, https:\/\/ks-cs.ch\/wp-content\/uploads\/2022\/07\/Diplome-an-die-neue-Generation-der-Kommunikationsfachleute-u\u0308bergeben-1024x683.jpg 1024w, https:\/\/ks-cs.ch\/wp-content\/uploads\/2022\/07\/Diplome-an-die-neue-Generation-der-Kommunikationsfachleute-u\u0308bergeben-768x512.jpg 768w, https:\/\/ks-cs.ch\/wp-content\/uploads\/2022\/07\/Diplome-an-die-neue-Generation-der-Kommunikationsfachleute-u\u0308bergeben-1536x1024.jpg 1536w\" sizes=\"(max-width: 1999px) 100vw, 1999px\" \/><figcaption id=\"caption-attachment-632\" class=\"wp-caption-text\">de gauche \u00e0 droite: Yves Epiney, Directeur des examens pour la Suisse romande, Vanja Dujakovic, Janine Koller, Nicolas Preisig et Roland Ehrler, Directeur des examens pour la Suisse al\u00e9manique.<\/figcaption><\/figure>\n<p>Les prochains examens pour le brevet f\u00e9d\u00e9ral de Sp\u00e9cialiste Communication auront lieu en mars et avril 2023. Le d\u00e9lai d&rsquo;inscription est fix\u00e9 au 28 octobre 2022. Les personnes int\u00e9ress\u00e9es trouveront les noms de tous les laur\u00e9ats et plus d&rsquo;informations sur la formation de Sp\u00e9cialiste en communication sur le site internet de KS\/CS.<\/p>\n<p><strong>Plus d\u2019information :<\/strong><br \/>\nVera Baldo-Tschan<br \/>\nDirection des affaires publiques et de la communication<br \/>\n<a href=\"mailto:Baldo-tschan@ks-cs.ch\">Baldo-tschan@ks-cs.ch<\/a><br \/>\n<a href=\"tel:+41795866636\">+41 79 586 66 36<\/a><\/p>\n<p><strong>A propos de nous :<\/strong><br \/>\nLa formation et la formation continue sont l&rsquo;une des pr\u00e9occupations majeures de KS\/CS Communication Suisse. L&rsquo;association fa\u00eeti\u00e8re de la communication commerciale en Suisse organise notamment, sur mandat de la Conf\u00e9d\u00e9ration, les examens professionnels f\u00e9d\u00e9raux pour les Sp\u00e9cialistes en Communication ainsi que l&rsquo;examen professionnel f\u00e9d\u00e9ral sup\u00e9rieur pour les Chefs de Communication. Chaque ann\u00e9e plus de 120 candidates et candidats s\u2019inscrivent \u00e0 ces examens. KS\/CS soutient ainsi tous les efforts visant \u00e0 renforcer le syst\u00e8me de formation dual et \u00e0 rendre les dipl\u00f4mes comparables au niveau international.<\/p>\n","protected":false},"excerpt":{"rendered":"<p>Berne, le 12 juillet 2022. Apr\u00e8s deux ans sans remise des brevets en pr\u00e9sence des laur\u00e9ats, les Sp\u00e9cialistes en Communication ont enfin eu leur c\u00e9r\u00e9monie, le 7 juillet dernier. Lors de cet \u00e9v\u00e9nement, l&rsquo;animatrice, journaliste et coach, Eva Wannenmacher, a tenu un discours inspirant aux dipl\u00f4m\u00e9s. <\/p>\n","protected":false},"author":1,"featured_media":0,"comment_status":"closed","ping_status":"open","sticky":false,"template":"","format":"standard","meta":{"content-type":"","footnotes":""},"categories":[27],"tags":[],"class_list":["post-1066","post","type-post","status-publish","format-standard","hentry","category-communique-de-presse"],"yoast_head":"<!-- This site is optimized with the Yoast SEO plugin v27.4 - https:\/\/yoast.com\/product\/yoast-seo-wordpress\/ -->\n<title>Remise des dipl\u00f4mes \u00e0 la nouvelle vol\u00e9e de sp\u00e9cialistes en communication - KS\/CS Communication Suisse<\/title>\n<meta name=\"robots\" content=\"index, follow, max-snippet:-1, max-image-preview:large, max-video-preview:-1\" \/>\n<link rel=\"canonical\" href=\"https:\/\/ks-cs.ch\/fr\/remise-des-diplomes-a-la-nouvelle-volee-de-specialistes-en-communication\/\" \/>\n<meta property=\"og:locale\" content=\"fr_FR\" \/>\n<meta property=\"og:type\" content=\"article\" \/>\n<meta property=\"og:title\" content=\"Remise des dipl\u00f4mes \u00e0 la nouvelle vol\u00e9e de sp\u00e9cialistes en communication - KS\/CS Communication Suisse\" \/>\n<meta property=\"og:description\" content=\"Berne, le 12 juillet 2022. Apr\u00e8s deux ans sans remise des brevets en pr\u00e9sence des laur\u00e9ats, les Sp\u00e9cialistes en Communication ont enfin eu leur c\u00e9r\u00e9monie, le 7 juillet dernier. Lors de cet \u00e9v\u00e9nement, l&#039;animatrice, journaliste et coach, Eva Wannenmacher, a tenu un discours inspirant aux dipl\u00f4m\u00e9s.\" \/>\n<meta property=\"og:url\" content=\"https:\/\/ks-cs.ch\/fr\/remise-des-diplomes-a-la-nouvelle-volee-de-specialistes-en-communication\/\" \/>\n<meta property=\"og:site_name\" content=\"KS\/CS Communication Suisse\" \/>\n<meta property=\"article:published_time\" content=\"2022-07-12T06:36:59+00:00\" \/>\n<meta property=\"article:modified_time\" content=\"2022-10-26T09:08:47+00:00\" \/>\n<meta property=\"og:image\" content=\"https:\/\/ks-cs.ch\/wp-content\/uploads\/2022\/11\/Logo.jpeg\" \/>\n\t<meta property=\"og:image:width\" content=\"1200\" \/>\n\t<meta property=\"og:image:height\" content=\"920\" \/>\n\t<meta property=\"og:image:type\" content=\"image\/jpeg\" \/>\n<meta name=\"author\" content=\"chris\" \/>\n<meta name=\"twitter:card\" content=\"summary_large_image\" \/>\n<meta name=\"twitter:label1\" content=\"\u00c9crit par\" \/>\n\t<meta name=\"twitter:data1\" content=\"chris\" \/>\n\t<meta name=\"twitter:label2\" content=\"Dur\u00e9e de lecture estim\u00e9e\" \/>\n\t<meta name=\"twitter:data2\" content=\"2 minutes\" \/>\n<script type=\"application\/ld+json\" class=\"yoast-schema-graph\">{\"@context\":\"https:\\\/\\\/schema.org\",\"@graph\":[{\"@type\":\"Article\",\"@id\":\"https:\\\/\\\/ks-cs.ch\\\/fr\\\/remise-des-diplomes-a-la-nouvelle-volee-de-specialistes-en-communication\\\/#article\",\"isPartOf\":{\"@id\":\"https:\\\/\\\/ks-cs.ch\\\/fr\\\/remise-des-diplomes-a-la-nouvelle-volee-de-specialistes-en-communication\\\/\"},\"author\":{\"name\":\"chris\",\"@id\":\"https:\\\/\\\/ks-cs.ch\\\/fr\\\/#\\\/schema\\\/person\\\/c514c44eb5ae1cd2ea32d7f64ec9d495\"},\"headline\":\"Remise des dipl\u00f4mes \u00e0 la nouvelle vol\u00e9e de sp\u00e9cialistes en communication\",\"datePublished\":\"2022-07-12T06:36:59+00:00\",\"dateModified\":\"2022-10-26T09:08:47+00:00\",\"mainEntityOfPage\":{\"@id\":\"https:\\\/\\\/ks-cs.ch\\\/fr\\\/remise-des-diplomes-a-la-nouvelle-volee-de-specialistes-en-communication\\\/\"},\"wordCount\":465,\"publisher\":{\"@id\":\"https:\\\/\\\/ks-cs.ch\\\/fr\\\/#organization\"},\"articleSection\":[\"Communiqu\u00e9 de presse\"],\"inLanguage\":\"fr-FR\"},{\"@type\":\"WebPage\",\"@id\":\"https:\\\/\\\/ks-cs.ch\\\/fr\\\/remise-des-diplomes-a-la-nouvelle-volee-de-specialistes-en-communication\\\/\",\"url\":\"https:\\\/\\\/ks-cs.ch\\\/fr\\\/remise-des-diplomes-a-la-nouvelle-volee-de-specialistes-en-communication\\\/\",\"name\":\"Remise des dipl\u00f4mes \u00e0 la nouvelle vol\u00e9e de sp\u00e9cialistes en communication - KS\\\/CS Communication Suisse\",\"isPartOf\":{\"@id\":\"https:\\\/\\\/ks-cs.ch\\\/fr\\\/#website\"},\"datePublished\":\"2022-07-12T06:36:59+00:00\",\"dateModified\":\"2022-10-26T09:08:47+00:00\",\"breadcrumb\":{\"@id\":\"https:\\\/\\\/ks-cs.ch\\\/fr\\\/remise-des-diplomes-a-la-nouvelle-volee-de-specialistes-en-communication\\\/#breadcrumb\"},\"inLanguage\":\"fr-FR\",\"potentialAction\":[{\"@type\":\"ReadAction\",\"target\":[\"https:\\\/\\\/ks-cs.ch\\\/fr\\\/remise-des-diplomes-a-la-nouvelle-volee-de-specialistes-en-communication\\\/\"]}]},{\"@type\":\"BreadcrumbList\",\"@id\":\"https:\\\/\\\/ks-cs.ch\\\/fr\\\/remise-des-diplomes-a-la-nouvelle-volee-de-specialistes-en-communication\\\/#breadcrumb\",\"itemListElement\":[{\"@type\":\"ListItem\",\"position\":1,\"name\":\"Home\",\"item\":\"https:\\\/\\\/ks-cs.ch\\\/fr\\\/\"},{\"@type\":\"ListItem\",\"position\":2,\"name\":\"Remise des dipl\u00f4mes \u00e0 la nouvelle vol\u00e9e de sp\u00e9cialistes en communication\"}]},{\"@type\":\"WebSite\",\"@id\":\"https:\\\/\\\/ks-cs.ch\\\/fr\\\/#website\",\"url\":\"https:\\\/\\\/ks-cs.ch\\\/fr\\\/\",\"name\":\"KS\\\/CS Kommunikation Schweiz\",\"description\":\"Association des communications commerciales\",\"publisher\":{\"@id\":\"https:\\\/\\\/ks-cs.ch\\\/fr\\\/#organization\"},\"potentialAction\":[{\"@type\":\"SearchAction\",\"target\":{\"@type\":\"EntryPoint\",\"urlTemplate\":\"https:\\\/\\\/ks-cs.ch\\\/fr\\\/?s={search_term_string}\"},\"query-input\":{\"@type\":\"PropertyValueSpecification\",\"valueRequired\":true,\"valueName\":\"search_term_string\"}}],\"inLanguage\":\"fr-FR\"},{\"@type\":\"Organization\",\"@id\":\"https:\\\/\\\/ks-cs.ch\\\/fr\\\/#organization\",\"name\":\"KS\\\/CS Kommunikation Schweiz\",\"url\":\"https:\\\/\\\/ks-cs.ch\\\/fr\\\/\",\"logo\":{\"@type\":\"ImageObject\",\"inLanguage\":\"fr-FR\",\"@id\":\"https:\\\/\\\/ks-cs.ch\\\/fr\\\/#\\\/schema\\\/logo\\\/image\\\/\",\"url\":\"https:\\\/\\\/ks-cs.ch\\\/wp-content\\\/uploads\\\/2022\\\/12\\\/Logo-Social-Media-1.jpg\",\"contentUrl\":\"https:\\\/\\\/ks-cs.ch\\\/wp-content\\\/uploads\\\/2022\\\/12\\\/Logo-Social-Media-1.jpg\",\"width\":709,\"height\":608,\"caption\":\"KS\\\/CS Kommunikation Schweiz\"},\"image\":{\"@id\":\"https:\\\/\\\/ks-cs.ch\\\/fr\\\/#\\\/schema\\\/logo\\\/image\\\/\"},\"sameAs\":[\"https:\\\/\\\/www.linkedin.com\\\/company\\\/kommunikation-schweiz-communication-suisse-comunicazione-svizzera-communication-switzerland\\\/\"]},{\"@type\":\"Person\",\"@id\":\"https:\\\/\\\/ks-cs.ch\\\/fr\\\/#\\\/schema\\\/person\\\/c514c44eb5ae1cd2ea32d7f64ec9d495\",\"name\":\"chris\",\"image\":{\"@type\":\"ImageObject\",\"inLanguage\":\"fr-FR\",\"@id\":\"https:\\\/\\\/secure.gravatar.com\\\/avatar\\\/bfb50d1cba705ec7b06e8cc63542866addf3e2a90482863b15e0bf41565c439a?s=96&d=mm&r=g\",\"url\":\"https:\\\/\\\/secure.gravatar.com\\\/avatar\\\/bfb50d1cba705ec7b06e8cc63542866addf3e2a90482863b15e0bf41565c439a?s=96&d=mm&r=g\",\"contentUrl\":\"https:\\\/\\\/secure.gravatar.com\\\/avatar\\\/bfb50d1cba705ec7b06e8cc63542866addf3e2a90482863b15e0bf41565c439a?s=96&d=mm&r=g\",\"caption\":\"chris\"},\"sameAs\":[\"https:\\\/\\\/new.ks-cs.ch\"]}]}<\/script>\n<!-- \/ Yoast SEO plugin. -->","yoast_head_json":{"title":"Remise des dipl\u00f4mes \u00e0 la nouvelle vol\u00e9e de sp\u00e9cialistes en communication - KS\/CS Communication Suisse","robots":{"index":"index","follow":"follow","max-snippet":"max-snippet:-1","max-image-preview":"max-image-preview:large","max-video-preview":"max-video-preview:-1"},"canonical":"https:\/\/ks-cs.ch\/fr\/remise-des-diplomes-a-la-nouvelle-volee-de-specialistes-en-communication\/","og_locale":"fr_FR","og_type":"article","og_title":"Remise des dipl\u00f4mes \u00e0 la nouvelle vol\u00e9e de sp\u00e9cialistes en communication - KS\/CS Communication Suisse","og_description":"Berne, le 12 juillet 2022. Apr\u00e8s deux ans sans remise des brevets en pr\u00e9sence des laur\u00e9ats, les Sp\u00e9cialistes en Communication ont enfin eu leur c\u00e9r\u00e9monie, le 7 juillet dernier. Lors de cet \u00e9v\u00e9nement, l'animatrice, journaliste et coach, Eva Wannenmacher, a tenu un discours inspirant aux dipl\u00f4m\u00e9s.","og_url":"https:\/\/ks-cs.ch\/fr\/remise-des-diplomes-a-la-nouvelle-volee-de-specialistes-en-communication\/","og_site_name":"KS\/CS Communication Suisse","article_published_time":"2022-07-12T06:36:59+00:00","article_modified_time":"2022-10-26T09:08:47+00:00","og_image":[{"width":1200,"height":920,"url":"https:\/\/ks-cs.ch\/wp-content\/uploads\/2022\/11\/Logo.jpeg","type":"image\/jpeg"}],"author":"chris","twitter_card":"summary_large_image","twitter_misc":{"\u00c9crit par":"chris","Dur\u00e9e de lecture estim\u00e9e":"2 minutes"},"schema":{"@context":"https:\/\/schema.org","@graph":[{"@type":"Article","@id":"https:\/\/ks-cs.ch\/fr\/remise-des-diplomes-a-la-nouvelle-volee-de-specialistes-en-communication\/#article","isPartOf":{"@id":"https:\/\/ks-cs.ch\/fr\/remise-des-diplomes-a-la-nouvelle-volee-de-specialistes-en-communication\/"},"author":{"name":"chris","@id":"https:\/\/ks-cs.ch\/fr\/#\/schema\/person\/c514c44eb5ae1cd2ea32d7f64ec9d495"},"headline":"Remise des dipl\u00f4mes \u00e0 la nouvelle vol\u00e9e de sp\u00e9cialistes en communication","datePublished":"2022-07-12T06:36:59+00:00","dateModified":"2022-10-26T09:08:47+00:00","mainEntityOfPage":{"@id":"https:\/\/ks-cs.ch\/fr\/remise-des-diplomes-a-la-nouvelle-volee-de-specialistes-en-communication\/"},"wordCount":465,"publisher":{"@id":"https:\/\/ks-cs.ch\/fr\/#organization"},"articleSection":["Communiqu\u00e9 de presse"],"inLanguage":"fr-FR"},{"@type":"WebPage","@id":"https:\/\/ks-cs.ch\/fr\/remise-des-diplomes-a-la-nouvelle-volee-de-specialistes-en-communication\/","url":"https:\/\/ks-cs.ch\/fr\/remise-des-diplomes-a-la-nouvelle-volee-de-specialistes-en-communication\/","name":"Remise des dipl\u00f4mes \u00e0 la nouvelle vol\u00e9e de sp\u00e9cialistes en communication - KS\/CS Communication Suisse","isPartOf":{"@id":"https:\/\/ks-cs.ch\/fr\/#website"},"datePublished":"2022-07-12T06:36:59+00:00","dateModified":"2022-10-26T09:08:47+00:00","breadcrumb":{"@id":"https:\/\/ks-cs.ch\/fr\/remise-des-diplomes-a-la-nouvelle-volee-de-specialistes-en-communication\/#breadcrumb"},"inLanguage":"fr-FR","potentialAction":[{"@type":"ReadAction","target":["https:\/\/ks-cs.ch\/fr\/remise-des-diplomes-a-la-nouvelle-volee-de-specialistes-en-communication\/"]}]},{"@type":"BreadcrumbList","@id":"https:\/\/ks-cs.ch\/fr\/remise-des-diplomes-a-la-nouvelle-volee-de-specialistes-en-communication\/#breadcrumb","itemListElement":[{"@type":"ListItem","position":1,"name":"Home","item":"https:\/\/ks-cs.ch\/fr\/"},{"@type":"ListItem","position":2,"name":"Remise des dipl\u00f4mes \u00e0 la nouvelle vol\u00e9e de sp\u00e9cialistes en communication"}]},{"@type":"WebSite","@id":"https:\/\/ks-cs.ch\/fr\/#website","url":"https:\/\/ks-cs.ch\/fr\/","name":"KS\/CS Kommunikation Schweiz","description":"Association des communications commerciales","publisher":{"@id":"https:\/\/ks-cs.ch\/fr\/#organization"},"potentialAction":[{"@type":"SearchAction","target":{"@type":"EntryPoint","urlTemplate":"https:\/\/ks-cs.ch\/fr\/?s={search_term_string}"},"query-input":{"@type":"PropertyValueSpecification","valueRequired":true,"valueName":"search_term_string"}}],"inLanguage":"fr-FR"},{"@type":"Organization","@id":"https:\/\/ks-cs.ch\/fr\/#organization","name":"KS\/CS Kommunikation Schweiz","url":"https:\/\/ks-cs.ch\/fr\/","logo":{"@type":"ImageObject","inLanguage":"fr-FR","@id":"https:\/\/ks-cs.ch\/fr\/#\/schema\/logo\/image\/","url":"https:\/\/ks-cs.ch\/wp-content\/uploads\/2022\/12\/Logo-Social-Media-1.jpg","contentUrl":"https:\/\/ks-cs.ch\/wp-content\/uploads\/2022\/12\/Logo-Social-Media-1.jpg","width":709,"height":608,"caption":"KS\/CS Kommunikation Schweiz"},"image":{"@id":"https:\/\/ks-cs.ch\/fr\/#\/schema\/logo\/image\/"},"sameAs":["https:\/\/www.linkedin.com\/company\/kommunikation-schweiz-communication-suisse-comunicazione-svizzera-communication-switzerland\/"]},{"@type":"Person","@id":"https:\/\/ks-cs.ch\/fr\/#\/schema\/person\/c514c44eb5ae1cd2ea32d7f64ec9d495","name":"chris","image":{"@type":"ImageObject","inLanguage":"fr-FR","@id":"https:\/\/secure.gravatar.com\/avatar\/bfb50d1cba705ec7b06e8cc63542866addf3e2a90482863b15e0bf41565c439a?s=96&d=mm&r=g","url":"https:\/\/secure.gravatar.com\/avatar\/bfb50d1cba705ec7b06e8cc63542866addf3e2a90482863b15e0bf41565c439a?s=96&d=mm&r=g","contentUrl":"https:\/\/secure.gravatar.com\/avatar\/bfb50d1cba705ec7b06e8cc63542866addf3e2a90482863b15e0bf41565c439a?s=96&d=mm&r=g","caption":"chris"},"sameAs":["https:\/\/new.ks-cs.ch"]}]}},"publishpress_future_action":{"enabled":false,"date":"2026-05-04 16:15:25","action":"change-status","newStatus":"draft","terms":[],"taxonomy":"category","extraData":[]},"publishpress_future_workflow_manual_trigger":{"enabledWorkflows":[]},"_links":{"self":[{"href":"https:\/\/ks-cs.ch\/fr\/wp-json\/wp\/v2\/posts\/1066","targetHints":{"allow":["GET"]}}],"collection":[{"href":"https:\/\/ks-cs.ch\/fr\/wp-json\/wp\/v2\/posts"}],"about":[{"href":"https:\/\/ks-cs.ch\/fr\/wp-json\/wp\/v2\/types\/post"}],"author":[{"embeddable":true,"href":"https:\/\/ks-cs.ch\/fr\/wp-json\/wp\/v2\/users\/1"}],"replies":[{"embeddable":true,"href":"https:\/\/ks-cs.ch\/fr\/wp-json\/wp\/v2\/comments?post=1066"}],"version-history":[{"count":4,"href":"https:\/\/ks-cs.ch\/fr\/wp-json\/wp\/v2\/posts\/1066\/revisions"}],"predecessor-version":[{"id":2217,"href":"https:\/\/ks-cs.ch\/fr\/wp-json\/wp\/v2\/posts\/1066\/revisions\/2217"}],"wp:attachment":[{"href":"https:\/\/ks-cs.ch\/fr\/wp-json\/wp\/v2\/media?parent=1066"}],"wp:term":[{"taxonomy":"category","embeddable":true,"href":"https:\/\/ks-cs.ch\/fr\/wp-json\/wp\/v2\/categories?post=1066"},{"taxonomy":"post_tag","embeddable":true,"href":"https:\/\/ks-cs.ch\/fr\/wp-json\/wp\/v2\/tags?post=1066"}],"curies":[{"name":"wp","href":"https:\/\/api.w.org\/{rel}","templated":true}]}}