{"id":1050,"date":"2021-05-07T13:15:32","date_gmt":"2021-05-07T11:15:32","guid":{"rendered":"https:\/\/ks-cs.ch\/le-debut-dune-nouvelle-ere\/"},"modified":"2022-10-26T11:18:10","modified_gmt":"2022-10-26T09:18:10","slug":"le-debut-dune-nouvelle-ere","status":"publish","type":"post","link":"https:\/\/ks-cs.ch\/fr\/le-debut-dune-nouvelle-ere\/","title":{"rendered":"Le d\u00e9but d&rsquo;une nouvelle \u00e8re"},"content":{"rendered":"<p>Lors de leur assembl\u00e9e annuelle du 7 mai 2021, les membres de Communication Suisse ont approuv\u00e9 sans r\u00e9serve la nouvelle orientation de l&rsquo;association fa\u00eeti\u00e8re de la branche. Ils ont pos\u00e9 des jalons personnels pour la nouvelle \u00e8re avec l&rsquo;\u00e9lection d&rsquo;un nouveau comit\u00e9 directeur et d&rsquo;un nouveau pr\u00e9sident. J\u00fcrg Bachmann, pr\u00e9sident de l&rsquo;Association suisse des radios priv\u00e9es (ASRP), succ\u00e8de \u00e0 Filippo Lombardi. L&rsquo;ancien conseiller aux Etats, qui a dirig\u00e9 l&rsquo;association pendant dix ans, a \u00e9t\u00e9 nomm\u00e9 pr\u00e9sident d&rsquo;honneur lors de l&rsquo;assembl\u00e9e. \u00ab\u00a0Je suis tr\u00e8s heureux de cette confiance\u00a0\u00bb, a d\u00e9clar\u00e9 J\u00fcrg Bachmann apr\u00e8s son \u00e9lection. \u00ab\u00a0Ce qui est d\u00e9cisif pour moi, c&rsquo;est que la branche soutienne la nouvelle orientation focalis\u00e9e de KS\/CS ainsi que le nouveau comit\u00e9 directeur. Ce n&rsquo;est qu&rsquo;ensemble que nous pourrons am\u00e9liorer la r\u00e9putation de la publicit\u00e9 et susciter une meilleure compr\u00e9hension de la grande importance \u00e9conomique de l&rsquo;\u00e9conomie de la communication vis-\u00e0-vis de la politique, des m\u00e9dias et du public\u00a0\u00bb.<\/p>\n<p><strong>De nouvelles t\u00eates pour un travail cibl\u00e9<\/strong><br \/>\nAvec J\u00fcrg Bachmann, les personnalit\u00e9s suivantes du secteur de la communication et des m\u00e9dias font partie du nouveau comit\u00e9 directeur :<\/p>\n<ul>\n<li>Silvana Imperiali, vice-pr\u00e9sidente (Gamned Suisse, directrice g\u00e9n\u00e9rale adjointe)<\/li>\n<li>Vincent Antonioli (Debout sur la table, titulaire)<\/li>\n<li>Marco Battaglia (BMine Consulting, propri\u00e9taire)<\/li>\n<li>Maria Luisa Bernini (Swiss Communication Agency, propri\u00e9taire)<\/li>\n<li>Fran\u00e7ois Besen\u00e7on (SAWI Academy for Marketing and Communication, pr\u00e9sident du CA)<\/li>\n<li>Siri Fischer (IGEM Interessengemeinschaft elektronische Medien, directrice)<\/li>\n<li>Christine Gabella (Tamedia, membre de la direction)<\/li>\n<li>Michael H\u00e4hlen (en flagrant d\u00e9lit, CEO et partenaire \/ Ombudsman LSA)<\/li>\n<li>Roger Harlacher (Zweifel Pomy-Chips, membre du conseil d&rsquo;administration \/ pr\u00e9sident SWA)<\/li>\n<li>Pam H\u00fcgli (Serviceplan Suisse, Managing Director)<\/li>\n<li>Susanne Lebrument (groupe Somedia, d\u00e9l\u00e9gu\u00e9e du conseil d&rsquo;administration)<\/li>\n<li>Fabienne Leuenberger (Camille Bloch, responsable du marketing)<\/li>\n<li>Christian Merk (anciennement Zurich Insurance Group, responsable financier KS\/CS)<\/li>\n<\/ul>\n<p>\u00ab\u00a0En tant qu&rsquo;association fa\u00eeti\u00e8re, nous repr\u00e9sentons l&rsquo;ensemble du secteur de la communication. Cela doit \u00e9galement se refl\u00e9ter dans notre comit\u00e9\u00a0\u00bb, d\u00e9clare le nouveau pr\u00e9sident. \u00ab\u00a0La commission de s\u00e9lection a donc veill\u00e9 \u00e0 un bon m\u00e9lange en termes de genre, d&rsquo;\u00e2ge, de langue et de domaines sp\u00e9cialis\u00e9s\u00a0\u00bb. La mission du nouvel organe sera avant tout de renforcer la r\u00e9putation et l&rsquo;acceptation de la publicit\u00e9, de soutenir les parlementaires et les autorit\u00e9s dans leur travail et de participer de mani\u00e8re proactive \u00e0 l&rsquo;\u00e9laboration des lois qui concernent l&rsquo;\u00e9conomie de la communication. Pour ce faire, ils sont assist\u00e9s d&rsquo;une part par le Conseil de la communication en tant que Sounding Board. D&rsquo;autre part, le comit\u00e9 directeur mettra en place des groupes de travail et des commissions afin d&rsquo;approfondir certains blocs th\u00e9matiques.<\/p>\n<h3>Commissions permanentes et groupes de travail ad hoc<\/h3>\n<p>Gr\u00e2ce \u00e0 des commissions permanentes et \u00e0 des groupes de travail th\u00e9matiques, KS\/CS souhaite \u00e0 l&rsquo;avenir s&rsquo;impliquer suffisamment t\u00f4t dans les discussions politiques et se faire davantage entendre. Le comit\u00e9 de r\u00e9gulation, dirig\u00e9 par Me Marc Schwenninger, est d\u00e9j\u00e0 actif depuis l&rsquo;automne dernier. economiesuisse et la Commission Suisse pour la Loyaut\u00e9 y sont \u00e9galement repr\u00e9sent\u00e9es. \u00ab\u00a0Gr\u00e2ce \u00e0 un suivi des processus l\u00e9gislatifs, nous cr\u00e9ons, \u00e0 l&rsquo;attention du comit\u00e9, la base de d\u00e9cision pour un lobbying cibl\u00e9 et des mesures plus pouss\u00e9es\u00a0\u00bb, explique Schwenninger. KS\/CS collabore \u00e9galement au cas par cas avec des partenaires diff\u00e9rents dans les groupes de travail que l&rsquo;organisation fa\u00eeti\u00e8re met en place en fonction des besoins. Dans le groupe de travail \u00ab\u00a0tabac\u00a0\u00bb, qui lutte contre une interdiction totale dans la loi sur les produits du tabac (LPTab), il s&rsquo;agit par exemple de l&rsquo;Association suisse des annonceurs (ASA) et de l&rsquo;association fa\u00eeti\u00e8re de l&rsquo;industrie du tabac Swiss Cigarette. Une autre cons\u00e9quence du monitoring est le groupe de travail \u00ab\u00a0Viande\u00a0\u00bb, au sein duquel KS\/CS d\u00e9fend les int\u00e9r\u00eats de la branche et s&rsquo;oppose aux menaces d&rsquo;interdiction d\u00e8s une phase tr\u00e8s pr\u00e9coce du processus l\u00e9gislatif.<\/p>\n<h3>\u00ab\u00a0L&rsquo;association est \u00e0 nouveau sur des bases saines\u00a0\u00bb.<\/h3>\n<p>Le r\u00e9sultat annuel 2020 de KS\/CS Communication Suisse pr\u00e9sente une perte nette de seulement 8&rsquo;006 CHF, malgr\u00e9 des mesures de restructuration notables. La liquidation de l&rsquo;association SAWI a g\u00e9n\u00e9r\u00e9 un revenu unique de 81 900 CHF pour l&rsquo;association. En cons\u00e9quence, les fonds propres ont augment\u00e9 pour atteindre 203 650 CHF au 31 d\u00e9cembre 2020. En revanche, diverses d\u00e9penses suppl\u00e9mentaires non r\u00e9currentes ont \u00e9t\u00e9 enregistr\u00e9es en raison de l&rsquo;assainissement de la commission d&rsquo;examen, pour un montant de 22 617 CHF, du d\u00e9m\u00e9nagement du secr\u00e9tariat g\u00e9n\u00e9ral vers le nouveau site de l&rsquo;Ernastrasse \u00e0 Zurich et de la double occupation du secr\u00e9tariat g\u00e9n\u00e9ral jusqu&rsquo;\u00e0 fin mai 2020. \u00ab\u00a0Gr\u00e2ce aux mesures d&rsquo;assainissement et \u00e0 une grande discipline budg\u00e9taire, nous avons r\u00e9ussi \u00e0 redresser la barre financi\u00e8rement\u00a0\u00bb, explique le directeur financier Christian Merk. \u00ab\u00a0L&rsquo;association repose \u00e0 nouveau sur des bases saines et est par\u00e9e pour l&rsquo;avenir\u00a0\u00bb.<\/p>\n<p>C&rsquo;est la toute premi\u00e8re fois que la Communication Suisse publie ses r\u00e9sultats annuels sous la forme d&rsquo;un rapport de gestion incluant le bilan et le compte de r\u00e9sultats consolid\u00e9s. Le rapport annuel peut \u00eatre consult\u00e9 sur le site web de KS\/CS.<\/p>\n<p><strong>Pour toute demande de renseignements :<br \/>\n<\/strong><span style=\"font-weight: 400;\">KS\/CS Communication Suisse<br \/>\n<\/span><span style=\"font-weight: 400;\">J\u00fcrg Bachmann, <\/span><span style=\"font-weight: 400;\">Pr\u00e9sident<br \/>\n<\/span><a href=\"mailto:juerg.bachmann@privatradios.ch\"><span style=\"font-weight: 400;\">juerg.bachmann@privatradios.ch<\/span> <\/a><br \/>\n<a href=\"tel:+41796003262\"><span style=\"font-weight: 400;\">+41 79 600 32 62<\/span><\/a><\/p>\n<p><a href=\"https:\/\/ks-cs.ch\/de\/\"><br \/>\n  <span style=\"font-weight: 400;\">www.ks-cs.ch<\/span><br \/>\n  <span style=\"font-weight: 400;\"><\/p>\n<p>  <\/span><br \/>\n<\/a><a href=\"https:\/\/twitter.com\/ks_cs_ch\/\"><br \/>\n  <span style=\"font-weight: 400;\">Twitter<\/span><br \/>\n<\/a><\/p>\n<p>KS\/CS Kommunikation Schweiz est l&rsquo;association fa\u00eeti\u00e8re de la communication commerciale. Elle repr\u00e9sente les int\u00e9r\u00eats des annonceurs, des prestataires ou des entreprises de m\u00e9dias ainsi que des agences de publicit\u00e9 et repr\u00e9sente ainsi dans notre pays un secteur \u00e9conomique vital avec pr\u00e8s de 38 000 emplois \u00e0 temps plein. Au niveau politique, KS\/CS vise une l\u00e9gislation lib\u00e9rale. En tant que fondatrice et membre fondateur de la Commission suisse pour la loyaut\u00e9 ind\u00e9pendante, elle s&rsquo;engage pour que la publicit\u00e9 soit l\u00e9gale, v\u00e9ridique et non discriminatoire. En outre, KS\/CS s&rsquo;engage pour la formation et le perfectionnement de la branche et organise les examens professionnels f\u00e9d\u00e9raux correspondants sur mandat de la Conf\u00e9d\u00e9ration.<\/p>\n","protected":false},"excerpt":{"rendered":"<p>Zurich, le 7 mai 2021 &#8211; Lors de leur assembl\u00e9e annuelle de cette ann\u00e9e, les membres de KS\/CS Communication Suisse ont approuv\u00e9 la nouvelle orientation strat\u00e9gique et organisationnelle de l&rsquo;association fa\u00eeti\u00e8re. Lors de l&rsquo;\u00e9v\u00e9nement, virtuel en raison de la Corona, les repr\u00e9sentants des agences de publicit\u00e9, des annonceurs, des entreprises de m\u00e9dias et des associations sectorielles ainsi que les membres individuels ont \u00e9lu, outre les affaires statutaires, un nouveau comit\u00e9 et J\u00fcrg Bachmann \u00e0 sa pr\u00e9sidence.<\/p>\n","protected":false},"author":1,"featured_media":0,"comment_status":"closed","ping_status":"open","sticky":false,"template":"","format":"standard","meta":{"content-type":"","footnotes":""},"categories":[27],"tags":[],"class_list":["post-1050","post","type-post","status-publish","format-standard","hentry","category-communique-de-presse"],"yoast_head":"<!-- This site is optimized with the Yoast SEO plugin v27.4 - https:\/\/yoast.com\/product\/yoast-seo-wordpress\/ -->\n<title>Le d\u00e9but d&#039;une nouvelle \u00e8re - KS\/CS Communication Suisse<\/title>\n<meta name=\"robots\" content=\"index, follow, max-snippet:-1, max-image-preview:large, max-video-preview:-1\" \/>\n<link rel=\"canonical\" href=\"https:\/\/ks-cs.ch\/fr\/le-debut-dune-nouvelle-ere\/\" \/>\n<meta property=\"og:locale\" content=\"fr_FR\" \/>\n<meta property=\"og:type\" content=\"article\" \/>\n<meta property=\"og:title\" content=\"Le d\u00e9but d&#039;une nouvelle \u00e8re - KS\/CS Communication Suisse\" \/>\n<meta property=\"og:description\" content=\"Zurich, le 7 mai 2021 - Lors de leur assembl\u00e9e annuelle de cette ann\u00e9e, les membres de KS\/CS Communication Suisse ont approuv\u00e9 la nouvelle orientation strat\u00e9gique et organisationnelle de l&#039;association fa\u00eeti\u00e8re. Lors de l&#039;\u00e9v\u00e9nement, virtuel en raison de la Corona, les repr\u00e9sentants des agences de publicit\u00e9, des annonceurs, des entreprises de m\u00e9dias et des associations sectorielles ainsi que les membres individuels ont \u00e9lu, outre les affaires statutaires, un nouveau comit\u00e9 et J\u00fcrg Bachmann \u00e0 sa pr\u00e9sidence.\" \/>\n<meta property=\"og:url\" content=\"https:\/\/ks-cs.ch\/fr\/le-debut-dune-nouvelle-ere\/\" \/>\n<meta property=\"og:site_name\" content=\"KS\/CS Communication Suisse\" \/>\n<meta property=\"article:published_time\" content=\"2021-05-07T11:15:32+00:00\" \/>\n<meta property=\"article:modified_time\" content=\"2022-10-26T09:18:10+00:00\" \/>\n<meta property=\"og:image\" content=\"https:\/\/ks-cs.ch\/wp-content\/uploads\/2022\/11\/Logo.jpeg\" \/>\n\t<meta property=\"og:image:width\" content=\"1200\" \/>\n\t<meta property=\"og:image:height\" content=\"920\" \/>\n\t<meta property=\"og:image:type\" content=\"image\/jpeg\" \/>\n<meta name=\"author\" content=\"chris\" \/>\n<meta name=\"twitter:card\" content=\"summary_large_image\" \/>\n<meta name=\"twitter:label1\" content=\"\u00c9crit par\" \/>\n\t<meta name=\"twitter:data1\" content=\"chris\" \/>\n\t<meta name=\"twitter:label2\" content=\"Dur\u00e9e de lecture estim\u00e9e\" \/>\n\t<meta name=\"twitter:data2\" content=\"5 minutes\" \/>\n<script type=\"application\/ld+json\" class=\"yoast-schema-graph\">{\"@context\":\"https:\\\/\\\/schema.org\",\"@graph\":[{\"@type\":\"Article\",\"@id\":\"https:\\\/\\\/ks-cs.ch\\\/fr\\\/le-debut-dune-nouvelle-ere\\\/#article\",\"isPartOf\":{\"@id\":\"https:\\\/\\\/ks-cs.ch\\\/fr\\\/le-debut-dune-nouvelle-ere\\\/\"},\"author\":{\"name\":\"chris\",\"@id\":\"https:\\\/\\\/ks-cs.ch\\\/fr\\\/#\\\/schema\\\/person\\\/c514c44eb5ae1cd2ea32d7f64ec9d495\"},\"headline\":\"Le d\u00e9but d&rsquo;une nouvelle \u00e8re\",\"datePublished\":\"2021-05-07T11:15:32+00:00\",\"dateModified\":\"2022-10-26T09:18:10+00:00\",\"mainEntityOfPage\":{\"@id\":\"https:\\\/\\\/ks-cs.ch\\\/fr\\\/le-debut-dune-nouvelle-ere\\\/\"},\"wordCount\":1040,\"publisher\":{\"@id\":\"https:\\\/\\\/ks-cs.ch\\\/fr\\\/#organization\"},\"articleSection\":[\"Communiqu\u00e9 de presse\"],\"inLanguage\":\"fr-FR\"},{\"@type\":\"WebPage\",\"@id\":\"https:\\\/\\\/ks-cs.ch\\\/fr\\\/le-debut-dune-nouvelle-ere\\\/\",\"url\":\"https:\\\/\\\/ks-cs.ch\\\/fr\\\/le-debut-dune-nouvelle-ere\\\/\",\"name\":\"Le d\u00e9but d'une nouvelle \u00e8re - KS\\\/CS Communication Suisse\",\"isPartOf\":{\"@id\":\"https:\\\/\\\/ks-cs.ch\\\/fr\\\/#website\"},\"datePublished\":\"2021-05-07T11:15:32+00:00\",\"dateModified\":\"2022-10-26T09:18:10+00:00\",\"breadcrumb\":{\"@id\":\"https:\\\/\\\/ks-cs.ch\\\/fr\\\/le-debut-dune-nouvelle-ere\\\/#breadcrumb\"},\"inLanguage\":\"fr-FR\",\"potentialAction\":[{\"@type\":\"ReadAction\",\"target\":[\"https:\\\/\\\/ks-cs.ch\\\/fr\\\/le-debut-dune-nouvelle-ere\\\/\"]}]},{\"@type\":\"BreadcrumbList\",\"@id\":\"https:\\\/\\\/ks-cs.ch\\\/fr\\\/le-debut-dune-nouvelle-ere\\\/#breadcrumb\",\"itemListElement\":[{\"@type\":\"ListItem\",\"position\":1,\"name\":\"Home\",\"item\":\"https:\\\/\\\/ks-cs.ch\\\/fr\\\/\"},{\"@type\":\"ListItem\",\"position\":2,\"name\":\"Le d\u00e9but d&rsquo;une nouvelle \u00e8re\"}]},{\"@type\":\"WebSite\",\"@id\":\"https:\\\/\\\/ks-cs.ch\\\/fr\\\/#website\",\"url\":\"https:\\\/\\\/ks-cs.ch\\\/fr\\\/\",\"name\":\"KS\\\/CS Kommunikation Schweiz\",\"description\":\"Association des communications commerciales\",\"publisher\":{\"@id\":\"https:\\\/\\\/ks-cs.ch\\\/fr\\\/#organization\"},\"potentialAction\":[{\"@type\":\"SearchAction\",\"target\":{\"@type\":\"EntryPoint\",\"urlTemplate\":\"https:\\\/\\\/ks-cs.ch\\\/fr\\\/?s={search_term_string}\"},\"query-input\":{\"@type\":\"PropertyValueSpecification\",\"valueRequired\":true,\"valueName\":\"search_term_string\"}}],\"inLanguage\":\"fr-FR\"},{\"@type\":\"Organization\",\"@id\":\"https:\\\/\\\/ks-cs.ch\\\/fr\\\/#organization\",\"name\":\"KS\\\/CS Kommunikation Schweiz\",\"url\":\"https:\\\/\\\/ks-cs.ch\\\/fr\\\/\",\"logo\":{\"@type\":\"ImageObject\",\"inLanguage\":\"fr-FR\",\"@id\":\"https:\\\/\\\/ks-cs.ch\\\/fr\\\/#\\\/schema\\\/logo\\\/image\\\/\",\"url\":\"https:\\\/\\\/ks-cs.ch\\\/wp-content\\\/uploads\\\/2022\\\/12\\\/Logo-Social-Media-1.jpg\",\"contentUrl\":\"https:\\\/\\\/ks-cs.ch\\\/wp-content\\\/uploads\\\/2022\\\/12\\\/Logo-Social-Media-1.jpg\",\"width\":709,\"height\":608,\"caption\":\"KS\\\/CS Kommunikation Schweiz\"},\"image\":{\"@id\":\"https:\\\/\\\/ks-cs.ch\\\/fr\\\/#\\\/schema\\\/logo\\\/image\\\/\"},\"sameAs\":[\"https:\\\/\\\/www.linkedin.com\\\/company\\\/kommunikation-schweiz-communication-suisse-comunicazione-svizzera-communication-switzerland\\\/\"]},{\"@type\":\"Person\",\"@id\":\"https:\\\/\\\/ks-cs.ch\\\/fr\\\/#\\\/schema\\\/person\\\/c514c44eb5ae1cd2ea32d7f64ec9d495\",\"name\":\"chris\",\"image\":{\"@type\":\"ImageObject\",\"inLanguage\":\"fr-FR\",\"@id\":\"https:\\\/\\\/secure.gravatar.com\\\/avatar\\\/bfb50d1cba705ec7b06e8cc63542866addf3e2a90482863b15e0bf41565c439a?s=96&d=mm&r=g\",\"url\":\"https:\\\/\\\/secure.gravatar.com\\\/avatar\\\/bfb50d1cba705ec7b06e8cc63542866addf3e2a90482863b15e0bf41565c439a?s=96&d=mm&r=g\",\"contentUrl\":\"https:\\\/\\\/secure.gravatar.com\\\/avatar\\\/bfb50d1cba705ec7b06e8cc63542866addf3e2a90482863b15e0bf41565c439a?s=96&d=mm&r=g\",\"caption\":\"chris\"},\"sameAs\":[\"https:\\\/\\\/new.ks-cs.ch\"]}]}<\/script>\n<!-- \/ Yoast SEO plugin. -->","yoast_head_json":{"title":"Le d\u00e9but d'une nouvelle \u00e8re - KS\/CS Communication Suisse","robots":{"index":"index","follow":"follow","max-snippet":"max-snippet:-1","max-image-preview":"max-image-preview:large","max-video-preview":"max-video-preview:-1"},"canonical":"https:\/\/ks-cs.ch\/fr\/le-debut-dune-nouvelle-ere\/","og_locale":"fr_FR","og_type":"article","og_title":"Le d\u00e9but d'une nouvelle \u00e8re - KS\/CS Communication Suisse","og_description":"Zurich, le 7 mai 2021 - Lors de leur assembl\u00e9e annuelle de cette ann\u00e9e, les membres de KS\/CS Communication Suisse ont approuv\u00e9 la nouvelle orientation strat\u00e9gique et organisationnelle de l'association fa\u00eeti\u00e8re. Lors de l'\u00e9v\u00e9nement, virtuel en raison de la Corona, les repr\u00e9sentants des agences de publicit\u00e9, des annonceurs, des entreprises de m\u00e9dias et des associations sectorielles ainsi que les membres individuels ont \u00e9lu, outre les affaires statutaires, un nouveau comit\u00e9 et J\u00fcrg Bachmann \u00e0 sa pr\u00e9sidence.","og_url":"https:\/\/ks-cs.ch\/fr\/le-debut-dune-nouvelle-ere\/","og_site_name":"KS\/CS Communication Suisse","article_published_time":"2021-05-07T11:15:32+00:00","article_modified_time":"2022-10-26T09:18:10+00:00","og_image":[{"width":1200,"height":920,"url":"https:\/\/ks-cs.ch\/wp-content\/uploads\/2022\/11\/Logo.jpeg","type":"image\/jpeg"}],"author":"chris","twitter_card":"summary_large_image","twitter_misc":{"\u00c9crit par":"chris","Dur\u00e9e de lecture estim\u00e9e":"5 minutes"},"schema":{"@context":"https:\/\/schema.org","@graph":[{"@type":"Article","@id":"https:\/\/ks-cs.ch\/fr\/le-debut-dune-nouvelle-ere\/#article","isPartOf":{"@id":"https:\/\/ks-cs.ch\/fr\/le-debut-dune-nouvelle-ere\/"},"author":{"name":"chris","@id":"https:\/\/ks-cs.ch\/fr\/#\/schema\/person\/c514c44eb5ae1cd2ea32d7f64ec9d495"},"headline":"Le d\u00e9but d&rsquo;une nouvelle \u00e8re","datePublished":"2021-05-07T11:15:32+00:00","dateModified":"2022-10-26T09:18:10+00:00","mainEntityOfPage":{"@id":"https:\/\/ks-cs.ch\/fr\/le-debut-dune-nouvelle-ere\/"},"wordCount":1040,"publisher":{"@id":"https:\/\/ks-cs.ch\/fr\/#organization"},"articleSection":["Communiqu\u00e9 de presse"],"inLanguage":"fr-FR"},{"@type":"WebPage","@id":"https:\/\/ks-cs.ch\/fr\/le-debut-dune-nouvelle-ere\/","url":"https:\/\/ks-cs.ch\/fr\/le-debut-dune-nouvelle-ere\/","name":"Le d\u00e9but d'une nouvelle \u00e8re - KS\/CS Communication Suisse","isPartOf":{"@id":"https:\/\/ks-cs.ch\/fr\/#website"},"datePublished":"2021-05-07T11:15:32+00:00","dateModified":"2022-10-26T09:18:10+00:00","breadcrumb":{"@id":"https:\/\/ks-cs.ch\/fr\/le-debut-dune-nouvelle-ere\/#breadcrumb"},"inLanguage":"fr-FR","potentialAction":[{"@type":"ReadAction","target":["https:\/\/ks-cs.ch\/fr\/le-debut-dune-nouvelle-ere\/"]}]},{"@type":"BreadcrumbList","@id":"https:\/\/ks-cs.ch\/fr\/le-debut-dune-nouvelle-ere\/#breadcrumb","itemListElement":[{"@type":"ListItem","position":1,"name":"Home","item":"https:\/\/ks-cs.ch\/fr\/"},{"@type":"ListItem","position":2,"name":"Le d\u00e9but d&rsquo;une nouvelle \u00e8re"}]},{"@type":"WebSite","@id":"https:\/\/ks-cs.ch\/fr\/#website","url":"https:\/\/ks-cs.ch\/fr\/","name":"KS\/CS Kommunikation Schweiz","description":"Association des communications commerciales","publisher":{"@id":"https:\/\/ks-cs.ch\/fr\/#organization"},"potentialAction":[{"@type":"SearchAction","target":{"@type":"EntryPoint","urlTemplate":"https:\/\/ks-cs.ch\/fr\/?s={search_term_string}"},"query-input":{"@type":"PropertyValueSpecification","valueRequired":true,"valueName":"search_term_string"}}],"inLanguage":"fr-FR"},{"@type":"Organization","@id":"https:\/\/ks-cs.ch\/fr\/#organization","name":"KS\/CS Kommunikation Schweiz","url":"https:\/\/ks-cs.ch\/fr\/","logo":{"@type":"ImageObject","inLanguage":"fr-FR","@id":"https:\/\/ks-cs.ch\/fr\/#\/schema\/logo\/image\/","url":"https:\/\/ks-cs.ch\/wp-content\/uploads\/2022\/12\/Logo-Social-Media-1.jpg","contentUrl":"https:\/\/ks-cs.ch\/wp-content\/uploads\/2022\/12\/Logo-Social-Media-1.jpg","width":709,"height":608,"caption":"KS\/CS Kommunikation Schweiz"},"image":{"@id":"https:\/\/ks-cs.ch\/fr\/#\/schema\/logo\/image\/"},"sameAs":["https:\/\/www.linkedin.com\/company\/kommunikation-schweiz-communication-suisse-comunicazione-svizzera-communication-switzerland\/"]},{"@type":"Person","@id":"https:\/\/ks-cs.ch\/fr\/#\/schema\/person\/c514c44eb5ae1cd2ea32d7f64ec9d495","name":"chris","image":{"@type":"ImageObject","inLanguage":"fr-FR","@id":"https:\/\/secure.gravatar.com\/avatar\/bfb50d1cba705ec7b06e8cc63542866addf3e2a90482863b15e0bf41565c439a?s=96&d=mm&r=g","url":"https:\/\/secure.gravatar.com\/avatar\/bfb50d1cba705ec7b06e8cc63542866addf3e2a90482863b15e0bf41565c439a?s=96&d=mm&r=g","contentUrl":"https:\/\/secure.gravatar.com\/avatar\/bfb50d1cba705ec7b06e8cc63542866addf3e2a90482863b15e0bf41565c439a?s=96&d=mm&r=g","caption":"chris"},"sameAs":["https:\/\/new.ks-cs.ch"]}]}},"publishpress_future_action":{"enabled":false,"date":"2026-05-04 16:15:25","action":"change-status","newStatus":"draft","terms":[],"taxonomy":"category","extraData":[]},"publishpress_future_workflow_manual_trigger":{"enabledWorkflows":[]},"_links":{"self":[{"href":"https:\/\/ks-cs.ch\/fr\/wp-json\/wp\/v2\/posts\/1050","targetHints":{"allow":["GET"]}}],"collection":[{"href":"https:\/\/ks-cs.ch\/fr\/wp-json\/wp\/v2\/posts"}],"about":[{"href":"https:\/\/ks-cs.ch\/fr\/wp-json\/wp\/v2\/types\/post"}],"author":[{"embeddable":true,"href":"https:\/\/ks-cs.ch\/fr\/wp-json\/wp\/v2\/users\/1"}],"replies":[{"embeddable":true,"href":"https:\/\/ks-cs.ch\/fr\/wp-json\/wp\/v2\/comments?post=1050"}],"version-history":[{"count":2,"href":"https:\/\/ks-cs.ch\/fr\/wp-json\/wp\/v2\/posts\/1050\/revisions"}],"predecessor-version":[{"id":2222,"href":"https:\/\/ks-cs.ch\/fr\/wp-json\/wp\/v2\/posts\/1050\/revisions\/2222"}],"wp:attachment":[{"href":"https:\/\/ks-cs.ch\/fr\/wp-json\/wp\/v2\/media?parent=1050"}],"wp:term":[{"taxonomy":"category","embeddable":true,"href":"https:\/\/ks-cs.ch\/fr\/wp-json\/wp\/v2\/categories?post=1050"},{"taxonomy":"post_tag","embeddable":true,"href":"https:\/\/ks-cs.ch\/fr\/wp-json\/wp\/v2\/tags?post=1050"}],"curies":[{"name":"wp","href":"https:\/\/api.w.org\/{rel}","templated":true}]}}