{"id":1045,"date":"2022-05-12T08:40:56","date_gmt":"2022-05-12T06:40:56","guid":{"rendered":"https:\/\/ks-cs.ch\/la-liberte-de-la-publicite-ne-va-pas-de-soi\/"},"modified":"2022-10-26T11:01:38","modified_gmt":"2022-10-26T09:01:38","slug":"la-liberte-de-communiquer-ne-va-pas-de-soi","status":"publish","type":"post","link":"https:\/\/ks-cs.ch\/fr\/la-liberte-de-communiquer-ne-va-pas-de-soi\/","title":{"rendered":"\u00ab\u00a0La libert\u00e9 de communiquer ne va pas de soi !\u00a0\u00bb"},"content":{"rendered":"<p>Communication Suisse s&rsquo;engage en faveur d&rsquo;une r\u00e9glementation \u00e9quilibr\u00e9e pour une communication libre, responsable et durable, avec un minimum d&rsquo;interdictions.\u2028Dans son expos\u00e9, J\u00fcrg Bachmann, Pr\u00e9sident de KS\/CS, a pr\u00e9sent\u00e9 l&rsquo;organisation de l&rsquo;association qui doit servir cet objectif. Dans le cadre d&rsquo;un suivi permanent des affaires parlementaires, le \u201cRegulation Committee\u201d, au sein duquel les membres mais les associations de la branche sont repr\u00e9sent\u00e9s, se penche \u00e9galement sur les t\u00e2ches n\u00e9cessaires pour atteindre les objectifs de l&rsquo;association.<\/p>\n<p>L&rsquo;ann\u00e9e derni\u00e8re, la cr\u00e9ation du groupe parlementaire \u00ab\u00a0March\u00e9 et publicit\u00e9\u00a0\u00bb, au sein duquel les membres s&rsquo;engagent pour la libert\u00e9 de la publicit\u00e9 avec le moins de restrictions possible, a constitu\u00e9 une \u00e9tape importante. En collaboration avec KS\/CS, tous aspirent \u00e0 une r\u00e9glementation \u00e9quilibr\u00e9e de la publicit\u00e9, car la libert\u00e9 de communiquer fait et doit imp\u00e9rativement faire partie de la d\u00e9mocratie et d&rsquo;une \u00e9conomie nationale qui fonctionne.<\/p>\n<h3>Engagement du groupe parlementaire \u00ab\u00a0March\u00e9 et publicit\u00e9\u00a0\u00bb.<\/h3>\n<p>Dans un discours engag\u00e9 et captivant, Gregor Rutz, conseiller national et Pr\u00e9sident du groupe parlementaire \u00ab\u00a0March\u00e9 et publicit\u00e9\u00a0\u00bb de KS\/CS, a pr\u00e9sent\u00e9 les d\u00e9fis politiques de la branche publicitaire.\u2028Une fois de plus, il est apparu clairement que l&rsquo;engagement politique de KS\/CS est indispensable pour chaque acteur du march\u00e9.<\/p>\n<h3>Les derniers chiffres de la Fondation Statistique Suisse en Publicit\u00e9 montrent une reprise<\/h3>\n<p>Apr\u00e8s les importants revers subis lors de la premi\u00e8re ann\u00e9e de pand\u00e9mie, la publicit\u00e9 s&rsquo;est redress\u00e9e et toutes les cat\u00e9gories de m\u00e9dia ont \u00e0 nouveau enregistr\u00e9 une belle croissance. Cela s&rsquo;est traduit par une hausse globale de 5,4% par rapport \u00e0 l&rsquo;ann\u00e9e pr\u00e9c\u00e9dente. Cette figure ne comprend pas les chiffres d&rsquo;affaires publicitaires num\u00e9riques des GAFA, qui devraient \u00e9galement avoir profit\u00e9 d\u2019une tendance \u00e0 la reprise. Selon les statistiques publi\u00e9es, c&rsquo;est dans la publicit\u00e9 directe que l&rsquo;investissement est le plus important, avec 814 millions de francs. Si les chiffres des GAFA \u00e9taient ajout\u00e9s aux 626 millions de francs de chiffre d&rsquo;affaires en ligne, le digital serait alors clairement le num\u00e9ro un.<\/p>\n<h3>Prise de connaissance du rapport annuel et approbation des comptes annuels<\/h3>\n<p>Dans la partie statutaire, les 26 membres pr\u00e9sents de KS\/CS ont pris connaissance du rapport annuel 2021 et du rapport de r\u00e9vision. Ils ont \u00e9galement approuv\u00e9 les comptes annuels. La soci\u00e9t\u00e9 BDO (Bienne) a \u00e9t\u00e9 reconduite pour une ann\u00e9e comme organe de r\u00e9vision. Aucune autre \u00e9lection n&rsquo;\u00e9tait pr\u00e9vue.<\/p>\n<p><strong>Plus d\u2019informations:<\/strong><br \/>\nVera Baldo-Tschan<br \/>\nResponsable Content Management<br \/>\n<a href=\"mailto:Baldo-tschan@ks-cs.ch\">Baldo-tschan@ks-cs.ch<\/a><br \/>\n<a href=\"tel:+41795866636\">+41 79 586 66 36<\/a><\/p>\n","protected":false},"excerpt":{"rendered":"<p>Berne, le 12 mai 2022. \u2028KS\/CS Communication Suisse, l&rsquo;association fa\u00eeti\u00e8re de la communication en Suisse a tenu, ce jour, sa 97e Assembl\u00e9e G\u00e9n\u00e9rale, \u00e0 Berne. Apr\u00e8s un \u00e9tat des lieux dress\u00e9 par le Pr\u00e9sident J\u00fcrg Bachmann, les membres ont approuv\u00e9 les diff\u00e9rents points statutaires mis l\u2019ordre du jour. Le Pr\u00e9sident du groupe parlementaire \u00ab\u00a0March\u00e9 et publicit\u00e9\u00a0\u00bb a \u00e9galement fait un expos\u00e9 sur le th\u00e8me \u00ab\u00a0La libert\u00e9 publicitaire ne va pas de soi\u00a0\u00bb, alors Roland Ehrler, directeur de l\u2019ASA, a pr\u00e9sent\u00e9 la derni\u00e8re statistique publicitaire.<\/p>\n","protected":false},"author":1,"featured_media":0,"comment_status":"closed","ping_status":"open","sticky":false,"template":"","format":"standard","meta":{"content-type":"","footnotes":""},"categories":[27],"tags":[],"class_list":["post-1045","post","type-post","status-publish","format-standard","hentry","category-communique-de-presse"],"yoast_head":"<!-- This site is optimized with the Yoast SEO plugin v27.4 - https:\/\/yoast.com\/product\/yoast-seo-wordpress\/ -->\n<title>&quot;La libert\u00e9 de communiquer ne va pas de soi !&quot; - KS\/CS Communication Suisse<\/title>\n<meta name=\"robots\" content=\"index, follow, max-snippet:-1, max-image-preview:large, max-video-preview:-1\" \/>\n<link rel=\"canonical\" href=\"https:\/\/ks-cs.ch\/fr\/la-liberte-de-communiquer-ne-va-pas-de-soi\/\" \/>\n<meta property=\"og:locale\" content=\"fr_FR\" \/>\n<meta property=\"og:type\" content=\"article\" \/>\n<meta property=\"og:title\" content=\"&quot;La libert\u00e9 de communiquer ne va pas de soi !&quot; - KS\/CS Communication Suisse\" \/>\n<meta property=\"og:description\" content=\"Berne, le 12 mai 2022. \u2028KS\/CS Communication Suisse, l&#039;association fa\u00eeti\u00e8re de la communication en Suisse a tenu, ce jour, sa 97e Assembl\u00e9e G\u00e9n\u00e9rale, \u00e0 Berne. Apr\u00e8s un \u00e9tat des lieux dress\u00e9 par le Pr\u00e9sident J\u00fcrg Bachmann, les membres ont approuv\u00e9 les diff\u00e9rents points statutaires mis l\u2019ordre du jour. Le Pr\u00e9sident du groupe parlementaire &quot;March\u00e9 et publicit\u00e9&quot; a \u00e9galement fait un expos\u00e9 sur le th\u00e8me &quot;La libert\u00e9 publicitaire ne va pas de soi&quot;, alors Roland Ehrler, directeur de l\u2019ASA, a pr\u00e9sent\u00e9 la derni\u00e8re statistique publicitaire.\" \/>\n<meta property=\"og:url\" content=\"https:\/\/ks-cs.ch\/fr\/la-liberte-de-communiquer-ne-va-pas-de-soi\/\" \/>\n<meta property=\"og:site_name\" content=\"KS\/CS Communication Suisse\" \/>\n<meta property=\"article:published_time\" content=\"2022-05-12T06:40:56+00:00\" \/>\n<meta property=\"article:modified_time\" content=\"2022-10-26T09:01:38+00:00\" \/>\n<meta property=\"og:image\" content=\"https:\/\/ks-cs.ch\/wp-content\/uploads\/2022\/11\/Logo.jpeg\" \/>\n\t<meta property=\"og:image:width\" content=\"1200\" \/>\n\t<meta property=\"og:image:height\" content=\"920\" \/>\n\t<meta property=\"og:image:type\" content=\"image\/jpeg\" \/>\n<meta name=\"author\" content=\"chris\" \/>\n<meta name=\"twitter:card\" content=\"summary_large_image\" \/>\n<meta name=\"twitter:label1\" content=\"\u00c9crit par\" \/>\n\t<meta name=\"twitter:data1\" content=\"chris\" \/>\n\t<meta name=\"twitter:label2\" content=\"Dur\u00e9e de lecture estim\u00e9e\" \/>\n\t<meta name=\"twitter:data2\" content=\"2 minutes\" \/>\n<script type=\"application\/ld+json\" class=\"yoast-schema-graph\">{\"@context\":\"https:\\\/\\\/schema.org\",\"@graph\":[{\"@type\":\"Article\",\"@id\":\"https:\\\/\\\/ks-cs.ch\\\/fr\\\/la-liberte-de-communiquer-ne-va-pas-de-soi\\\/#article\",\"isPartOf\":{\"@id\":\"https:\\\/\\\/ks-cs.ch\\\/fr\\\/la-liberte-de-communiquer-ne-va-pas-de-soi\\\/\"},\"author\":{\"name\":\"chris\",\"@id\":\"https:\\\/\\\/ks-cs.ch\\\/fr\\\/#\\\/schema\\\/person\\\/c514c44eb5ae1cd2ea32d7f64ec9d495\"},\"headline\":\"\u00ab\u00a0La libert\u00e9 de communiquer ne va pas de soi !\u00a0\u00bb\",\"datePublished\":\"2022-05-12T06:40:56+00:00\",\"dateModified\":\"2022-10-26T09:01:38+00:00\",\"mainEntityOfPage\":{\"@id\":\"https:\\\/\\\/ks-cs.ch\\\/fr\\\/la-liberte-de-communiquer-ne-va-pas-de-soi\\\/\"},\"wordCount\":436,\"publisher\":{\"@id\":\"https:\\\/\\\/ks-cs.ch\\\/fr\\\/#organization\"},\"articleSection\":[\"Communiqu\u00e9 de presse\"],\"inLanguage\":\"fr-FR\"},{\"@type\":\"WebPage\",\"@id\":\"https:\\\/\\\/ks-cs.ch\\\/fr\\\/la-liberte-de-communiquer-ne-va-pas-de-soi\\\/\",\"url\":\"https:\\\/\\\/ks-cs.ch\\\/fr\\\/la-liberte-de-communiquer-ne-va-pas-de-soi\\\/\",\"name\":\"\\\"La libert\u00e9 de communiquer ne va pas de soi !\\\" - KS\\\/CS Communication Suisse\",\"isPartOf\":{\"@id\":\"https:\\\/\\\/ks-cs.ch\\\/fr\\\/#website\"},\"datePublished\":\"2022-05-12T06:40:56+00:00\",\"dateModified\":\"2022-10-26T09:01:38+00:00\",\"breadcrumb\":{\"@id\":\"https:\\\/\\\/ks-cs.ch\\\/fr\\\/la-liberte-de-communiquer-ne-va-pas-de-soi\\\/#breadcrumb\"},\"inLanguage\":\"fr-FR\",\"potentialAction\":[{\"@type\":\"ReadAction\",\"target\":[\"https:\\\/\\\/ks-cs.ch\\\/fr\\\/la-liberte-de-communiquer-ne-va-pas-de-soi\\\/\"]}]},{\"@type\":\"BreadcrumbList\",\"@id\":\"https:\\\/\\\/ks-cs.ch\\\/fr\\\/la-liberte-de-communiquer-ne-va-pas-de-soi\\\/#breadcrumb\",\"itemListElement\":[{\"@type\":\"ListItem\",\"position\":1,\"name\":\"Home\",\"item\":\"https:\\\/\\\/ks-cs.ch\\\/fr\\\/\"},{\"@type\":\"ListItem\",\"position\":2,\"name\":\"\u00ab\u00a0La libert\u00e9 de communiquer ne va pas de soi !\u00a0\u00bb\"}]},{\"@type\":\"WebSite\",\"@id\":\"https:\\\/\\\/ks-cs.ch\\\/fr\\\/#website\",\"url\":\"https:\\\/\\\/ks-cs.ch\\\/fr\\\/\",\"name\":\"KS\\\/CS Kommunikation Schweiz\",\"description\":\"Association des communications commerciales\",\"publisher\":{\"@id\":\"https:\\\/\\\/ks-cs.ch\\\/fr\\\/#organization\"},\"potentialAction\":[{\"@type\":\"SearchAction\",\"target\":{\"@type\":\"EntryPoint\",\"urlTemplate\":\"https:\\\/\\\/ks-cs.ch\\\/fr\\\/?s={search_term_string}\"},\"query-input\":{\"@type\":\"PropertyValueSpecification\",\"valueRequired\":true,\"valueName\":\"search_term_string\"}}],\"inLanguage\":\"fr-FR\"},{\"@type\":\"Organization\",\"@id\":\"https:\\\/\\\/ks-cs.ch\\\/fr\\\/#organization\",\"name\":\"KS\\\/CS Kommunikation Schweiz\",\"url\":\"https:\\\/\\\/ks-cs.ch\\\/fr\\\/\",\"logo\":{\"@type\":\"ImageObject\",\"inLanguage\":\"fr-FR\",\"@id\":\"https:\\\/\\\/ks-cs.ch\\\/fr\\\/#\\\/schema\\\/logo\\\/image\\\/\",\"url\":\"https:\\\/\\\/ks-cs.ch\\\/wp-content\\\/uploads\\\/2022\\\/12\\\/Logo-Social-Media-1.jpg\",\"contentUrl\":\"https:\\\/\\\/ks-cs.ch\\\/wp-content\\\/uploads\\\/2022\\\/12\\\/Logo-Social-Media-1.jpg\",\"width\":709,\"height\":608,\"caption\":\"KS\\\/CS Kommunikation Schweiz\"},\"image\":{\"@id\":\"https:\\\/\\\/ks-cs.ch\\\/fr\\\/#\\\/schema\\\/logo\\\/image\\\/\"},\"sameAs\":[\"https:\\\/\\\/www.linkedin.com\\\/company\\\/kommunikation-schweiz-communication-suisse-comunicazione-svizzera-communication-switzerland\\\/\"]},{\"@type\":\"Person\",\"@id\":\"https:\\\/\\\/ks-cs.ch\\\/fr\\\/#\\\/schema\\\/person\\\/c514c44eb5ae1cd2ea32d7f64ec9d495\",\"name\":\"chris\",\"image\":{\"@type\":\"ImageObject\",\"inLanguage\":\"fr-FR\",\"@id\":\"https:\\\/\\\/secure.gravatar.com\\\/avatar\\\/bfb50d1cba705ec7b06e8cc63542866addf3e2a90482863b15e0bf41565c439a?s=96&d=mm&r=g\",\"url\":\"https:\\\/\\\/secure.gravatar.com\\\/avatar\\\/bfb50d1cba705ec7b06e8cc63542866addf3e2a90482863b15e0bf41565c439a?s=96&d=mm&r=g\",\"contentUrl\":\"https:\\\/\\\/secure.gravatar.com\\\/avatar\\\/bfb50d1cba705ec7b06e8cc63542866addf3e2a90482863b15e0bf41565c439a?s=96&d=mm&r=g\",\"caption\":\"chris\"},\"sameAs\":[\"https:\\\/\\\/new.ks-cs.ch\"]}]}<\/script>\n<!-- \/ Yoast SEO plugin. -->","yoast_head_json":{"title":"\"La libert\u00e9 de communiquer ne va pas de soi !\" - KS\/CS Communication Suisse","robots":{"index":"index","follow":"follow","max-snippet":"max-snippet:-1","max-image-preview":"max-image-preview:large","max-video-preview":"max-video-preview:-1"},"canonical":"https:\/\/ks-cs.ch\/fr\/la-liberte-de-communiquer-ne-va-pas-de-soi\/","og_locale":"fr_FR","og_type":"article","og_title":"\"La libert\u00e9 de communiquer ne va pas de soi !\" - KS\/CS Communication Suisse","og_description":"Berne, le 12 mai 2022. \u2028KS\/CS Communication Suisse, l'association fa\u00eeti\u00e8re de la communication en Suisse a tenu, ce jour, sa 97e Assembl\u00e9e G\u00e9n\u00e9rale, \u00e0 Berne. Apr\u00e8s un \u00e9tat des lieux dress\u00e9 par le Pr\u00e9sident J\u00fcrg Bachmann, les membres ont approuv\u00e9 les diff\u00e9rents points statutaires mis l\u2019ordre du jour. Le Pr\u00e9sident du groupe parlementaire \"March\u00e9 et publicit\u00e9\" a \u00e9galement fait un expos\u00e9 sur le th\u00e8me \"La libert\u00e9 publicitaire ne va pas de soi\", alors Roland Ehrler, directeur de l\u2019ASA, a pr\u00e9sent\u00e9 la derni\u00e8re statistique publicitaire.","og_url":"https:\/\/ks-cs.ch\/fr\/la-liberte-de-communiquer-ne-va-pas-de-soi\/","og_site_name":"KS\/CS Communication Suisse","article_published_time":"2022-05-12T06:40:56+00:00","article_modified_time":"2022-10-26T09:01:38+00:00","og_image":[{"width":1200,"height":920,"url":"https:\/\/ks-cs.ch\/wp-content\/uploads\/2022\/11\/Logo.jpeg","type":"image\/jpeg"}],"author":"chris","twitter_card":"summary_large_image","twitter_misc":{"\u00c9crit par":"chris","Dur\u00e9e de lecture estim\u00e9e":"2 minutes"},"schema":{"@context":"https:\/\/schema.org","@graph":[{"@type":"Article","@id":"https:\/\/ks-cs.ch\/fr\/la-liberte-de-communiquer-ne-va-pas-de-soi\/#article","isPartOf":{"@id":"https:\/\/ks-cs.ch\/fr\/la-liberte-de-communiquer-ne-va-pas-de-soi\/"},"author":{"name":"chris","@id":"https:\/\/ks-cs.ch\/fr\/#\/schema\/person\/c514c44eb5ae1cd2ea32d7f64ec9d495"},"headline":"\u00ab\u00a0La libert\u00e9 de communiquer ne va pas de soi !\u00a0\u00bb","datePublished":"2022-05-12T06:40:56+00:00","dateModified":"2022-10-26T09:01:38+00:00","mainEntityOfPage":{"@id":"https:\/\/ks-cs.ch\/fr\/la-liberte-de-communiquer-ne-va-pas-de-soi\/"},"wordCount":436,"publisher":{"@id":"https:\/\/ks-cs.ch\/fr\/#organization"},"articleSection":["Communiqu\u00e9 de presse"],"inLanguage":"fr-FR"},{"@type":"WebPage","@id":"https:\/\/ks-cs.ch\/fr\/la-liberte-de-communiquer-ne-va-pas-de-soi\/","url":"https:\/\/ks-cs.ch\/fr\/la-liberte-de-communiquer-ne-va-pas-de-soi\/","name":"\"La libert\u00e9 de communiquer ne va pas de soi !\" - KS\/CS Communication Suisse","isPartOf":{"@id":"https:\/\/ks-cs.ch\/fr\/#website"},"datePublished":"2022-05-12T06:40:56+00:00","dateModified":"2022-10-26T09:01:38+00:00","breadcrumb":{"@id":"https:\/\/ks-cs.ch\/fr\/la-liberte-de-communiquer-ne-va-pas-de-soi\/#breadcrumb"},"inLanguage":"fr-FR","potentialAction":[{"@type":"ReadAction","target":["https:\/\/ks-cs.ch\/fr\/la-liberte-de-communiquer-ne-va-pas-de-soi\/"]}]},{"@type":"BreadcrumbList","@id":"https:\/\/ks-cs.ch\/fr\/la-liberte-de-communiquer-ne-va-pas-de-soi\/#breadcrumb","itemListElement":[{"@type":"ListItem","position":1,"name":"Home","item":"https:\/\/ks-cs.ch\/fr\/"},{"@type":"ListItem","position":2,"name":"\u00ab\u00a0La libert\u00e9 de communiquer ne va pas de soi !\u00a0\u00bb"}]},{"@type":"WebSite","@id":"https:\/\/ks-cs.ch\/fr\/#website","url":"https:\/\/ks-cs.ch\/fr\/","name":"KS\/CS Kommunikation Schweiz","description":"Association des communications commerciales","publisher":{"@id":"https:\/\/ks-cs.ch\/fr\/#organization"},"potentialAction":[{"@type":"SearchAction","target":{"@type":"EntryPoint","urlTemplate":"https:\/\/ks-cs.ch\/fr\/?s={search_term_string}"},"query-input":{"@type":"PropertyValueSpecification","valueRequired":true,"valueName":"search_term_string"}}],"inLanguage":"fr-FR"},{"@type":"Organization","@id":"https:\/\/ks-cs.ch\/fr\/#organization","name":"KS\/CS Kommunikation Schweiz","url":"https:\/\/ks-cs.ch\/fr\/","logo":{"@type":"ImageObject","inLanguage":"fr-FR","@id":"https:\/\/ks-cs.ch\/fr\/#\/schema\/logo\/image\/","url":"https:\/\/ks-cs.ch\/wp-content\/uploads\/2022\/12\/Logo-Social-Media-1.jpg","contentUrl":"https:\/\/ks-cs.ch\/wp-content\/uploads\/2022\/12\/Logo-Social-Media-1.jpg","width":709,"height":608,"caption":"KS\/CS Kommunikation Schweiz"},"image":{"@id":"https:\/\/ks-cs.ch\/fr\/#\/schema\/logo\/image\/"},"sameAs":["https:\/\/www.linkedin.com\/company\/kommunikation-schweiz-communication-suisse-comunicazione-svizzera-communication-switzerland\/"]},{"@type":"Person","@id":"https:\/\/ks-cs.ch\/fr\/#\/schema\/person\/c514c44eb5ae1cd2ea32d7f64ec9d495","name":"chris","image":{"@type":"ImageObject","inLanguage":"fr-FR","@id":"https:\/\/secure.gravatar.com\/avatar\/bfb50d1cba705ec7b06e8cc63542866addf3e2a90482863b15e0bf41565c439a?s=96&d=mm&r=g","url":"https:\/\/secure.gravatar.com\/avatar\/bfb50d1cba705ec7b06e8cc63542866addf3e2a90482863b15e0bf41565c439a?s=96&d=mm&r=g","contentUrl":"https:\/\/secure.gravatar.com\/avatar\/bfb50d1cba705ec7b06e8cc63542866addf3e2a90482863b15e0bf41565c439a?s=96&d=mm&r=g","caption":"chris"},"sameAs":["https:\/\/new.ks-cs.ch"]}]}},"publishpress_future_action":{"enabled":false,"date":"2026-05-04 16:15:26","action":"change-status","newStatus":"draft","terms":[],"taxonomy":"category","extraData":[]},"publishpress_future_workflow_manual_trigger":{"enabledWorkflows":[]},"_links":{"self":[{"href":"https:\/\/ks-cs.ch\/fr\/wp-json\/wp\/v2\/posts\/1045","targetHints":{"allow":["GET"]}}],"collection":[{"href":"https:\/\/ks-cs.ch\/fr\/wp-json\/wp\/v2\/posts"}],"about":[{"href":"https:\/\/ks-cs.ch\/fr\/wp-json\/wp\/v2\/types\/post"}],"author":[{"embeddable":true,"href":"https:\/\/ks-cs.ch\/fr\/wp-json\/wp\/v2\/users\/1"}],"replies":[{"embeddable":true,"href":"https:\/\/ks-cs.ch\/fr\/wp-json\/wp\/v2\/comments?post=1045"}],"version-history":[{"count":3,"href":"https:\/\/ks-cs.ch\/fr\/wp-json\/wp\/v2\/posts\/1045\/revisions"}],"predecessor-version":[{"id":2206,"href":"https:\/\/ks-cs.ch\/fr\/wp-json\/wp\/v2\/posts\/1045\/revisions\/2206"}],"wp:attachment":[{"href":"https:\/\/ks-cs.ch\/fr\/wp-json\/wp\/v2\/media?parent=1045"}],"wp:term":[{"taxonomy":"category","embeddable":true,"href":"https:\/\/ks-cs.ch\/fr\/wp-json\/wp\/v2\/categories?post=1045"},{"taxonomy":"post_tag","embeddable":true,"href":"https:\/\/ks-cs.ch\/fr\/wp-json\/wp\/v2\/tags?post=1045"}],"curies":[{"name":"wp","href":"https:\/\/api.w.org\/{rel}","templated":true}]}}